{"id":167707,"date":"2025-06-02T05:21:05","date_gmt":"2025-06-02T05:21:05","guid":{"rendered":"https:\/\/puntoapunto.com.ar\/?p=373531"},"modified":"2025-06-02T05:21:05","modified_gmt":"2025-06-02T05:21:05","slug":"la-economia-como-eje-del-poder-claves-para-entender-el-escenario-que-se-viene","status":"publish","type":"post","link":"http:\/\/cordobadirecto.com\/index.php\/2025\/06\/02\/la-economia-como-eje-del-poder-claves-para-entender-el-escenario-que-se-viene\/","title":{"rendered":"La econom\u00eda como eje del poder: claves para entender el escenario que se viene"},"content":{"rendered":"<p>&nbsp;<!-- \u00a1O bien no hay banners, estan desactivados o no estan programados para esta ubicaci\u00f3n! -->\n<\/p>\n<p>&nbsp;\n<\/p>\n<p>En una Argentina donde la econom\u00eda no solo condiciona la pol\u00edtica, sino que parece marcar su ritmo, dos especialistas \u2014el economista <strong>Diego Dequino<\/strong> y la analista de opini\u00f3n p\u00fablica <strong>Norma Berra<\/strong>\u2014 aportan luces complementarias sobre <strong>el presente y el futuro del gobierno de Javier Milei, la percepci\u00f3n social de la crisis y las tensiones entre lo estructural y lo coyuntural.<\/strong>\n<\/p>\n<p><strong>\u201cLa econom\u00eda es la que organiza la pol\u00edtica en la Argentina de hoy\u201d<\/strong>\n<\/p>\n<p><a href=\"https:\/\/x.com\/implacableecon1?lang=es\">Diego Dequino<\/a> sostiene que,<strong> desde mediados de 2023, la econom\u00eda se ha convertido en el principal determinante del comportamiento pol\u00edtico<\/strong>, tanto en el \u00e1mbito de las decisiones p\u00fablicas como en el privado. Para \u00e9l, el gobierno de Javier Milei representa un \u201cnuevo est\u00e1ndar fiscal\u201d a nivel nacional, con un ajuste que busca \u201cretirarle Estado\u201d a la econom\u00eda por el equivalente al 4% del PBI, reduciendo dr\u00e1sticamente el gasto p\u00fablico.<!-- \u00a1O bien no hay banners, estan desactivados o no estan programados para esta ubicaci\u00f3n! -->\n<\/p>\n<p><img decoding=\"async\" class=\"aligncenter size-full wp-image-373537\" src=\"http:\/\/cordobadirecto.com\/wp-content\/uploads\/2025\/06\/la-economia-como-eje-del-poder-claves-para-entender-el-escenario-que-se-viene.jpg\" alt width=\"2560\" height=\"1702\" srcset=\"http:\/\/cordobadirecto.com\/wp-content\/uploads\/2025\/06\/la-economia-como-eje-del-poder-claves-para-entender-el-escenario-que-se-viene.jpg 2560w, http:\/\/cordobadirecto.com\/wp-content\/uploads\/2025\/06\/la-economia-como-eje-del-poder-claves-para-entender-el-escenario-que-se-viene-6.jpg 300w, http:\/\/cordobadirecto.com\/wp-content\/uploads\/2025\/06\/la-economia-como-eje-del-poder-claves-para-entender-el-escenario-que-se-viene-7.jpg 1024w, http:\/\/cordobadirecto.com\/wp-content\/uploads\/2025\/06\/la-economia-como-eje-del-poder-claves-para-entender-el-escenario-que-se-viene-8.jpg 768w, http:\/\/cordobadirecto.com\/wp-content\/uploads\/2025\/06\/la-economia-como-eje-del-poder-claves-para-entender-el-escenario-que-se-viene-9.jpg 1536w, http:\/\/cordobadirecto.com\/wp-content\/uploads\/2025\/06\/la-economia-como-eje-del-poder-claves-para-entender-el-escenario-que-se-viene-10.jpg 2048w, http:\/\/cordobadirecto.com\/wp-content\/uploads\/2025\/06\/la-economia-como-eje-del-poder-claves-para-entender-el-escenario-que-se-viene-11.jpg 750w, http:\/\/cordobadirecto.com\/wp-content\/uploads\/2025\/06\/la-economia-como-eje-del-poder-claves-para-entender-el-escenario-que-se-viene-12.jpg 1140w\" sizes=\"(max-width: 2560px) 100vw, 2560px\" loading=\"lazy\"><\/p>\n<p>Seg\u00fan Dequino, el pa\u00eds viene de una ca\u00edda del PBI de m\u00e1s del 3% entre 2023 y 2024, lo que devolvi\u00f3 los niveles de actividad econ\u00f3mica a los de 2021. En ese mismo per\u00edodo, el consumo cay\u00f3 un 4% y la inversi\u00f3n un 17%, atenuado en parte por un aumento en el comercio exterior. La actividad habr\u00eda tocado su piso en mayo de 2024, tras 20 meses de contracci\u00f3n.\n<\/p>\n<p>\u201cLo que estamos viendo ahora no es crecimiento, es una recuperaci\u00f3n de lo perdido\u201d, afirma. Y advierte que esta mejora t\u00e9cnica podr\u00eda no sostenerse si no se estabilizan los <strong>precios relativos<\/strong> \u2014salarios, d\u00f3lar, tarifas y retenciones\u2014, que a\u00fan muestran desalineaciones importantes.\n<\/p>\n<p><strong>Salarios y mercado laboral: una herida abierta<\/strong>\n<\/p>\n<p>El deterioro <a href=\"https:\/\/puntoapunto.com.ar\/lo-que-buscan-los-argentinos-en-el-trabajo-salario-estabilidad-y-oportunidades\/\">salarial<\/a> es una de las principales preocupaciones del economista. Desde 2017, el poder adquisitivo ha mostrado una ca\u00edda constante: en relaci\u00f3n a ese a\u00f1o,<strong> los salarios formales perdieron un 20%,<\/strong> los del sector p\u00fablico entre 32% y 33%, y los informales cerca del 35%. \u201cLa serie salarial es horrible\u201d, sentencia Dequino.\n<\/p>\n<p><img loading=\"lazy\" decoding=\"async\" class=\"aligncenter size-full wp-image-373535\" src=\"http:\/\/cordobadirecto.com\/wp-content\/uploads\/2025\/06\/la-economia-como-eje-del-poder-claves-para-entender-el-escenario-que-se-viene-1.jpg\" alt width=\"2560\" height=\"1702\" srcset=\"http:\/\/cordobadirecto.com\/wp-content\/uploads\/2025\/06\/la-economia-como-eje-del-poder-claves-para-entender-el-escenario-que-se-viene-1.jpg 2560w, http:\/\/cordobadirecto.com\/wp-content\/uploads\/2025\/06\/la-economia-como-eje-del-poder-claves-para-entender-el-escenario-que-se-viene-13.jpg 300w, http:\/\/cordobadirecto.com\/wp-content\/uploads\/2025\/06\/la-economia-como-eje-del-poder-claves-para-entender-el-escenario-que-se-viene-14.jpg 1024w, http:\/\/cordobadirecto.com\/wp-content\/uploads\/2025\/06\/la-economia-como-eje-del-poder-claves-para-entender-el-escenario-que-se-viene-15.jpg 768w, http:\/\/cordobadirecto.com\/wp-content\/uploads\/2025\/06\/la-economia-como-eje-del-poder-claves-para-entender-el-escenario-que-se-viene-16.jpg 1536w, http:\/\/cordobadirecto.com\/wp-content\/uploads\/2025\/06\/la-economia-como-eje-del-poder-claves-para-entender-el-escenario-que-se-viene-17.jpg 2048w, http:\/\/cordobadirecto.com\/wp-content\/uploads\/2025\/06\/la-economia-como-eje-del-poder-claves-para-entender-el-escenario-que-se-viene-18.jpg 750w, http:\/\/cordobadirecto.com\/wp-content\/uploads\/2025\/06\/la-economia-como-eje-del-poder-claves-para-entender-el-escenario-que-se-viene-19.jpg 1140w\" sizes=\"auto, (max-width: 2560px) 100vw, 2560px\">\n<\/p>\n<p><a href=\"https:\/\/puntoapunto.com.ar\/milei-vs-el-periodismo-el-67-rechaza-los-ataques-a-la-prensa\/\">Milei<\/a> impuls\u00f3 una fuerte correcci\u00f3n: redujo un 20% los salarios p\u00fablicos y elimin\u00f3 45.000 puestos del Estado, lo que Dequino interpreta como una \u201cse\u00f1al fiscal potente\u201d. Aunque desde febrero se registra una recuperaci\u00f3n \u2014principalmente en el sector informal\u2014, la p\u00e9rdida acumulada es muy significativa y afecta la demanda interna.\n<\/p>\n<p>El economista tambi\u00e9n enfatiza el problema estructural de baja participaci\u00f3n laboral: con apenas el 48%, Argentina est\u00e1 entre 10 y 12 puntos por debajo de pa\u00edses comparables. Si las personas que hoy no buscan empleo activamente lo hicieran, la desocupaci\u00f3n real podr\u00eda rozar el 20%.\n<\/p>\n<p><img loading=\"lazy\" decoding=\"async\" class=\"aligncenter size-full wp-image-373533\" src=\"http:\/\/cordobadirecto.com\/wp-content\/uploads\/2025\/06\/la-economia-como-eje-del-poder-claves-para-entender-el-escenario-que-se-viene-2.jpg\" alt width=\"2560\" height=\"1702\" srcset=\"http:\/\/cordobadirecto.com\/wp-content\/uploads\/2025\/06\/la-economia-como-eje-del-poder-claves-para-entender-el-escenario-que-se-viene-2.jpg 2560w, http:\/\/cordobadirecto.com\/wp-content\/uploads\/2025\/06\/la-economia-como-eje-del-poder-claves-para-entender-el-escenario-que-se-viene-20.jpg 300w, http:\/\/cordobadirecto.com\/wp-content\/uploads\/2025\/06\/la-economia-como-eje-del-poder-claves-para-entender-el-escenario-que-se-viene-21.jpg 1024w, http:\/\/cordobadirecto.com\/wp-content\/uploads\/2025\/06\/la-economia-como-eje-del-poder-claves-para-entender-el-escenario-que-se-viene-22.jpg 768w, http:\/\/cordobadirecto.com\/wp-content\/uploads\/2025\/06\/la-economia-como-eje-del-poder-claves-para-entender-el-escenario-que-se-viene-23.jpg 1536w, http:\/\/cordobadirecto.com\/wp-content\/uploads\/2025\/06\/la-economia-como-eje-del-poder-claves-para-entender-el-escenario-que-se-viene-24.jpg 2048w, http:\/\/cordobadirecto.com\/wp-content\/uploads\/2025\/06\/la-economia-como-eje-del-poder-claves-para-entender-el-escenario-que-se-viene-25.jpg 750w, http:\/\/cordobadirecto.com\/wp-content\/uploads\/2025\/06\/la-economia-como-eje-del-poder-claves-para-entender-el-escenario-que-se-viene-26.jpg 1140w\" sizes=\"auto, (max-width: 2560px) 100vw, 2560px\">\n<\/p>\n<p><strong>Cr\u00e9dito privado: el gran logro del oficialismo<\/strong>\n<\/p>\n<p>Para Dequino, el \u201coutput m\u00e1s importante\u201d del gobierno de Milei es la reactivaci\u00f3n del cr\u00e9dito privado. Tras d\u00e9cadas de dominancia estatal sobre el financiamiento, en el \u00faltimo a\u00f1o la deuda privada creci\u00f3 fuertemente en t\u00e9rminos reales: hipotecas (+270%), pr\u00e9stamos personales (+200%), prendas (+100%) y adelantos (+72%). \u201cEstamos viendo un traspaso del cr\u00e9dito del sector p\u00fablico al privado. Eso no pasaba antes\u201d, afirma.\n<\/p>\n<p>Esta expansi\u00f3n del cr\u00e9dito estar\u00eda sentando las bases para un ciclo de crecimiento, siempre y cuando se mantenga la estabilidad monetaria y se resuelva la fragmentaci\u00f3n en los precios relativos.\n<\/p>\n<p><strong>\u201cEl mayor riesgo para Milei es la econom\u00eda sentida, no la narrada\u201d<\/strong>\n<\/p>\n<p>Desde el an\u00e1lisis de opini\u00f3n p\u00fablica, <a href=\"https:\/\/www.linkedin.com\/in\/norman-berra-017460b?originalSubdomain=ar\">Norma Berra<\/a> plantea un enfoque centrado en la percepci\u00f3n social. Seg\u00fan sus estudios \u2014que combinan encuestas nacionales, provinciales y digitales\u2014, si bien la aprobaci\u00f3n del gobierno mejor\u00f3 levemente (47%), la desaprobaci\u00f3n sigue siendo mayor (51%). La imagen de Milei muestra una polarizaci\u00f3n clara: 44% positiva y 53% negativa, con un diferencial negativo de 9 puntos.\n<\/p>\n<p><img loading=\"lazy\" decoding=\"async\" class=\"aligncenter size-full wp-image-373534\" src=\"http:\/\/cordobadirecto.com\/wp-content\/uploads\/2025\/06\/la-economia-como-eje-del-poder-claves-para-entender-el-escenario-que-se-viene-3.jpg\" alt width=\"2560\" height=\"1702\" srcset=\"http:\/\/cordobadirecto.com\/wp-content\/uploads\/2025\/06\/la-economia-como-eje-del-poder-claves-para-entender-el-escenario-que-se-viene-3.jpg 2560w, http:\/\/cordobadirecto.com\/wp-content\/uploads\/2025\/06\/la-economia-como-eje-del-poder-claves-para-entender-el-escenario-que-se-viene-27.jpg 300w, http:\/\/cordobadirecto.com\/wp-content\/uploads\/2025\/06\/la-economia-como-eje-del-poder-claves-para-entender-el-escenario-que-se-viene-28.jpg 1024w, http:\/\/cordobadirecto.com\/wp-content\/uploads\/2025\/06\/la-economia-como-eje-del-poder-claves-para-entender-el-escenario-que-se-viene-29.jpg 768w, http:\/\/cordobadirecto.com\/wp-content\/uploads\/2025\/06\/la-economia-como-eje-del-poder-claves-para-entender-el-escenario-que-se-viene-30.jpg 1536w, http:\/\/cordobadirecto.com\/wp-content\/uploads\/2025\/06\/la-economia-como-eje-del-poder-claves-para-entender-el-escenario-que-se-viene-31.jpg 2048w, http:\/\/cordobadirecto.com\/wp-content\/uploads\/2025\/06\/la-economia-como-eje-del-poder-claves-para-entender-el-escenario-que-se-viene-32.jpg 750w, http:\/\/cordobadirecto.com\/wp-content\/uploads\/2025\/06\/la-economia-como-eje-del-poder-claves-para-entender-el-escenario-que-se-viene-33.jpg 1140w\" sizes=\"auto, (max-width: 2560px) 100vw, 2560px\">\n<\/p>\n<p><strong>La polarizaci\u00f3n se profundiza<\/strong>\n<\/p>\n<p>Para Berra, el escenario pol\u00edtico argentino dej\u00f3 atr\u00e1s la l\u00f3gica de tercios de 2023 y se encamina a una <strong>polarizaci\u00f3n entre el oficialismo (La Libertad Avanza + PRO) y el peronismo unificado<\/strong>. Esta alianza oficialista potencial ronda el 40% de intenci\u00f3n de voto, mientras que el peronismo se mantiene en torno al 30%. Las terceras fuerzas, incluyendo el PRO como actor aut\u00f3nomo, parecen haber perdido relevancia.\n<\/p>\n<p><strong>La econom\u00eda como amenaza electoral<\/strong>\n<\/p>\n<p>Donde Berra ve el principal riesgo para el gobierno es en la <strong>desconexi\u00f3n entre el discurso oficial y la percepci\u00f3n cotidiana de la gente<\/strong>. Solo un 29% cree que la inflaci\u00f3n est\u00e1 bajando y lo nota en su bolsillo. En contraste, un 41% cree que no est\u00e1 bajando y un 26% opina que s\u00ed baja, pero no mejora su situaci\u00f3n.\n<\/p>\n<p>Esa percepci\u00f3n negativa podr\u00eda empujar al oficialismo hacia su piso del 30% \u2014el mismo nivel que alcanz\u00f3 Milei en las PASO y la primera vuelta\u2014 si la oposici\u00f3n logra mantenerse unida. \u201cEl n\u00facleo duro est\u00e1, pero con la econom\u00eda sentida deteriorada, el techo se aleja\u201d, alerta Berra.\n<\/p>\n<p><img loading=\"lazy\" decoding=\"async\" class=\"aligncenter size-full wp-image-373536\" src=\"http:\/\/cordobadirecto.com\/wp-content\/uploads\/2025\/06\/la-economia-como-eje-del-poder-claves-para-entender-el-escenario-que-se-viene-4.jpg\" alt width=\"2560\" height=\"1702\" srcset=\"http:\/\/cordobadirecto.com\/wp-content\/uploads\/2025\/06\/la-economia-como-eje-del-poder-claves-para-entender-el-escenario-que-se-viene-4.jpg 2560w, http:\/\/cordobadirecto.com\/wp-content\/uploads\/2025\/06\/la-economia-como-eje-del-poder-claves-para-entender-el-escenario-que-se-viene-34.jpg 300w, http:\/\/cordobadirecto.com\/wp-content\/uploads\/2025\/06\/la-economia-como-eje-del-poder-claves-para-entender-el-escenario-que-se-viene-35.jpg 1024w, http:\/\/cordobadirecto.com\/wp-content\/uploads\/2025\/06\/la-economia-como-eje-del-poder-claves-para-entender-el-escenario-que-se-viene-36.jpg 768w, http:\/\/cordobadirecto.com\/wp-content\/uploads\/2025\/06\/la-economia-como-eje-del-poder-claves-para-entender-el-escenario-que-se-viene-37.jpg 1536w, http:\/\/cordobadirecto.com\/wp-content\/uploads\/2025\/06\/la-economia-como-eje-del-poder-claves-para-entender-el-escenario-que-se-viene-38.jpg 2048w, http:\/\/cordobadirecto.com\/wp-content\/uploads\/2025\/06\/la-economia-como-eje-del-poder-claves-para-entender-el-escenario-que-se-viene-39.jpg 750w, http:\/\/cordobadirecto.com\/wp-content\/uploads\/2025\/06\/la-economia-como-eje-del-poder-claves-para-entender-el-escenario-que-se-viene-40.jpg 1140w\" sizes=\"auto, (max-width: 2560px) 100vw, 2560px\">\n<\/p>\n<p><strong>La inc\u00f3gnita del no voto y la fragmentaci\u00f3n opositora<\/strong>\n<\/p>\n<p>Otro elemento a observar, seg\u00fan Berra, es el no voto como forma de castigo electoral. Aunque no afecta la representaci\u00f3n formal (las bancas se ocupan igual), es un s\u00edntoma del malestar social. Tambi\u00e9n subraya que el futuro del peronismo depender\u00e1 de si puede evitar rupturas internas y mantener la unidad estrat\u00e9gica.\n<\/p>\n<p><strong>El destino pol\u00edtico en manos del bolsillo<\/strong>\n<\/p>\n<p>Las visiones de Diego Dequino y Norma Berra convergen en una idea crucial: <strong>la econom\u00eda no solo condiciona el presente, sino que definir\u00e1 el destino pol\u00edtico del oficialismo en 2025<\/strong>. Si la recuperaci\u00f3n econ\u00f3mica no se traduce en mejoras tangibles para la mayor\u00eda, el capital pol\u00edtico del gobierno podr\u00eda erosionarse r\u00e1pidamente.\n<\/p>\n<p>Milei, como primer \u201cpresidente economista\u201d de la historia argentina, enfrenta una doble prueba: sostener el ajuste sin dinamitar el respaldo social y transformar un rebote en un crecimiento sostenido. En un pa\u00eds donde \u201cafuera se vota una cosa, y adentro se gobierna otra\u201d, como sugiere Dequino al hablar de C\u00f3rdoba, esa coherencia ser\u00e1 clave.\n<\/p>\n<p>Y en \u00faltima instancia, como advierte Berra, ser\u00e1 el metro cuadrado de cada argentino \u2014el supermercado, el alquiler, el salario\u2014 el que termine escribiendo la pr\u00f3xima p\u00e1gina de la pol\u00edtica nacional.\n<\/p>\n<p><strong><em>El escenario del Net Sectorial sobre Real Estate que reuni\u00f3 a m\u00e1s de 40 empresarios del sector fue el <a href=\"https:\/\/lamonamuseobar.com\/\">Museo Bar de la Mona Jim\u00e9nez<\/a> y estuvo acompa\u00f1ado por <a href=\"https:\/\/indusplast.com\/section\/promociones\/nueva-lagune-piscina-living\">Lagune by Indusplast,<\/a> <a href=\"https:\/\/www.garin.com.ar\/\">Garin<\/a> y <a href=\"https:\/\/www.griguolseguridad.com.ar\/\">Akuvox Griguol.<\/a><\/em><\/strong>\n<\/p>\n<div class=\"g g-38\">\n<div class=\"g-dyn a-12 c-1\"><a class=\"gofollow\" data-track=\"MTIsMzgsMSw2MA==\" href=\"https:\/\/www.farmaciashpfarma.com.ar\/blog\/institucional\/beneficios-corporativos-en-campana-antigripal.html\" target=\"_blank\" rel=\"noopener\"><img src=\"http:\/\/cordobadirecto.com\/wp-content\/uploads\/2025\/06\/la-economia-como-eje-del-poder-claves-para-entender-el-escenario-que-se-viene-5.jpg\" loading=\"lazy\"><\/a><\/div>\n<\/div>\n","protected":false},"excerpt":{"rendered":"<p>&nbsp; &nbsp; En una Argentina donde la econom\u00eda no solo condiciona la pol\u00edtica, sino que parece marcar su ritmo, dos especialistas \u2014el economista Diego Dequino y la analista de opini\u00f3n p\u00fablica Norma Berra\u2014 aportan luces complementarias sobre el presente y el futuro del gobierno de Javier Milei, la percepci\u00f3n social de la crisis y las [&hellip;]<\/p>\n","protected":false},"author":1,"featured_media":167708,"comment_status":"closed","ping_status":"closed","sticky":false,"template":"","format":"standard","meta":[],"categories":[25],"tags":[],"_links":{"self":[{"href":"http:\/\/cordobadirecto.com\/index.php\/wp-json\/wp\/v2\/posts\/167707"}],"collection":[{"href":"http:\/\/cordobadirecto.com\/index.php\/wp-json\/wp\/v2\/posts"}],"about":[{"href":"http:\/\/cordobadirecto.com\/index.php\/wp-json\/wp\/v2\/types\/post"}],"author":[{"embeddable":true,"href":"http:\/\/cordobadirecto.com\/index.php\/wp-json\/wp\/v2\/users\/1"}],"replies":[{"embeddable":true,"href":"http:\/\/cordobadirecto.com\/index.php\/wp-json\/wp\/v2\/comments?post=167707"}],"version-history":[{"count":0,"href":"http:\/\/cordobadirecto.com\/index.php\/wp-json\/wp\/v2\/posts\/167707\/revisions"}],"wp:featuredmedia":[{"embeddable":true,"href":"http:\/\/cordobadirecto.com\/index.php\/wp-json\/wp\/v2\/media\/167708"}],"wp:attachment":[{"href":"http:\/\/cordobadirecto.com\/index.php\/wp-json\/wp\/v2\/media?parent=167707"}],"wp:term":[{"taxonomy":"category","embeddable":true,"href":"http:\/\/cordobadirecto.com\/index.php\/wp-json\/wp\/v2\/categories?post=167707"},{"taxonomy":"post_tag","embeddable":true,"href":"http:\/\/cordobadirecto.com\/index.php\/wp-json\/wp\/v2\/tags?post=167707"}],"curies":[{"name":"wp","href":"https:\/\/api.w.org\/{rel}","templated":true}]}}