{"id":167709,"date":"2025-06-02T03:21:11","date_gmt":"2025-06-02T03:21:11","guid":{"rendered":"http:\/\/cordobadirecto.com\/index.php\/2025\/06\/02\/en-el-cordobesismo-celebran-el-desembarco-de-mogetta-en-lla-cordoba-perfil\/"},"modified":"2025-06-02T03:21:11","modified_gmt":"2025-06-02T03:21:11","slug":"en-el-cordobesismo-celebran-el-desembarco-de-mogetta-en-lla-cordoba-perfil","status":"publish","type":"post","link":"http:\/\/cordobadirecto.com\/index.php\/2025\/06\/02\/en-el-cordobesismo-celebran-el-desembarco-de-mogetta-en-lla-cordoba-perfil\/","title":{"rendered":"En el cordobesismo celebran el desembarco de Mogetta en LLA <b>C\u00f3rdoba<\/b> &#8211; Perfil"},"content":{"rendered":"<p>En ese desayuno Mogetta se sent\u00f3 junto al ministro de <b>Econom\u00eda<\/b> y luego pos\u00f3 con &#39;Toto&#39;. Bornoroni estuvo en la misma mesa. La explicaci\u00f3n que&nbsp;&#8230; <\/p>\n","protected":false},"excerpt":{"rendered":"<p>En ese desayuno Mogetta se sent\u00f3 junto al ministro de Econom\u00eda y luego pos\u00f3 con &#39;Toto&#39;. Bornoroni estuvo en la misma mesa. La explicaci\u00f3n que&nbsp;&#8230;<\/p>\n","protected":false},"author":1,"featured_media":0,"comment_status":"closed","ping_status":"closed","sticky":false,"template":"","format":"standard","meta":[],"categories":[40],"tags":[],"_links":{"self":[{"href":"http:\/\/cordobadirecto.com\/index.php\/wp-json\/wp\/v2\/posts\/167709"}],"collection":[{"href":"http:\/\/cordobadirecto.com\/index.php\/wp-json\/wp\/v2\/posts"}],"about":[{"href":"http:\/\/cordobadirecto.com\/index.php\/wp-json\/wp\/v2\/types\/post"}],"author":[{"embeddable":true,"href":"http:\/\/cordobadirecto.com\/index.php\/wp-json\/wp\/v2\/users\/1"}],"replies":[{"embeddable":true,"href":"http:\/\/cordobadirecto.com\/index.php\/wp-json\/wp\/v2\/comments?post=167709"}],"version-history":[{"count":0,"href":"http:\/\/cordobadirecto.com\/index.php\/wp-json\/wp\/v2\/posts\/167709\/revisions"}],"wp:attachment":[{"href":"http:\/\/cordobadirecto.com\/index.php\/wp-json\/wp\/v2\/media?parent=167709"}],"wp:term":[{"taxonomy":"category","embeddable":true,"href":"http:\/\/cordobadirecto.com\/index.php\/wp-json\/wp\/v2\/categories?post=167709"},{"taxonomy":"post_tag","embeddable":true,"href":"http:\/\/cordobadirecto.com\/index.php\/wp-json\/wp\/v2\/tags?post=167709"}],"curies":[{"name":"wp","href":"https:\/\/api.w.org\/{rel}","templated":true}]}}