{"id":167890,"date":"2025-06-03T13:59:20","date_gmt":"2025-06-03T13:59:20","guid":{"rendered":"https:\/\/www.ole.com.ar\/autos\/franco-colapinto-video-alpine-gabriela-sabatini_0_0JGeK6zkUe.html"},"modified":"2025-06-03T13:59:20","modified_gmt":"2025-06-03T13:59:20","slug":"franco-colapinto-del-video-cool-que-le-dedico-alpine-al-tierno-mensaje-de-gabriela-sabatini","status":"publish","type":"post","link":"http:\/\/cordobadirecto.com\/index.php\/2025\/06\/03\/franco-colapinto-del-video-cool-que-le-dedico-alpine-al-tierno-mensaje-de-gabriela-sabatini\/","title":{"rendered":"Franco Colapinto: del video &#8220;cool&#8221; que le dedic\u00f3 Alpine al tierno mensaje de Gabriela Sabatini"},"content":{"rendered":"<p><span class=\"createDate\">03\/06\/2025 10:59hs.<\/span><time class=\"modificatedDate\" datetime=\"2025-06-03T11:03:28-03:00\"> Actualizado al 03\/06\/2025 11:03hs.<\/time><\/p>\n<div id=\"storyBody\">\n<div class=\"custom-text \" readability=\"34.841558441558\">\n<p>Despu\u00e9s de una complicada producci\u00f3n en el <strong>Gran Premio de Espa\u00f1a de la <a href=\"https:\/\/www.ole.com.ar\/tema\/formula-1.html\" title=\"F\u00f3rmula 1\" alt=\"F\u00f3rmula 1\" class=\"slug\">F\u00f3rmula 1<\/a>,<\/strong> donde el<strong> 15\u00ba puesto en carrera<\/strong> le dej\u00f3 sabor a poco a <strong><a href=\"https:\/\/www.ole.com.ar\/tema\/franco-colapinto.html\" title=\"Franco Colapinto\" alt=\"Franco Colapinto\" class=\"slug\">Franco Colapinto<\/a><\/strong>, quien ya hab\u00eda penado con su <strong><a href=\"https:\/\/www.ole.com.ar\/tema\/alpine.html\" title=\"Alpine\" alt=\"Alpine\" class=\"slug\">Alpine <\/a><\/strong>durante la clasificaci\u00f3n por un problema en la transmisi\u00f3n que no lo dej\u00f3 seguir, la escuadra francesa hizo borr\u00f3n y cuenta nueva y <strong>le dedic\u00f3 un atractivo video en sus redes sociales. <\/strong><\/p>\n<\/div>\n<div class=\"custom-text \" readability=\"38\">\n<p><strong>&#8220;Cool car, @FranColapinto <\/strong>\ud83d\ude0e<strong>&#8220;,<\/strong> escribi\u00f3 Alpine junto a las im\u00e1genes que tienen al argentino y a su casco como protagonistas. Y todo, grabado con una espectacular vista de la YCM Marina de M\u00f3naco. Una perlita m\u00e1s del piloto pilarense, que siempre suele arrasar en redes.<\/p>\n<\/div>\n<div class=\"sc-734b4696-1 kFfZtB\" readability=\"7\">\n<div class=\"sc-d00d9e74-0 hnHYbk\" type=\"embed\">\n<div class=\"sc-d00d9e74-1 iKVbz videoText\" id=\"contentTitleembedZauYikxR\" type=\"embed\"><svg fill=\"#ffffff\"><symbol id=\"play\" viewBox=\"0 0 512 512\"><path d=\"M512 256C512 397.4 397.4 512 256 512C114.6 512 0 397.4 0 256C0 114.6 114.6 0 256 0C397.4 0 512 114.6 512 256zM176 168V344C176 352.7 180.7 360.7 188.3 364.9C195.8 369.2 205.1 369 212.5 364.5L356.5 276.5C363.6 272.1 368 264.4 368 256C368 247.6 363.6 239.9 356.5 235.5L212.5 147.5C205.1 142.1 195.8 142.8 188.3 147.1C180.7 151.3 176 159.3 176 168V168z\" \/><\/symbol><use xlink:href=\"#play\" \/><\/svg><\/p>\n<div class=\"right\">\n<p>Franco Colapinto<!-- --> &#8211; <span>&nbsp;<\/span><\/p>\n<h2 class=\"title-vid\">El espectacular video que Alpine le dedic\u00f3 a Colapinto<\/h2>\n<\/div>\n<\/div>\n<p><span class=\"back\" id=\"spanBackembedZauYikxR\"><\/span><\/div>\n<div class=\"JWvideoNota_title\" readability=\"9\">\n<p>&#8220;Cool car&#8221;, anunci\u00f3 la escuadra francesa, en las im\u00e1genes que tienen a Franco como protagonista. <\/p>\n<\/div>\n<\/div>\n<p><h2><strong>El encuentro de Colapinto con Gabriela Sabatini y el posteo de la hist\u00f3rica tenista en redes<\/strong><\/h2>\n<\/p>\n<div class=\"custom-text \" readability=\"38.040345821326\">\n<p>Entre las numerosas celebridades que dijeron presente en el Gran Premio de Espa\u00f1a, Argentina tuvo una embajadora de lujo: <strong><a href=\"https:\/\/www.ole.com.ar\/tema\/gabriela-sabatini.html\" title=\"Gabriela Sabatini\" alt=\"Gabriela Sabatini\" class=\"slug\">Gabriela Sabatini<\/a><\/strong>. La hist\u00f3rica ex tenista, campeona del US Open 1990, aprovech\u00f3 su estad\u00eda en Barcelona para encontrarse con Franco Colapinto y, con<strong> la humildad que la caracteriza, as\u00ed lo reflej\u00f3 en sus redes sociales.<\/strong><\/p>\n<\/div>\n<div class=\"custom-text \" readability=\"37\">\n<p><strong>&#8220;Que gran placer conocerte, enorme orgullo y emoci\u00f3n verte en la pista. Todo lo mejor en este camino por recorrer \ud83d\ude4c\u2764\ufe0f\ud83c\udde6\ud83c\uddf7 @FranColapinto. <\/strong>Gracias @RenaultArg por este encuentro tan especial&#8221;, escribi\u00f3 la siempre gigante Gaby, en un posteo que cosech\u00f3 miles de likes y comentarios.<\/p>\n<\/div>\n<div class=\"custom-text \" readability=\"35\">\n<p>Sabatini ya hab\u00eda visitado a Franco en su box durante el fin de semana en Montmel\u00f3 y, el encuentro de las dos figuras argentinas fue compartido hasta por la cuenta oficial de la F\u00f3rmula 1:<strong> &#8220;La leyenda del tenis pas\u00f3 a desearle buena suerte a Franco antes del GP de Espa\u00f1a\u201d. <\/strong><\/p>\n<\/div>\n<div class=\"sc-e7b891c4-0 ifHnQL image-embed\"><img alt=\"Las fotos que comparti\u00f3 Gaby Sabatini de su encuentro con Colapinto.\" loading=\"lazy\" width=\"720\" height=\"100\" decoding=\"async\" data-nimg=\"1\" src=\"http:\/\/cordobadirecto.com\/wp-content\/uploads\/2025\/06\/franco-colapinto-del-video-cool-que-le-dedico-alpine-al-tierno-mensaje-de-gabriela-sabatini.jpg\"><span class=\"epigraphe\">Las fotos que comparti\u00f3 Gaby Sabatini de su encuentro con Colapinto.<\/span><\/div>\n<div class=\"sc-e7b891c4-0 ifHnQL image-embed\"><img alt=\"Las fotos que comparti\u00f3 Gaby Sabatini de su encuentro con Colapinto.\" loading=\"lazy\" width=\"720\" height=\"100\" decoding=\"async\" data-nimg=\"1\" src=\"http:\/\/cordobadirecto.com\/wp-content\/uploads\/2025\/06\/franco-colapinto-del-video-cool-que-le-dedico-alpine-al-tierno-mensaje-de-gabriela-sabatini-1.jpg\"><span class=\"epigraphe\">Las fotos que comparti\u00f3 Gaby Sabatini de su encuentro con Colapinto.<\/span><\/div>\n<p><h2><strong>\u00bfCu\u00e1ndo vuelve a correr Franco Colapinto y cu\u00e1l es el pr\u00f3ximo GP de la F1?<\/strong><\/h2>\n<\/p>\n<div class=\"custom-text \" readability=\"40\">\n<p>Luego del Gran Premio de Espa\u00f1a, el Campeonato Mundial de la F\u00f3rmula 1 entrar\u00e1 en una breve pausa. Ser\u00e1n dos semanas sin actividad antes de retomar la temporada 2025, cuando se corra el Gran Premio de Canad\u00e1, d\u00e9cima fecha del calendario, en el tradicional circuito Gilles-Villeneuve. A continuaci\u00f3n, el cronograma completo y los horarios para seguir toda la acci\u00f3n desde Argentina.<\/p>\n<\/div>\n<p><h3>Horarios del Gran Premio de Canad\u00e1 2025 de la F1<\/h3>\n<\/p>\n<div class=\"custom-text \">\n<ul>\n<li><strong>Viernes 13 de junio<\/strong><\/li>\n<\/ul>\n<\/div>\n<div class=\"custom-text \" readability=\"32\">\n<p>Pr\u00e1ctica libre 1: 14:30 a 15:30<\/p>\n<\/div>\n<div class=\"custom-text \" readability=\"32\">\n<p>Pr\u00e1ctica libre 2: 18:00 a 19:00<\/p>\n<\/div>\n<div class=\"custom-text \">\n<ul>\n<li><strong>S\u00e1bado 14 de junio<\/strong><\/li>\n<\/ul>\n<\/div>\n<div class=\"custom-text \" readability=\"32\">\n<p>Pr\u00e1ctica libre 3: 13:30 a 14:30<\/p>\n<\/div>\n<div class=\"custom-text \" readability=\"32\">\n<p>Clasificaci\u00f3n: 17:00 a 18:00<\/p>\n<\/div>\n<div class=\"custom-text \">\n<ul>\n<li><strong>Domingo 15 de junio<\/strong><\/li>\n<\/ul>\n<\/div>\n<div class=\"custom-text \">\n<p>Carrera: 15:00<\/p>\n<\/div>\n<div class=\"sc-a7166897-0 eoLsBE\" readability=\"7\">\n<section readability=\"4\"><picture><img alt=\"Qu\u00e9 dijo Pierre Gasly, compa\u00f1ero de Colapinto en Alpine, tras el GP de Barcelona\" loading=\"lazy\" width=\"290\" height=\"290\" decoding=\"async\" data-nimg=\"1\" src=\"http:\/\/cordobadirecto.com\/wp-content\/uploads\/2025\/06\/franco-colapinto-del-video-cool-que-le-dedico-alpine-al-tierno-mensaje-de-gabriela-sabatini-2.jpg\"><\/picture>\n<p><span>Mir\u00e1 tambi\u00e9n<\/span><\/p>\n<hr>\n<h3>Qu\u00e9 dijo Pierre Gasly, compa\u00f1ero de Colapinto en Alpine, tras el GP de Barcelona<\/h3>\n<\/p>\n<\/section>\n<\/div>\n<div class=\"sc-a7166897-0 eoLsBE\" readability=\"6\">\n<section readability=\"2\"><picture><img alt=\"Qu\u00e9 dijo Franco Colapinto tras un GP de Espa\u00f1a complicado para Alpine\" loading=\"lazy\" width=\"290\" height=\"290\" decoding=\"async\" data-nimg=\"1\" src=\"http:\/\/cordobadirecto.com\/wp-content\/uploads\/2025\/06\/franco-colapinto-del-video-cool-que-le-dedico-alpine-al-tierno-mensaje-de-gabriela-sabatini-3.jpg\"><\/picture>\n<p><span>Mir\u00e1 tambi\u00e9n<\/span><\/p>\n<hr>\n<h3>Qu\u00e9 dijo Franco Colapinto tras un GP de Espa\u00f1a complicado para Alpine<\/h3>\n<\/p>\n<\/section>\n<\/div>\n<div class=\"sc-a7166897-0 eoLsBE\" readability=\"6.5\">\n<section readability=\"3\"><picture><img alt=\"Briatore y el ejemplo que utiliz\u00f3 para explicar por qu\u00e9 eligi\u00f3 a Colapinto para reemplazar a Doohan\" loading=\"lazy\" width=\"290\" height=\"290\" decoding=\"async\" data-nimg=\"1\" src=\"http:\/\/cordobadirecto.com\/wp-content\/uploads\/2025\/06\/franco-colapinto-del-video-cool-que-le-dedico-alpine-al-tierno-mensaje-de-gabriela-sabatini-4.jpg\"><\/picture>\n<p><span>Mir\u00e1 tambi\u00e9n<\/span><\/p>\n<hr>\n<h3>Briatore y el ejemplo que utiliz\u00f3 para explicar por qu\u00e9 eligi\u00f3 a Colapinto para reemplazar a Doohan<\/h3>\n<\/p>\n<\/section>\n<\/div>\n<\/div>\n","protected":false},"excerpt":{"rendered":"<p>03\/06\/2025 10:59hs. Actualizado al 03\/06\/2025 11:03hs. Despu\u00e9s de una complicada producci\u00f3n en el Gran Premio de Espa\u00f1a de la F\u00f3rmula 1, donde el 15\u00ba puesto en carrera le dej\u00f3 sabor a poco a Franco Colapinto, quien ya hab\u00eda penado con su Alpine durante la clasificaci\u00f3n por un problema en la transmisi\u00f3n que no lo dej\u00f3 [&hellip;]<\/p>\n","protected":false},"author":1,"featured_media":167891,"comment_status":"closed","ping_status":"closed","sticky":false,"template":"","format":"standard","meta":[],"categories":[21],"tags":[],"_links":{"self":[{"href":"http:\/\/cordobadirecto.com\/index.php\/wp-json\/wp\/v2\/posts\/167890"}],"collection":[{"href":"http:\/\/cordobadirecto.com\/index.php\/wp-json\/wp\/v2\/posts"}],"about":[{"href":"http:\/\/cordobadirecto.com\/index.php\/wp-json\/wp\/v2\/types\/post"}],"author":[{"embeddable":true,"href":"http:\/\/cordobadirecto.com\/index.php\/wp-json\/wp\/v2\/users\/1"}],"replies":[{"embeddable":true,"href":"http:\/\/cordobadirecto.com\/index.php\/wp-json\/wp\/v2\/comments?post=167890"}],"version-history":[{"count":0,"href":"http:\/\/cordobadirecto.com\/index.php\/wp-json\/wp\/v2\/posts\/167890\/revisions"}],"wp:featuredmedia":[{"embeddable":true,"href":"http:\/\/cordobadirecto.com\/index.php\/wp-json\/wp\/v2\/media\/167891"}],"wp:attachment":[{"href":"http:\/\/cordobadirecto.com\/index.php\/wp-json\/wp\/v2\/media?parent=167890"}],"wp:term":[{"taxonomy":"category","embeddable":true,"href":"http:\/\/cordobadirecto.com\/index.php\/wp-json\/wp\/v2\/categories?post=167890"},{"taxonomy":"post_tag","embeddable":true,"href":"http:\/\/cordobadirecto.com\/index.php\/wp-json\/wp\/v2\/tags?post=167890"}],"curies":[{"name":"wp","href":"https:\/\/api.w.org\/{rel}","templated":true}]}}