{"id":167906,"date":"2025-06-04T12:25:18","date_gmt":"2025-06-04T12:25:18","guid":{"rendered":"https:\/\/cordoba.gob.ar\/?p=78377"},"modified":"2025-06-04T12:25:18","modified_gmt":"2025-06-04T12:25:18","slug":"el-dia-mundial-del-ambiente-se-celebra-con-ecocanjes-por-toda-la-ciudad-y-variadas-actividades-para-la-familia","status":"publish","type":"post","link":"http:\/\/cordobadirecto.com\/index.php\/2025\/06\/04\/el-dia-mundial-del-ambiente-se-celebra-con-ecocanjes-por-toda-la-ciudad-y-variadas-actividades-para-la-familia\/","title":{"rendered":"El D\u00eda Mundial del Ambiente se celebra con ecocanjes por toda la ciudad y variadas actividades para la familia"},"content":{"rendered":"<div><img src=\"http:\/\/cordobadirecto.com\/wp-content\/uploads\/2025\/06\/el-dia-mundial-del-ambiente-se-celebra-con-ecocanjes-por-toda-la-ciudad-y-variadas-actividades-para-la-familia.jpg\" class=\"ff-og-image-inserted\"><\/div>\n<ul>\n<li data-prosemirror-content-type=\"node\" data-prosemirror-node-name=\"paragraph\" data-prosemirror-node-block=\"true\"><strong>Se entregar\u00e1n \u00e1rboles nativos y productos elaborados con material de la econom\u00eda circular a cambio de la entrega de residuos secos reciclables<\/strong><\/li>\n<li data-prosemirror-content-type=\"node\" data-prosemirror-node-name=\"paragraph\" data-prosemirror-node-block=\"true\"><strong><strong>Habr\u00e1 ferias agroecol\u00f3gicas, charlas educativas, exhibici\u00f3n de productos circulares y un trekking urbano y cultural por la Costanera.<\/strong><\/strong><br \/>\n<hr>\n<\/li>\n<\/ul>\n<p data-prosemirror-content-type=\"node\" data-prosemirror-node-name=\"paragraph\" data-prosemirror-node-block=\"true\">El pr\u00f3ximo jueves 5 de junio, D\u00eda Mundial del Ambiente, la Municipalidad desplegar\u00e1 una serie de actividades entre las 15:00 y 18:00 por toda la ciudad. Este a\u00f1o el lema es reforzar la importancia de la evidencia cient\u00edfica en torno a los efectos de la contaminaci\u00f3n pl\u00e1stica: una invitaci\u00f3n a formar parte de la Econom\u00eda Circular.<\/p>\n<p data-prosemirror-content-type=\"node\" data-prosemirror-node-name=\"paragraph\" data-prosemirror-node-block=\"true\">Las empresas de recolecci\u00f3n de residuos junto al Municipio realizar\u00e1n una jornada de Ecocanje Circular y concientizaci\u00f3n ambiental en tres puntos simult\u00e1neos: en la plaza Rivadavia de Alta C\u00f3rdoba se ubicar\u00e1 el stand de URBACOR, en el Paseo Buen Pastor se encontrar\u00e1 el puesto de LAM; y el de la empresa LUSA estar\u00e1 ubicado en la Plaza 12 de Octubre en barrio Villa El Libertador.<\/p>\n<p data-prosemirror-content-type=\"node\" data-prosemirror-node-name=\"paragraph\" data-prosemirror-node-block=\"true\">Vecinos y vecinas de la ciudad podr\u00e1n acercar sus residuos reciclables limpios y secos (papel, metal, pl\u00e1stico) y a cambio se entregar\u00e1n \u00e1rboles nativos y plantas junto a una charla acerca de c\u00f3mo proceder a su plantaci\u00f3n y cuidado. Tambi\u00e9n se entregar\u00e1n juegos y productos elaborados con materiales de la econom\u00eda circular como macetas y llaveros; y tambi\u00e9n adornos naturales de troncos reciclados con plantines de romero.<\/p>\n<p data-prosemirror-content-type=\"node\" data-prosemirror-node-name=\"paragraph\" data-prosemirror-node-block=\"true\">En el Paseo del Buen Pastor se exhibir\u00e1 el trabajo de recuperaci\u00f3n de elementos reciclables que se realiza junto a la Cooperativa La Esperanza, que construye mochilas, cartucheras entre otros elementos; y habr\u00e1 fardos de demostraci\u00f3n de lo acopiado en los Centros Verdes y el Centro Verde de Telas.<\/p>\n<p data-prosemirror-content-type=\"node\" data-prosemirror-node-name=\"paragraph\" data-prosemirror-node-block=\"true\">En todos estos puntos habr\u00e1 conversaciones sobre la educaci\u00f3n ambiental, se brindar\u00e1 informaci\u00f3n sobre la oferta de formaci\u00f3n acad\u00e9mica de la Universidad Libre del Ambiente, sobre el Registro de Grandes Generadores, el Registro de Transportistas, Operadores y Centros de Revalorizaci\u00f3n de la Econom\u00eda Circular (ROTEC) y canales para recibir denuncias ambientales.<\/p>\n<p data-prosemirror-content-type=\"node\" data-prosemirror-node-name=\"paragraph\" data-prosemirror-node-block=\"true\">Los festejos por el d\u00eda del ambiente continuar\u00e1n el s\u00e1bado 7 con un trekking Urbano y Cultural que saldr\u00e1 desde la Isla de los Patos hasta el Parque Las Heras- Elisa. Desde las 15:30 horas se repasar\u00e1n datos hist\u00f3ricos de nuestra ciudad, as\u00ed como su patrimonio natural de flora y fauna. El recorrido finalizar\u00e1 con una clase bailable de ritmos. Inscripciones en el siguiente <a href=\"http:\/\/t.ly\/O_qEm\">enlace<\/a>.<\/p>\n<p data-prosemirror-content-type=\"node\" data-prosemirror-node-name=\"paragraph\" data-prosemirror-node-block=\"true\">La Semana del Ambiente tendr\u00e1 su cierre el domingo 8 en el Jard\u00edn Bot\u00e1nico. Desde las 14:30 horas habr\u00e1 una feria de emprendedores de la Econom\u00eda Circular y productores agroecol\u00f3gicos, con entrada libre y gratuita.<\/p>\n<p data-prosemirror-content-type=\"node\" data-prosemirror-node-name=\"paragraph\" data-prosemirror-node-block=\"true\">Las diferentes propuestas est\u00e1n organizadas por la Secretar\u00eda de Ambiente Sustentable y Econom\u00eda Circular, el ente BioC\u00f3rdoba y COyS. Participa la Subsecretar\u00eda de Turismo.<\/p>\n","protected":false},"excerpt":{"rendered":"<p>Se entregar\u00e1n \u00e1rboles nativos y productos elaborados con material de la econom\u00eda circular a cambio de la entrega de residuos secos reciclables Habr\u00e1 ferias agroecol\u00f3gicas, charlas educativas, exhibici\u00f3n de productos circulares y un trekking urbano y cultural por la Costanera. El pr\u00f3ximo jueves 5 de junio, D\u00eda Mundial del Ambiente, la Municipalidad desplegar\u00e1 una serie [&hellip;]<\/p>\n","protected":false},"author":1,"featured_media":167907,"comment_status":"closed","ping_status":"closed","sticky":false,"template":"","format":"standard","meta":[],"categories":[44],"tags":[],"_links":{"self":[{"href":"http:\/\/cordobadirecto.com\/index.php\/wp-json\/wp\/v2\/posts\/167906"}],"collection":[{"href":"http:\/\/cordobadirecto.com\/index.php\/wp-json\/wp\/v2\/posts"}],"about":[{"href":"http:\/\/cordobadirecto.com\/index.php\/wp-json\/wp\/v2\/types\/post"}],"author":[{"embeddable":true,"href":"http:\/\/cordobadirecto.com\/index.php\/wp-json\/wp\/v2\/users\/1"}],"replies":[{"embeddable":true,"href":"http:\/\/cordobadirecto.com\/index.php\/wp-json\/wp\/v2\/comments?post=167906"}],"version-history":[{"count":0,"href":"http:\/\/cordobadirecto.com\/index.php\/wp-json\/wp\/v2\/posts\/167906\/revisions"}],"wp:featuredmedia":[{"embeddable":true,"href":"http:\/\/cordobadirecto.com\/index.php\/wp-json\/wp\/v2\/media\/167907"}],"wp:attachment":[{"href":"http:\/\/cordobadirecto.com\/index.php\/wp-json\/wp\/v2\/media?parent=167906"}],"wp:term":[{"taxonomy":"category","embeddable":true,"href":"http:\/\/cordobadirecto.com\/index.php\/wp-json\/wp\/v2\/categories?post=167906"},{"taxonomy":"post_tag","embeddable":true,"href":"http:\/\/cordobadirecto.com\/index.php\/wp-json\/wp\/v2\/tags?post=167906"}],"curies":[{"name":"wp","href":"https:\/\/api.w.org\/{rel}","templated":true}]}}