{"id":167978,"date":"2025-06-01T18:06:00","date_gmt":"2025-06-01T18:06:00","guid":{"rendered":"https:\/\/www.ole.com.ar\/autos\/polemica-mariano-werner-julian-santero-tc-alta-gracia-carrera-millones_0_erMjQJ5NeF.html"},"modified":"2025-06-01T18:06:00","modified_gmt":"2025-06-01T18:06:00","slug":"con-polemica-mariano-werner-gano-la-final-del-tc-en-alta-gracia","status":"publish","type":"post","link":"http:\/\/cordobadirecto.com\/index.php\/2025\/06\/01\/con-polemica-mariano-werner-gano-la-final-del-tc-en-alta-gracia\/","title":{"rendered":"Con pol\u00e9mica, Mariano Werner gan\u00f3 la final del TC en Alta Gracia"},"content":{"rendered":"<p><span class=\"createDate\">01\/06\/2025 15:06hs.<\/span><time class=\"modificatedDate\" datetime=\"2025-06-01T15:21:32-03:00\"> Actualizado al 01\/06\/2025 15:21hs.<\/time><\/p>\n<div id=\"storyBody\">\n<div class=\"custom-text \" readability=\"41.958083832335\">\n<p><strong>La final del <a href=\"https:\/\/www.ole.com.ar\/tema\/turismo-carretera.html\" title=\"Turismo Carretera\" alt=\"Turismo Carretera\" class=\"slug\">TC<\/a> en Alta Gracia<\/strong> quedar\u00e1 marcada por muchas cosas. Por un lado, por haber sido la Carrera de los Millones, en la que el vencedor se llev\u00f3 10 palos, y por otro, por qui\u00e9n fue el ganador, nada menos que <strong><a href=\"https:\/\/www.ole.com.ar\/tema\/mariano-werner.html\" title=\"Mariano Werner\" alt=\"Mariano Werner\" class=\"slug\">Mariano Werner<\/a><\/strong> (Ford), historia viva de la categor\u00eda (lleg\u00f3 a su 28\u00b0 triunfo y qued\u00f3 9\u00b0 en la tabla de todos los tiempos). De todos modos, puede que la principal raz\u00f3n por la que se la recordar\u00e1 es por <strong>la pol\u00e9mica que envolvi\u00f3 al Zorro de Paran\u00e1 con <a href=\"https:\/\/www.ole.com.ar\/tema\/julian-santero.html\" title=\"Juli\u00e1n Santero\" alt=\"Juli\u00e1n Santero\" class=\"slug\">Juli\u00e1n Santero<\/a><\/strong> (Ford), quien lo adelant\u00f3 en la primera vuelta y fue forzado a devolver la posici\u00f3n. Con dudas en el aire, la calentura persisti\u00f3 hasta pasada la entrega de los trofeos&#8230;<\/p>\n<\/div>\n<div class=\"custom-text \" readability=\"44\">\n<p>Camino a la curva 1, el Mustang rojiblanco ten\u00eda la cuerda y el negro transitaba por el exterior. Entonces, el mendocino hizo una tijera, qued\u00f3 del lado de adentro y le gan\u00f3 la posici\u00f3n al puntero con un aplauso de por medio. <strong>Un pontonazo que, para muchos amantes del chapa-chapa, estuvo dentro de los l\u00edmites legales<\/strong>. El comisariato deportivo no lo vio de esa manera y, aunque Santero no quiso saber nada, se vio obligado a abrirle paso a Werner. Con el diario del lunes, viendo que jam\u00e1s pudo acercarse, <strong>una maniobra que lo defini\u00f3 todo.<\/strong><\/p>\n<\/div>\n<div class=\"sc-734b4696-1 kFfZtB\">\n<div class=\"sc-d00d9e74-0 hnHYbk\" type=\"embed\">\n<div class=\"sc-d00d9e74-1 iKVbz videoText\" id=\"contentTitleembeddvhVDZk0\" type=\"embed\"><svg fill=\"#ffffff\"><symbol id=\"play\" viewBox=\"0 0 512 512\"><path d=\"M512 256C512 397.4 397.4 512 256 512C114.6 512 0 397.4 0 256C0 114.6 114.6 0 256 0C397.4 0 512 114.6 512 256zM176 168V344C176 352.7 180.7 360.7 188.3 364.9C195.8 369.2 205.1 369 212.5 364.5L356.5 276.5C363.6 272.1 368 264.4 368 256C368 247.6 363.6 239.9 356.5 235.5L212.5 147.5C205.1 142.1 195.8 142.8 188.3 147.1C180.7 151.3 176 159.3 176 168V168z\" \/><\/symbol><use xlink:href=\"#play\" \/><\/svg><\/p>\n<div class=\"right\">\n<p>Turismo Carretera<!-- --> &#8211; <span>&nbsp;<\/span><\/p>\n<h2 class=\"title-vid\">As\u00ed fue la maniobra de la pol\u00e9mica entre Santero y Werner<\/h2>\n<\/div>\n<\/div>\n<p><span class=\"back\" id=\"spanBackembeddvhVDZk0\"><\/span><\/div>\n<div class=\"JWvideoNota_title\">\n<p>Cr\u00e9dito: TV P\u00fablica<\/p>\n<\/div>\n<\/div>\n<div class=\"custom-text \" readability=\"41\">\n<p>&#8220;(Al comienzo) me super\u00f3 bien Juli\u00e1n. Lo llev\u00e9 hasta el borde de la l\u00ednea, permiti\u00e9ndole un lugar, y cuando est\u00e1bamos llegando a la curva 2 se abri\u00f3 rotundamente. Ese golpe lateral&#8230; <strong>No pude doblar porque \u00e9l directamente no me dio chance, me golpe\u00f3 lateralmente<\/strong>&#8220;, explic\u00f3 Werner. \u00bfQu\u00e9 respondi\u00f3 su escolta? Absolutamente nada, ya que no quiso dar declaraciones en caliente. Igual, no hicieron falta palabras para conocer su estado de \u00e1nimo&#8230;<\/p>\n<\/div>\n<div class=\"custom-text \" readability=\"43\">\n<p><strong>Apenas se bajaron de los autos, Santero se dirigi\u00f3 a la casilla de los comisarios<\/strong>. Al rato, cuando Marianito y Hern\u00e1n Palazzo -complet\u00f3 el podio- bajaron de vueltas en la sala de descanso, se ausent\u00f3. <strong>En el podio, ni una sonrisa<\/strong>. Y mientras sus colegas segu\u00edan saludando a los hinchas, parti\u00f3 nuevamente a hablar con los jueces. Furia entendible para un Juli\u00e1n que se ve\u00eda con chances de ganar y sacarse de encima esa obligaci\u00f3n (para salir campe\u00f3n, y en su caso repetir la corona de 2024, debe triunfar en al menos una final). <strong>No obstante, no todo est\u00e1 tan mal.<\/strong><\/p>\n<\/div>\n<div class=\"sc-e7b891c4-0 ifHnQL image-embed\"><img alt=\"Mariano Werner le gan\u00f3 con pol\u00e9mica a Santero. (Prensa ACTC)\" loading=\"lazy\" width=\"720\" height=\"100\" decoding=\"async\" data-nimg=\"1\" src=\"http:\/\/cordobadirecto.com\/wp-content\/uploads\/2025\/06\/con-polemica-mariano-werner-gano-la-final-del-tc-en-alta-gracia.jpg\"><span class=\"epigraphe\">Mariano Werner le gan\u00f3 con pol\u00e9mica a Santero. (Prensa ACTC)<\/span><\/div>\n<p><h2>Juli\u00e1n Santero es el nuevo l\u00edder del campeonato de TC<\/h2>\n<\/p>\n<div class=\"custom-text \" readability=\"42\">\n<p><strong>El Mendocino Volador, con dos podios esta temporada, es el nuevo l\u00edder del campeonato<\/strong>, con 171 puntos y una m\u00e1quina que est\u00e1 rindiendo a un gran nivel. Quien le cedi\u00f3 el lugar, pero ya festej\u00f3 en una final, es Mauricio Lambiris, con 161, y tercero marcha Marcelo Agrelo, con 140.<\/p>\n<\/div>\n<div class=\"sc-e7b891c4-0 ifHnQL image-embed\"><img alt=\"Santero lidera la general. Va en busca del bi. (Maxi Failla)\" loading=\"lazy\" width=\"720\" height=\"100\" decoding=\"async\" data-nimg=\"1\" src=\"http:\/\/cordobadirecto.com\/wp-content\/uploads\/2025\/06\/con-polemica-mariano-werner-gano-la-final-del-tc-en-alta-gracia-1.jpg\"><span class=\"epigraphe\">Santero lidera la general. Va en busca del bi. (Maxi Failla)<\/span><\/div>\n<div class=\"sc-a7166897-0 eoLsBE\" readability=\"6\">\n<section readability=\"2\"><picture><img alt=\"Qu\u00e9 dijo Franco Colapinto tras un GP de Espa\u00f1a complicado para Alpine\" loading=\"lazy\" width=\"290\" height=\"290\" decoding=\"async\" data-nimg=\"1\" src=\"http:\/\/cordobadirecto.com\/wp-content\/uploads\/2025\/06\/con-polemica-mariano-werner-gano-la-final-del-tc-en-alta-gracia-2.jpg\"><\/picture>\n<p><span>Mir\u00e1 tambi\u00e9n<\/span><\/p>\n<hr>\n<h3>Qu\u00e9 dijo Franco Colapinto tras un GP de Espa\u00f1a complicado para Alpine<\/h3>\n<\/p>\n<\/section>\n<\/div>\n<div class=\"sc-a7166897-0 eoLsBE\" readability=\"6.5\">\n<section readability=\"3\"><picture><img alt=\"Por qu\u00e9 fue un d\u00eda negro para Alpine pese al 8\u00b0 puesto de Gasly y el 15\u00b0 de Colapinto\" loading=\"lazy\" width=\"290\" height=\"290\" decoding=\"async\" data-nimg=\"1\" src=\"http:\/\/cordobadirecto.com\/wp-content\/uploads\/2025\/06\/con-polemica-mariano-werner-gano-la-final-del-tc-en-alta-gracia-3.jpg\"><\/picture>\n<p><span>Mir\u00e1 tambi\u00e9n<\/span><\/p>\n<hr>\n<h3>Por qu\u00e9 fue un d\u00eda negro para Alpine pese al 8\u00b0 puesto de Gasly y el 15\u00b0 de Colapinto<\/h3>\n<\/p>\n<\/section>\n<\/div>\n<div class=\"sc-a7166897-0 eoLsBE\" readability=\"6\">\n<section readability=\"2\"><picture><img alt=\"El bochornoso final de Max Verstappen en el Gran Premio de Barcelona\" loading=\"lazy\" width=\"290\" height=\"290\" decoding=\"async\" data-nimg=\"1\" src=\"http:\/\/cordobadirecto.com\/wp-content\/uploads\/2025\/06\/con-polemica-mariano-werner-gano-la-final-del-tc-en-alta-gracia-4.jpg\"><\/picture>\n<p><span>Mir\u00e1 tambi\u00e9n<\/span><\/p>\n<hr>\n<h3>El bochornoso final de Max Verstappen en el Gran Premio de Barcelona<\/h3>\n<\/p>\n<\/section>\n<\/div>\n<div class=\"sc-a7166897-0 eoLsBE\" readability=\"6\">\n<section readability=\"2\"><picture><img alt=\"Video: las maniobras de Franco Colapinto en la largada del GP de Espa\u00f1a\" loading=\"lazy\" width=\"290\" height=\"290\" decoding=\"async\" data-nimg=\"1\" src=\"http:\/\/cordobadirecto.com\/wp-content\/uploads\/2025\/06\/con-polemica-mariano-werner-gano-la-final-del-tc-en-alta-gracia-5.jpg\"><\/picture>\n<p><span>Mir\u00e1 tambi\u00e9n<\/span><\/p>\n<hr>\n<h3>Video: las maniobras de Franco Colapinto en la largada del GP de Espa\u00f1a<\/h3>\n<\/p>\n<\/section>\n<\/div>\n<div class=\"sc-a7166897-0 eoLsBE\" readability=\"6.5\">\n<section readability=\"3\"><picture><img alt=\"En un d\u00eda olvidable para Alpine, Franco Colapinto termin\u00f3 15\u00b0 el GP de Barcelona\" loading=\"lazy\" width=\"290\" height=\"290\" decoding=\"async\" data-nimg=\"1\" src=\"http:\/\/cordobadirecto.com\/wp-content\/uploads\/2025\/06\/con-polemica-mariano-werner-gano-la-final-del-tc-en-alta-gracia-6.jpg\"><\/picture>\n<p><span>Mir\u00e1 tambi\u00e9n<\/span><\/p>\n<hr>\n<h3>En un d\u00eda olvidable para Alpine, Franco Colapinto termin\u00f3 15\u00b0 el GP de Barcelona<\/h3>\n<\/p>\n<\/section>\n<\/div>\n<\/div>\n","protected":false},"excerpt":{"rendered":"<p>01\/06\/2025 15:06hs. Actualizado al 01\/06\/2025 15:21hs. La final del TC en Alta Gracia quedar\u00e1 marcada por muchas cosas. Por un lado, por haber sido la Carrera de los Millones, en la que el vencedor se llev\u00f3 10 palos, y por otro, por qui\u00e9n fue el ganador, nada menos que Mariano Werner (Ford), historia viva de [&hellip;]<\/p>\n","protected":false},"author":1,"featured_media":167979,"comment_status":"closed","ping_status":"closed","sticky":false,"template":"","format":"standard","meta":[],"categories":[21],"tags":[],"_links":{"self":[{"href":"http:\/\/cordobadirecto.com\/index.php\/wp-json\/wp\/v2\/posts\/167978"}],"collection":[{"href":"http:\/\/cordobadirecto.com\/index.php\/wp-json\/wp\/v2\/posts"}],"about":[{"href":"http:\/\/cordobadirecto.com\/index.php\/wp-json\/wp\/v2\/types\/post"}],"author":[{"embeddable":true,"href":"http:\/\/cordobadirecto.com\/index.php\/wp-json\/wp\/v2\/users\/1"}],"replies":[{"embeddable":true,"href":"http:\/\/cordobadirecto.com\/index.php\/wp-json\/wp\/v2\/comments?post=167978"}],"version-history":[{"count":0,"href":"http:\/\/cordobadirecto.com\/index.php\/wp-json\/wp\/v2\/posts\/167978\/revisions"}],"wp:featuredmedia":[{"embeddable":true,"href":"http:\/\/cordobadirecto.com\/index.php\/wp-json\/wp\/v2\/media\/167979"}],"wp:attachment":[{"href":"http:\/\/cordobadirecto.com\/index.php\/wp-json\/wp\/v2\/media?parent=167978"}],"wp:term":[{"taxonomy":"category","embeddable":true,"href":"http:\/\/cordobadirecto.com\/index.php\/wp-json\/wp\/v2\/categories?post=167978"},{"taxonomy":"post_tag","embeddable":true,"href":"http:\/\/cordobadirecto.com\/index.php\/wp-json\/wp\/v2\/tags?post=167978"}],"curies":[{"name":"wp","href":"https:\/\/api.w.org\/{rel}","templated":true}]}}