{"id":167980,"date":"2025-06-01T16:53:19","date_gmt":"2025-06-01T16:53:19","guid":{"rendered":"https:\/\/www.ole.com.ar\/autos\/video-hinchada-argentina-franco-colapinto-gp-espana-barcelona-formula-1_0_tXba61ry4o.html"},"modified":"2025-06-01T16:53:19","modified_gmt":"2025-06-01T16:53:19","slug":"video-la-hinchada-argentina-banco-a-franco-colapinto-tras-la-carrera-en-barcelona","status":"publish","type":"post","link":"http:\/\/cordobadirecto.com\/index.php\/2025\/06\/01\/video-la-hinchada-argentina-banco-a-franco-colapinto-tras-la-carrera-en-barcelona\/","title":{"rendered":"Video: la hinchada argentina banc\u00f3 a Franco Colapinto tras la carrera en Barcelona"},"content":{"rendered":"<p><time class=\"createDate\" datetime=\"2025-06-01T13:53:19-03:00\">01\/06\/2025 13:53hs.<\/time><\/p>\n<div id=\"storyBody\">\n<div class=\"custom-text \" readability=\"36.730769230769\">\n<p>Barcelona tiene una conexi\u00f3n especial con los argentinos. Hace algunos a\u00f1os, el que la hac\u00eda vibrar era <a href=\"https:\/\/www.ole.com.ar\/tema\/lionel-messi.html\" title=\"Lionel Messi\" alt=\"Lionel Messi\" class=\"slug\">Lionel Messi<\/a>. En los tiempos que corren, no con una pelota sino con un auto que pisa los 350 kil\u00f3metros por hora, <strong>el que lo logr\u00f3 fue <a href=\"https:\/\/www.ole.com.ar\/tema\/franco-colapinto.html\" title=\"Franco Colapinto\" alt=\"Franco Colapinto\" class=\"slug\">Franco Colapinto<\/a><\/strong>. Tras haber sido 15\u00b0, un resultado que no estuvo mal dados los problemas que tuvo <a href=\"https:\/\/www.ole.com.ar\/tema\/alpine.html\" title=\"Alpine\" alt=\"Alpine\" class=\"slug\">Alpine<\/a> para girar a un buen ritmo, <strong>la hinchada le hizo sentir su cari\u00f1o<\/strong>.<\/p>\n<\/div>\n<div class=\"custom-text \" readability=\"41\">\n<p>Como sucedi\u00f3 en Imola, en el reestreno del bonaerense en la F\u00f3rmula 1, los argentinos coparon la recta principal del Circuit de Catalunya y se hicieron escuchar. <strong>&#8220;Soy argentino, es un sentimiento, no puedo parar&#8221;<\/strong>, fue el c\u00e1ntico que los uni\u00f3, acompa\u00f1ado por el flameo de las banderas albicelestes.<\/p>\n<\/div>\n<div class=\"sc-e7b891c4-0 ifHnQL image-embed\"><img alt=\"Colapinto firmando aut\u00f3grafos en el paddock de Barcelona.\" loading=\"lazy\" width=\"720\" height=\"100\" decoding=\"async\" data-nimg=\"1\" src=\"http:\/\/cordobadirecto.com\/wp-content\/uploads\/2025\/06\/video-la-hinchada-argentina-banco-a-franco-colapinto-tras-la-carrera-en-barcelona.jpg\"><span class=\"epigraphe\">Colapinto firmando aut\u00f3grafos en el paddock de Barcelona.<\/span><\/div>\n<div class=\"custom-text \" readability=\"40\">\n<p>El propio Colapinto hizo referencia a la locura argentina que se vio en Barcelona y, en general, en cada circuito al que va la M\u00e1xima. &#8220;En Alpine est\u00e1n muy impresionados, no lo pueden creer&#8230; <strong>No nos conoc\u00edan a los argentinos, ahora lo est\u00e1n empezando a hacer<\/strong>. Es un placer que haya tantos argentinos en Barcelona&#8221;, le dijo a ESPN antes de la carrera.<\/p>\n<\/div>\n<p><h2>El aliento de la hinchada argentina hacia Franco Colapinto en Barcelona<\/h2>\n<\/p>\n<div class=\"sc-734b4696-1 kFfZtB\">\n<div class=\"sc-d00d9e74-0 hnHYbk\" type=\"embed\">\n<div class=\"sc-d00d9e74-1 iKVbz videoText\" id=\"contentTitleembedPZCBJAOs\" type=\"embed\"><svg fill=\"#ffffff\"><symbol id=\"play\" viewBox=\"0 0 512 512\"><path d=\"M512 256C512 397.4 397.4 512 256 512C114.6 512 0 397.4 0 256C0 114.6 114.6 0 256 0C397.4 0 512 114.6 512 256zM176 168V344C176 352.7 180.7 360.7 188.3 364.9C195.8 369.2 205.1 369 212.5 364.5L356.5 276.5C363.6 272.1 368 264.4 368 256C368 247.6 363.6 239.9 356.5 235.5L212.5 147.5C205.1 142.1 195.8 142.8 188.3 147.1C180.7 151.3 176 159.3 176 168V168z\" \/><\/symbol><use xlink:href=\"#play\" \/><\/svg><\/p>\n<div class=\"right\">\n<p>Franco Colapinto<!-- --> &#8211; <span>&nbsp;<\/span><\/p>\n<h2 class=\"title-vid\">La hinchada argentina alentando a Franco Colapinto en Barcelona<\/h2>\n<\/div>\n<\/div>\n<p><span class=\"back\" id=\"spanBackembedPZCBJAOs\"><\/span><\/div>\n<div class=\"JWvideoNota_title\">\n<p>Cr\u00e9dito: @LuccasCorsino<\/p>\n<\/div>\n<\/div>\n<div class=\"sc-a7166897-0 eoLsBE\" readability=\"6\">\n<section readability=\"2\"><picture><img alt=\"Qu\u00e9 dijo Franco Colapinto tras un GP de Espa\u00f1a complicado para Alpine\" loading=\"lazy\" width=\"290\" height=\"290\" decoding=\"async\" data-nimg=\"1\" src=\"http:\/\/cordobadirecto.com\/wp-content\/uploads\/2025\/06\/video-la-hinchada-argentina-banco-a-franco-colapinto-tras-la-carrera-en-barcelona-1.jpg\"><\/picture>\n<p><span>Mir\u00e1 tambi\u00e9n<\/span><\/p>\n<hr>\n<h3>Qu\u00e9 dijo Franco Colapinto tras un GP de Espa\u00f1a complicado para Alpine<\/h3>\n<\/p>\n<\/section>\n<\/div>\n<div class=\"sc-a7166897-0 eoLsBE\" readability=\"6.5\">\n<section readability=\"3\"><picture><img alt=\"Por qu\u00e9 fue un d\u00eda negro para Alpine pese al 8\u00b0 puesto de Gasly y el 15\u00b0 de Colapinto\" loading=\"lazy\" width=\"290\" height=\"290\" decoding=\"async\" data-nimg=\"1\" src=\"http:\/\/cordobadirecto.com\/wp-content\/uploads\/2025\/06\/video-la-hinchada-argentina-banco-a-franco-colapinto-tras-la-carrera-en-barcelona-2.jpg\"><\/picture>\n<p><span>Mir\u00e1 tambi\u00e9n<\/span><\/p>\n<hr>\n<h3>Por qu\u00e9 fue un d\u00eda negro para Alpine pese al 8\u00b0 puesto de Gasly y el 15\u00b0 de Colapinto<\/h3>\n<\/p>\n<\/section>\n<\/div>\n<div class=\"sc-a7166897-0 eoLsBE\" readability=\"6\">\n<section readability=\"2\"><picture><img alt=\"\u00bfCu\u00e1ndo vuelve a correr Franco Colapinto y cu\u00e1l es el pr\u00f3ximo GP de la F1?\" loading=\"lazy\" width=\"290\" height=\"290\" decoding=\"async\" data-nimg=\"1\" src=\"http:\/\/cordobadirecto.com\/wp-content\/uploads\/2025\/06\/video-la-hinchada-argentina-banco-a-franco-colapinto-tras-la-carrera-en-barcelona-3.jpg\"><\/picture>\n<p><span>Mir\u00e1 tambi\u00e9n<\/span><\/p>\n<hr>\n<h3>\u00bfCu\u00e1ndo vuelve a correr Franco Colapinto y cu\u00e1l es el pr\u00f3ximo GP de la F1?<\/h3>\n<\/p>\n<\/section>\n<\/div>\n<div class=\"sc-a7166897-0 eoLsBE\" readability=\"6\">\n<section readability=\"2\"><picture><img alt=\"Video: las maniobras de Franco Colapinto en la largada del GP de Espa\u00f1a\" loading=\"lazy\" width=\"290\" height=\"290\" decoding=\"async\" data-nimg=\"1\" src=\"http:\/\/cordobadirecto.com\/wp-content\/uploads\/2025\/06\/video-la-hinchada-argentina-banco-a-franco-colapinto-tras-la-carrera-en-barcelona-4.jpg\"><\/picture>\n<p><span>Mir\u00e1 tambi\u00e9n<\/span><\/p>\n<hr>\n<h3>Video: las maniobras de Franco Colapinto en la largada del GP de Espa\u00f1a<\/h3>\n<\/p>\n<\/section>\n<\/div>\n<div class=\"sc-a7166897-0 eoLsBE\" readability=\"6.5\">\n<section readability=\"3\"><picture><img alt=\"En un d\u00eda olvidable para Alpine, Franco Colapinto termin\u00f3 15\u00b0 el GP de Barcelona\" loading=\"lazy\" width=\"290\" height=\"290\" decoding=\"async\" data-nimg=\"1\" src=\"http:\/\/cordobadirecto.com\/wp-content\/uploads\/2025\/06\/video-la-hinchada-argentina-banco-a-franco-colapinto-tras-la-carrera-en-barcelona-5.jpg\"><\/picture>\n<p><span>Mir\u00e1 tambi\u00e9n<\/span><\/p>\n<hr>\n<h3>En un d\u00eda olvidable para Alpine, Franco Colapinto termin\u00f3 15\u00b0 el GP de Barcelona<\/h3>\n<\/p>\n<\/section>\n<\/div>\n<\/div>\n","protected":false},"excerpt":{"rendered":"<p>01\/06\/2025 13:53hs. Barcelona tiene una conexi\u00f3n especial con los argentinos. Hace algunos a\u00f1os, el que la hac\u00eda vibrar era Lionel Messi. En los tiempos que corren, no con una pelota sino con un auto que pisa los 350 kil\u00f3metros por hora, el que lo logr\u00f3 fue Franco Colapinto. Tras haber sido 15\u00b0, un resultado que [&hellip;]<\/p>\n","protected":false},"author":1,"featured_media":167981,"comment_status":"closed","ping_status":"closed","sticky":false,"template":"","format":"standard","meta":[],"categories":[21],"tags":[],"_links":{"self":[{"href":"http:\/\/cordobadirecto.com\/index.php\/wp-json\/wp\/v2\/posts\/167980"}],"collection":[{"href":"http:\/\/cordobadirecto.com\/index.php\/wp-json\/wp\/v2\/posts"}],"about":[{"href":"http:\/\/cordobadirecto.com\/index.php\/wp-json\/wp\/v2\/types\/post"}],"author":[{"embeddable":true,"href":"http:\/\/cordobadirecto.com\/index.php\/wp-json\/wp\/v2\/users\/1"}],"replies":[{"embeddable":true,"href":"http:\/\/cordobadirecto.com\/index.php\/wp-json\/wp\/v2\/comments?post=167980"}],"version-history":[{"count":0,"href":"http:\/\/cordobadirecto.com\/index.php\/wp-json\/wp\/v2\/posts\/167980\/revisions"}],"wp:featuredmedia":[{"embeddable":true,"href":"http:\/\/cordobadirecto.com\/index.php\/wp-json\/wp\/v2\/media\/167981"}],"wp:attachment":[{"href":"http:\/\/cordobadirecto.com\/index.php\/wp-json\/wp\/v2\/media?parent=167980"}],"wp:term":[{"taxonomy":"category","embeddable":true,"href":"http:\/\/cordobadirecto.com\/index.php\/wp-json\/wp\/v2\/categories?post=167980"},{"taxonomy":"post_tag","embeddable":true,"href":"http:\/\/cordobadirecto.com\/index.php\/wp-json\/wp\/v2\/tags?post=167980"}],"curies":[{"name":"wp","href":"https:\/\/api.w.org\/{rel}","templated":true}]}}