{"id":167986,"date":"2025-06-04T23:40:21","date_gmt":"2025-06-04T23:40:21","guid":{"rendered":"http:\/\/cordobadirecto.com\/index.php\/2025\/06\/04\/para-el-centro-de-almaceneros-de-cordoba-la-inflacion-de-mayo-fue-del-17-tribuna\/"},"modified":"2025-06-04T23:40:21","modified_gmt":"2025-06-04T23:40:21","slug":"para-el-centro-de-almaceneros-de-cordoba-la-inflacion-de-mayo-fue-del-17-tribuna","status":"publish","type":"post","link":"http:\/\/cordobadirecto.com\/index.php\/2025\/06\/04\/para-el-centro-de-almaceneros-de-cordoba-la-inflacion-de-mayo-fue-del-17-tribuna\/","title":{"rendered":"Para el Centro de Almaceneros de <b>C\u00f3rdoba<\/b>, la inflaci\u00f3n de mayo fue del 1,7% &#8211; Tribuna"},"content":{"rendered":"<p>El Centro de Almaceneros de <b>C\u00f3rdoba<\/b> present\u00f3 su informe econ\u00f3mico y &#8230; El CEDER lanz\u00f3 una <b>nueva<\/b> serie de cursos de oficios. Tribuna. Locales02&nbsp;&#8230; <\/p>\n","protected":false},"excerpt":{"rendered":"<p>El Centro de Almaceneros de C\u00f3rdoba present\u00f3 su informe econ\u00f3mico y &#8230; El CEDER lanz\u00f3 una nueva serie de cursos de oficios. Tribuna. Locales02&nbsp;&#8230;<\/p>\n","protected":false},"author":1,"featured_media":0,"comment_status":"closed","ping_status":"closed","sticky":false,"template":"","format":"standard","meta":[],"categories":[40],"tags":[],"_links":{"self":[{"href":"http:\/\/cordobadirecto.com\/index.php\/wp-json\/wp\/v2\/posts\/167986"}],"collection":[{"href":"http:\/\/cordobadirecto.com\/index.php\/wp-json\/wp\/v2\/posts"}],"about":[{"href":"http:\/\/cordobadirecto.com\/index.php\/wp-json\/wp\/v2\/types\/post"}],"author":[{"embeddable":true,"href":"http:\/\/cordobadirecto.com\/index.php\/wp-json\/wp\/v2\/users\/1"}],"replies":[{"embeddable":true,"href":"http:\/\/cordobadirecto.com\/index.php\/wp-json\/wp\/v2\/comments?post=167986"}],"version-history":[{"count":0,"href":"http:\/\/cordobadirecto.com\/index.php\/wp-json\/wp\/v2\/posts\/167986\/revisions"}],"wp:attachment":[{"href":"http:\/\/cordobadirecto.com\/index.php\/wp-json\/wp\/v2\/media?parent=167986"}],"wp:term":[{"taxonomy":"category","embeddable":true,"href":"http:\/\/cordobadirecto.com\/index.php\/wp-json\/wp\/v2\/categories?post=167986"},{"taxonomy":"post_tag","embeddable":true,"href":"http:\/\/cordobadirecto.com\/index.php\/wp-json\/wp\/v2\/tags?post=167986"}],"curies":[{"name":"wp","href":"https:\/\/api.w.org\/{rel}","templated":true}]}}