{"id":168057,"date":"2025-06-05T19:48:56","date_gmt":"2025-06-05T19:48:56","guid":{"rendered":"https:\/\/www.ole.com.ar\/autos\/fia-formula-1-comunicado-abuso-online-colapinto-alex-dunne_0_kqiQXPXDMO.html"},"modified":"2025-06-05T19:48:56","modified_gmt":"2025-06-05T19:48:56","slug":"la-fia-lanzo-otro-comunicado-por-un-hecho-similar-al-del-cruce-colapinto-y-tsunoda","status":"publish","type":"post","link":"http:\/\/cordobadirecto.com\/index.php\/2025\/06\/05\/la-fia-lanzo-otro-comunicado-por-un-hecho-similar-al-del-cruce-colapinto-y-tsunoda\/","title":{"rendered":"La FIA lanz\u00f3 otro comunicado por un hecho similar al del cruce Colapinto y Tsunoda"},"content":{"rendered":"<p><time class=\"createDate\" datetime=\"2025-06-05T16:48:56-03:00\">05\/06\/2025 16:48hs.<\/time><\/p>\n<div id=\"storyBody\">\n<div class=\"custom-text \" readability=\"38.696537678208\">\n<p>El fanatismo en el deporte, potenciado por el alcance de las redes sociales, a veces cruza l\u00edmites. Lo que deber\u00eda ser una expresi\u00f3n de pasi\u00f3n puede convertirse r\u00e1pidamente en mensajes agresivos, insultos y <strong>comportamientos desmedidos en l\u00ednea<\/strong>. En los \u00faltimos d\u00edas, esta problem\u00e1tica volvi\u00f3 a quedar expuesta tras el <strong>Gran Premio de M\u00f3naco<\/strong> de la <strong>F\u00f3rmula 2<\/strong>, lo que motiv\u00f3 un<strong> nuevo comunicado por parte de la FIA<\/strong> <strong>despu\u00e9s de aquel que involucr\u00f3 a <a href=\"https:\/\/www.ole.com.ar\/tema\/franco-colapinto.html\" title=\"Franco Colapinto\" alt=\"Franco Colapinto\" class=\"slug\">Franco Colapinto<\/a> y a Yuki Tsunoda<\/strong>.<\/p>\n<\/div>\n<div class=\"custom-text \" readability=\"40\">\n<p>\u00bfQu\u00e9 fue lo que pas\u00f3? El piloto irland\u00e9s de Rodin Motorsport y l\u00edder del campeonato, <strong>Alexander Dunne<\/strong>, tuvo una jornada para el olvido en el Principado. <strong>Fue quien provoc\u00f3 aquel accidente masivo en la largada<\/strong> de la carrera al tocarse con el franc\u00e9s V\u00edctor Martins. En la fecha siguiente, en Barcelona, ambos volver\u00edan a ser protagonistas de un accidente, ya que <strong>el de Irlanda choc\u00f3 por detr\u00e1s al de Francia<\/strong> cuando estos se encontraban ingresando a los boxes.<\/p>\n<\/div>\n<div class=\"sc-e7b891c4-0 ifHnQL image-embed\"><img alt=\"Mohammed ben Sulayem, presidente d ela FIA, se involucra en el tema.\" loading=\"lazy\" width=\"720\" height=\"100\" decoding=\"async\" data-nimg=\"1\" src=\"http:\/\/cordobadirecto.com\/wp-content\/uploads\/2025\/06\/la-fia-lanzo-otro-comunicado-por-un-hecho-similar-al-del-cruce-colapinto-y-tsunoda.jpg\"><span class=\"epigraphe\">Mohammed ben Sulayem, presidente d ela FIA, se involucra en el tema.<\/span><\/div>\n<div class=\"custom-text \" readability=\"40\">\n<p>A ra\u00edz de ambos sucesos, el volante de s\u00f3lo 19 a\u00f1os<strong> sufri\u00f3 una oleada de cr\u00edticas e insultos en sus redes<\/strong>, por lo que decidi\u00f3 cerrar los comentarios de sus publicaciones por un tiempo. Por esto mismo, la Federaci\u00f3n Internacional del Autom\u00f3vil, en conjunto con la F\u00f3rmula 1 y sus subcategor\u00edas, comparti\u00f3 un nuevo comunicado en contra del hostigamiento virtual.<\/p>\n<\/div>\n<div class=\"custom-text \" readability=\"41\">\n<p>El mismo rezaba: &#8220;En nombre de nuestras escuder\u00edas y pilotos, la F1, F2, F3 y la FIA, a trav\u00e9s de la campa\u00f1a United Against Online Abuse (Unidos Contra el Abuso En L\u00ednea), condenan firmemente cualquier tipo de acoso. Seguiremos actuando colectivamente y denunciando el maltrato en las redes sociales. Despu\u00e9s de todo, detr\u00e1s de las mismas hay seres humanos. <strong>Instamos a todos a que se mantengan respetuosos con los atletas y sus equipos<\/strong>&#8220;.<\/p>\n<\/div>\n<p><h2><strong>El gesto de Tsunoda hacia Colapinto y la reacci\u00f3n de los argentinos que vali\u00f3 un comunicado de la FIA<\/strong><\/h2>\n<\/p>\n<div class=\"custom-text \" readability=\"40\">\n<p>La historia comenz\u00f3 cuando, durante la primera pr\u00e1ctica libre del <strong>Gran Premio de Imola<\/strong>, Franco realiz\u00f3 una maniobra que entorpeci\u00f3 el paso del japon\u00e9s, quien ante la bronca por haber tenido que abortar su vuelta r\u00e1pida, <strong>le sac\u00f3 el dedo del medio<\/strong> al debutante con los colores de Alpine. Este gesto no pas\u00f3 desapercibido por los hinchas albicelestes, quienes r\u00e1pidamente <strong>inundaron las redes del segundo volante de Red Bull con comentarios poco amigables<\/strong>.<\/p>\n<\/div>\n<div class=\"sc-e7b891c4-0 ifHnQL image-embed\"><img alt=\"El gesto de Tsunoda a Colapinto.\" loading=\"lazy\" width=\"720\" height=\"100\" decoding=\"async\" data-nimg=\"1\" src=\"http:\/\/cordobadirecto.com\/wp-content\/uploads\/2025\/06\/la-fia-lanzo-otro-comunicado-por-un-hecho-similar-al-del-cruce-colapinto-y-tsunoda-1.jpg\"><span class=\"epigraphe\">El gesto de Tsunoda a Colapinto.<\/span><\/div>\n<div class=\"custom-text \" readability=\"38\">\n<p>Ambos pilotos saltaron al escenario en la previa del evento principal en Italia y, claro, hablaron sobre lo sucedido. &#8220;S\u00e9 que son extremadamente apasionados y a veces son muy duros con las personas. <strong>Tienen que mostrar respeto<\/strong>, que es lo que todos queremos&#8221;, coment\u00f3 Colapinto.<\/p>\n<\/div>\n<div class=\"custom-text \" readability=\"40\">\n<p><strong>Ben Sulayem<\/strong>, presidente de la FIA, expres\u00f3 a trav\u00e9s de una publicaci\u00f3n: &#8220;El automovilismo est\u00e1 construido alrededor de la competici\u00f3n, la pasi\u00f3n y el compromiso, y cada piloto de carreras que salte a la pista debe representar esos valores. El entusiasmo y la devoci\u00f3n que todos sentimos por este deporte nos tiene que unir y nunca transformarse en abuso u odio. <strong>Respaldo totalmente a Yuki Tsunoda y a Franco Colapinto, y les agradezco por hablar y oponerse al creciente problema del abuso en redes sociales<\/strong>&#8220;.<\/p>\n<\/div>\n<div class=\"sc-e7b891c4-0 ifHnQL image-embed\"><img alt=\"El comunicado en conjunto de la FIA y su presidente, Ben Sulayem. (Foto: @fia.official)\" loading=\"lazy\" width=\"720\" height=\"100\" decoding=\"async\" data-nimg=\"1\" src=\"http:\/\/cordobadirecto.com\/wp-content\/uploads\/2025\/06\/la-fia-lanzo-otro-comunicado-por-un-hecho-similar-al-del-cruce-colapinto-y-tsunoda-2.jpg\"><span class=\"epigraphe\">El comunicado en conjunto de la FIA y su presidente, Ben Sulayem. (Foto: @fia.official)<\/span><\/div>\n<div class=\"custom-text \" readability=\"39\">\n<p>Para cerrar, expres\u00f3: &#8220;Nadie debe ser sometido a amenazas o a la discriminaci\u00f3n. <strong>No hay lugar para la toxicidad en nuestra comunidad<\/strong>. A trav\u00e9s de la unidad en contra de la campa\u00f1a de abuso en internet, vamos a tomar acci\u00f3n, prevenir a los usuarios y generar apoyo. Nos comprometemos a salvaguardar el bienestar de todos, y juntos construir un ambiente m\u00e1s cuidado y respetuoso para todos&#8221;.<\/p>\n<\/div>\n<div class=\"sc-a7166897-0 eoLsBE\" readability=\"7\">\n<section readability=\"4\"><picture><img alt=\"As\u00ed es el Gilles Villeneuve, el circuito bravo para el GP de Canad\u00e1 que no conoce Franco Colapinto\" loading=\"lazy\" width=\"290\" height=\"290\" decoding=\"async\" data-nimg=\"1\" src=\"http:\/\/cordobadirecto.com\/wp-content\/uploads\/2025\/06\/la-fia-lanzo-otro-comunicado-por-un-hecho-similar-al-del-cruce-colapinto-y-tsunoda-3.jpg\"><\/picture>\n<p><span>Mir\u00e1 tambi\u00e9n<\/span><\/p>\n<hr>\n<h3>As\u00ed es el Gilles Villeneuve, el circuito bravo para el GP de Canad\u00e1 que no conoce Franco Colapinto<\/h3>\n<\/p>\n<\/section>\n<\/div>\n<div class=\"sc-a7166897-0 eoLsBE\" readability=\"6.5\">\n<section readability=\"3\"><picture><img alt=\"Se viene con Franco Colapinto el GP de Canad\u00e1, marcado por un brutal accidente\" loading=\"lazy\" width=\"290\" height=\"290\" decoding=\"async\" data-nimg=\"1\" src=\"http:\/\/cordobadirecto.com\/wp-content\/uploads\/2025\/06\/la-fia-lanzo-otro-comunicado-por-un-hecho-similar-al-del-cruce-colapinto-y-tsunoda-4.jpg\"><\/picture>\n<p><span>Mir\u00e1 tambi\u00e9n<\/span><\/p>\n<hr>\n<h3>Se viene con Franco Colapinto el GP de Canad\u00e1, marcado por un brutal accidente<\/h3>\n<\/p>\n<\/section>\n<\/div>\n<div class=\"sc-a7166897-0 eoLsBE\" readability=\"6.5\">\n<section readability=\"3\"><picture><img alt=\"Nico Rosberg banc\u00f3 a Franco Colapinto y apunt\u00f3 contra Briatore: &quot;Est\u00e1 en el lado equivocado de la mente de Flavio&quot;\" loading=\"lazy\" width=\"290\" height=\"290\" decoding=\"async\" data-nimg=\"1\" src=\"http:\/\/cordobadirecto.com\/wp-content\/uploads\/2025\/06\/la-fia-lanzo-otro-comunicado-por-un-hecho-similar-al-del-cruce-colapinto-y-tsunoda-5.jpg\"><\/picture>\n<p><span>Mir\u00e1 tambi\u00e9n<\/span><\/p>\n<hr>\n<h3>Nico Rosberg banc\u00f3 a Franco Colapinto y apunt\u00f3 contra Briatore: &#8220;Est\u00e1 en el lado equivocado de la mente de Flavio&#8221;<\/h3>\n<\/p>\n<\/section>\n<\/div>\n<\/div>\n","protected":false},"excerpt":{"rendered":"<p>05\/06\/2025 16:48hs. El fanatismo en el deporte, potenciado por el alcance de las redes sociales, a veces cruza l\u00edmites. Lo que deber\u00eda ser una expresi\u00f3n de pasi\u00f3n puede convertirse r\u00e1pidamente en mensajes agresivos, insultos y comportamientos desmedidos en l\u00ednea. En los \u00faltimos d\u00edas, esta problem\u00e1tica volvi\u00f3 a quedar expuesta tras el Gran Premio de M\u00f3naco [&hellip;]<\/p>\n","protected":false},"author":1,"featured_media":168058,"comment_status":"closed","ping_status":"closed","sticky":false,"template":"","format":"standard","meta":[],"categories":[21],"tags":[],"_links":{"self":[{"href":"http:\/\/cordobadirecto.com\/index.php\/wp-json\/wp\/v2\/posts\/168057"}],"collection":[{"href":"http:\/\/cordobadirecto.com\/index.php\/wp-json\/wp\/v2\/posts"}],"about":[{"href":"http:\/\/cordobadirecto.com\/index.php\/wp-json\/wp\/v2\/types\/post"}],"author":[{"embeddable":true,"href":"http:\/\/cordobadirecto.com\/index.php\/wp-json\/wp\/v2\/users\/1"}],"replies":[{"embeddable":true,"href":"http:\/\/cordobadirecto.com\/index.php\/wp-json\/wp\/v2\/comments?post=168057"}],"version-history":[{"count":0,"href":"http:\/\/cordobadirecto.com\/index.php\/wp-json\/wp\/v2\/posts\/168057\/revisions"}],"wp:featuredmedia":[{"embeddable":true,"href":"http:\/\/cordobadirecto.com\/index.php\/wp-json\/wp\/v2\/media\/168058"}],"wp:attachment":[{"href":"http:\/\/cordobadirecto.com\/index.php\/wp-json\/wp\/v2\/media?parent=168057"}],"wp:term":[{"taxonomy":"category","embeddable":true,"href":"http:\/\/cordobadirecto.com\/index.php\/wp-json\/wp\/v2\/categories?post=168057"},{"taxonomy":"post_tag","embeddable":true,"href":"http:\/\/cordobadirecto.com\/index.php\/wp-json\/wp\/v2\/tags?post=168057"}],"curies":[{"name":"wp","href":"https:\/\/api.w.org\/{rel}","templated":true}]}}