{"id":168059,"date":"2025-06-04T21:57:01","date_gmt":"2025-06-04T21:57:01","guid":{"rendered":"https:\/\/www.ole.com.ar\/autos\/gilles-villeneuve-circuito-bravo-viene-franco-colapinto_0_ZJlwKZopLA.html"},"modified":"2025-06-04T21:57:01","modified_gmt":"2025-06-04T21:57:01","slug":"asi-es-el-gilles-villeneuve-el-circuito-bravo-para-el-gp-de-canada-que-no-conoce-franco-colapinto","status":"publish","type":"post","link":"http:\/\/cordobadirecto.com\/index.php\/2025\/06\/04\/asi-es-el-gilles-villeneuve-el-circuito-bravo-para-el-gp-de-canada-que-no-conoce-franco-colapinto\/","title":{"rendered":"As\u00ed es el Gilles Villeneuve, el circuito bravo para el GP de Canad\u00e1 que no conoce Franco Colapinto"},"content":{"rendered":"<p><time class=\"createDate\" datetime=\"2025-06-04T18:57:01-03:00\">04\/06\/2025 18:57hs.<\/time><\/p>\n<div id=\"storyBody\">\n<div class=\"custom-text \" readability=\"37.764356435644\">\n<p><strong>Luego de haber superado el triplete europeo<\/strong> -Imola, M\u00f3naco y Barcelona- con actuaciones aceptables en sus primeras tres competencias tras su regreso a la F\u00f3rmula 1 con Alpine,<strong> <a href=\"https:\/\/www.ole.com.ar\/tema\/franco-colapinto.html\" title=\"Franco Colapinto\" alt=\"Franco Colapinto\" class=\"slug\">Franco Colapinto<\/a> afrontar\u00e1 el fin de semana del 13 al 15 de junio un nuevo desaf\u00edo: el circuito Gilles Villeneuve,<\/strong> bautizado en honor al piloto canadiense fallecido y ganador de seis GP. Ser\u00e1 la sede del Gran Premio de Canad\u00e1, d\u00e9cima fecha del calendario.<strong> En Ol\u00e9 te contamos todos los detalles de este trazado hist\u00f3rico.<\/strong><\/p>\n<\/div>\n<p><h2><strong>D\u00f3nde est\u00e1 ubicado el circuito Gilles Villeneuve <\/strong><\/h2>\n<\/p>\n<div class=\"custom-text \" readability=\"41\">\n<p><strong>El Circuito Gilles Villeneuve es un trazado urbano ubicado en la isla artificial de Notre-Dame,<\/strong> situada en el r\u00edo San Lorenzo y perteneciente al Parque Jean-Drapeau, en la ciudad de Montreal, provincia de Quebec, Canad\u00e1. La primera edici\u00f3n del Gran Premio se disput\u00f3 en 1967 y fue ganada por Jack Brabham, a bordo de un Brabham BT24. <strong>El r\u00e9cord de vuelta le pertenece a Sebastian Vettel (Ferrari), con un tiempo de 1:10.240 registrado en 2019.<\/strong><\/p>\n<\/div>\n<div class=\"sc-e7b891c4-0 ifHnQL image-embed\"><img alt=\"Verstappen (Red Bull) domin\u00f3 en Canad\u00e1 y gan\u00f3 la edici\u00f3n 2024.\" loading=\"lazy\" width=\"720\" height=\"100\" decoding=\"async\" data-nimg=\"1\" src=\"http:\/\/cordobadirecto.com\/wp-content\/uploads\/2025\/06\/asi-es-el-gilles-villeneuve-el-circuito-bravo-para-el-gp-de-canada-que-no-conoce-franco-colapinto.jpg\"><span class=\"epigraphe\">Verstappen (Red Bull) domin\u00f3 en Canad\u00e1 y gan\u00f3 la edici\u00f3n 2024.<\/span><\/div>\n<p><h2><strong>C\u00f3mo es el circuito del GP de Canad\u00e1<\/strong><\/h2>\n<\/p>\n<div class=\"custom-text \" readability=\"39\">\n<p><strong>Este circuito es semipermanente y comparte caracter\u00edsticas con otros trazados urbanos, como los de M\u00f3naco o Bak\u00fa.<\/strong> Tiene una longitud de 4.300 metros y un total de 14 curvas. Su dise\u00f1o presenta una din\u00e1mica de \u201cstop and go\u201d -frenar y acelerar constantemente-, con varias rectas intercaladas con chicanas. Este estilo favorece a los monoplazas con buena tracci\u00f3n, clave en el GP canadiense, y tambi\u00e9n exige estabilidad en la entrada en curva y durante la frenada. <strong>McLaren -el gran favorito a dominar ese fin de semana- se destaca en este tipo de configuraciones. \u00bfAlpine? Por ahora no se destaca en ninguno&#8230;<\/strong><\/p>\n<\/div>\n<div class=\"custom-text \" readability=\"38\">\n<p><strong>A pesar de que muchos de sus giros implican fuertes frenadas, el trazado combina zonas lentas con sectores r\u00e1pidos y fluidos.<\/strong> La curva 10, tambi\u00e9n conocida como L&#8217;\u00c9pingle, es una horquilla muy cerrada que pone a prueba tanto los frenos como los neum\u00e1ticos. <strong>Las chicanas exigentes hacen que la gesti\u00f3n del sistema de frenado sea cr\u00edtica a lo largo de toda la carrera.<\/strong><\/p>\n<\/div>\n<div class=\"sc-e7b891c4-0 ifHnQL image-embed\"><img alt=\"Lewis Hamilton (McLaren) festej\u00f3 as\u00ed su victoria en el GP de Canad\u00e1 2012.\" loading=\"lazy\" width=\"720\" height=\"100\" decoding=\"async\" data-nimg=\"1\" src=\"http:\/\/cordobadirecto.com\/wp-content\/uploads\/2025\/06\/asi-es-el-gilles-villeneuve-el-circuito-bravo-para-el-gp-de-canada-que-no-conoce-franco-colapinto-1.jpg\"><span class=\"epigraphe\">Lewis Hamilton (McLaren) festej\u00f3 as\u00ed su victoria en el GP de Canad\u00e1 2012.<\/span><\/div>\n<div class=\"custom-text \" readability=\"38\">\n<p><strong>Una de las particularidades del GP de Montreal es su baja carga aerodin\u00e1mica, lo que lo convierte en uno de los favoritos de los pilotos. <\/strong>Esta configuraci\u00f3n permite alcanzar altas velocidades, especialmente en la larga recta entre las curvas 12 y 13.<strong> Por eso, los monoplazas suelen presentarse con menos carga que en M\u00f3naco<\/strong> -donde este a\u00f1o gan\u00f3 Lando Norris a bordo de su McLaren- y con una puesta a punto m\u00e1s parecida a la vista en ediciones anteriores en Bak\u00fa. La velocidad m\u00e1xima que se puede alcanzar es de 350 km\/h mientras que el promedio en una vuelta r\u00e1pida es de 210km\/h.<\/p>\n<\/div>\n<div class=\"custom-text \" readability=\"40\">\n<p><strong>El sector m\u00e1s emblem\u00e1tico del circuito est\u00e1 justo al final de la vuelta: el famoso Muro de los Campeones.<\/strong> Esta secci\u00f3n, ubicada tras la chicana que forman los giros 13 y 14, gan\u00f3 su nombre en 1999, cuando Damon Hill, Jacques Villeneuve y Michael Schumacher <strong>-tres campeones del mundo-<\/strong> chocaron contra las barreras durante el mismo fin de semana. Desde entonces, varios pilotos de renombre tambi\u00e9n dejaron su huella en ese pared\u00f3n de hormig\u00f3n.<\/p>\n<\/div>\n<div class=\"sc-e7b891c4-0 ifHnQL image-embed\"><img alt=\"Michael Schumacher, ya bicampe\u00f3n, termin\u00f3 contra el Muro de los Campeones en 1999.\" loading=\"lazy\" width=\"720\" height=\"100\" decoding=\"async\" data-nimg=\"1\" src=\"http:\/\/cordobadirecto.com\/wp-content\/uploads\/2025\/06\/asi-es-el-gilles-villeneuve-el-circuito-bravo-para-el-gp-de-canada-que-no-conoce-franco-colapinto-2.jpg\"><span class=\"epigraphe\">Michael Schumacher, ya bicampe\u00f3n, termin\u00f3 contra el Muro de los Campeones en 1999.<\/span><\/div>\n<div class=\"custom-text \" readability=\"39\">\n<p><strong>Para quienes asistan al evento, las tribunas 15, 21 y 24 -ubicadas alrededor de la horquilla-,<\/strong> junto con la zona del anfiteatro, son los mejores lugares para presenciar adelantamientos, ya que ah\u00ed suelen producirse los momentos m\u00e1s emocionantes de la carrera.<\/p>\n<\/div>\n<p><h2><strong>Agenda del finde en Canad\u00e1<\/strong><\/h2>\n<\/p>\n<div class=\"custom-text \" readability=\"38\">\n<p><strong>La acci\u00f3n en el circuito de Canad\u00e1 comenzar\u00e1 el viernes 13 de junio<\/strong> a las 14.30 con la primera sesi\u00f3n de entrenamientos libres; luego, a las 18, se disputar\u00e1 la segunda. <strong>El s\u00e1bado<\/strong> se llevar\u00e1 a cabo el tercer ensayo desde las 13.30 y, <strong>a las 17, la siempre desafiante clasificaci\u00f3n.<\/strong><\/p>\n<\/div>\n<div class=\"sc-e7b891c4-0 ifHnQL image-embed\"><img alt=\"Mapa del circuito de Canad\u00e1, donde se disputar\u00e1 la d\u00e9cima carrera de la temporada de F\u00f3rmula 1.\" loading=\"lazy\" width=\"720\" height=\"100\" decoding=\"async\" data-nimg=\"1\" src=\"http:\/\/cordobadirecto.com\/wp-content\/uploads\/2025\/06\/asi-es-el-gilles-villeneuve-el-circuito-bravo-para-el-gp-de-canada-que-no-conoce-franco-colapinto-3.jpg\"><span class=\"epigraphe\">Mapa del circuito de Canad\u00e1, donde se disputar\u00e1 la d\u00e9cima carrera de la temporada de F\u00f3rmula 1.<\/span><\/div>\n<div class=\"custom-text \" readability=\"36\">\n<p><strong>El plato principal llegar\u00e1 el domingo 15 a partir de las 15, <\/strong>cuando se disputar\u00e1n las <strong>70 vueltas<\/strong> al trazado canadiense, completando as\u00ed los 305,270 kil\u00f3metros <strong>de carrera.<\/strong><\/p>\n<\/div>\n<div class=\"sc-a7166897-0 eoLsBE\" readability=\"6.5\">\n<section readability=\"3\"><picture><img alt=\"Nico Rosberg banc\u00f3 a Franco Colapinto y apunt\u00f3 contra Briatore: &quot;Est\u00e1 en el lado equivocado de la mente de Flavio&quot;\" loading=\"lazy\" width=\"290\" height=\"290\" decoding=\"async\" data-nimg=\"1\" src=\"http:\/\/cordobadirecto.com\/wp-content\/uploads\/2025\/06\/asi-es-el-gilles-villeneuve-el-circuito-bravo-para-el-gp-de-canada-que-no-conoce-franco-colapinto-4.jpg\"><\/picture>\n<p><span>Mir\u00e1 tambi\u00e9n<\/span><\/p>\n<hr>\n<h3>Nico Rosberg banc\u00f3 a Franco Colapinto y apunt\u00f3 contra Briatore: &#8220;Est\u00e1 en el lado equivocado de la mente de Flavio&#8221;<\/h3>\n<\/p>\n<\/section>\n<\/div>\n<div class=\"sc-a7166897-0 eoLsBE\" readability=\"6.5\">\n<section readability=\"3\"><picture><img alt=\"Franco Colapinto: del video &quot;cool&quot; que le dedic\u00f3 Alpine al tierno mensaje de Gabriela Sabatini\" loading=\"lazy\" width=\"290\" height=\"290\" decoding=\"async\" data-nimg=\"1\" src=\"http:\/\/cordobadirecto.com\/wp-content\/uploads\/2025\/06\/asi-es-el-gilles-villeneuve-el-circuito-bravo-para-el-gp-de-canada-que-no-conoce-franco-colapinto-5.jpg\"><\/picture>\n<p><span>Mir\u00e1 tambi\u00e9n<\/span><\/p>\n<hr>\n<h3>Franco Colapinto: del video &#8220;cool&#8221; que le dedic\u00f3 Alpine al tierno mensaje de Gabriela Sabatini<\/h3>\n<\/p>\n<\/section>\n<\/div>\n<div class=\"sc-a7166897-0 eoLsBE\" readability=\"6.5\">\n<section readability=\"3\"><picture><img alt=\"Briatore y el ejemplo que utiliz\u00f3 para explicar por qu\u00e9 eligi\u00f3 a Colapinto para reemplazar a Doohan\" loading=\"lazy\" width=\"290\" height=\"290\" decoding=\"async\" data-nimg=\"1\" src=\"http:\/\/cordobadirecto.com\/wp-content\/uploads\/2025\/06\/asi-es-el-gilles-villeneuve-el-circuito-bravo-para-el-gp-de-canada-que-no-conoce-franco-colapinto-6.jpg\"><\/picture>\n<p><span>Mir\u00e1 tambi\u00e9n<\/span><\/p>\n<hr>\n<h3>Briatore y el ejemplo que utiliz\u00f3 para explicar por qu\u00e9 eligi\u00f3 a Colapinto para reemplazar a Doohan<\/h3>\n<\/p>\n<\/section>\n<\/div>\n<\/div>\n","protected":false},"excerpt":{"rendered":"<p>04\/06\/2025 18:57hs. Luego de haber superado el triplete europeo -Imola, M\u00f3naco y Barcelona- con actuaciones aceptables en sus primeras tres competencias tras su regreso a la F\u00f3rmula 1 con Alpine, Franco Colapinto afrontar\u00e1 el fin de semana del 13 al 15 de junio un nuevo desaf\u00edo: el circuito Gilles Villeneuve, bautizado en honor al piloto [&hellip;]<\/p>\n","protected":false},"author":1,"featured_media":168060,"comment_status":"closed","ping_status":"closed","sticky":false,"template":"","format":"standard","meta":[],"categories":[21],"tags":[],"_links":{"self":[{"href":"http:\/\/cordobadirecto.com\/index.php\/wp-json\/wp\/v2\/posts\/168059"}],"collection":[{"href":"http:\/\/cordobadirecto.com\/index.php\/wp-json\/wp\/v2\/posts"}],"about":[{"href":"http:\/\/cordobadirecto.com\/index.php\/wp-json\/wp\/v2\/types\/post"}],"author":[{"embeddable":true,"href":"http:\/\/cordobadirecto.com\/index.php\/wp-json\/wp\/v2\/users\/1"}],"replies":[{"embeddable":true,"href":"http:\/\/cordobadirecto.com\/index.php\/wp-json\/wp\/v2\/comments?post=168059"}],"version-history":[{"count":0,"href":"http:\/\/cordobadirecto.com\/index.php\/wp-json\/wp\/v2\/posts\/168059\/revisions"}],"wp:featuredmedia":[{"embeddable":true,"href":"http:\/\/cordobadirecto.com\/index.php\/wp-json\/wp\/v2\/media\/168060"}],"wp:attachment":[{"href":"http:\/\/cordobadirecto.com\/index.php\/wp-json\/wp\/v2\/media?parent=168059"}],"wp:term":[{"taxonomy":"category","embeddable":true,"href":"http:\/\/cordobadirecto.com\/index.php\/wp-json\/wp\/v2\/categories?post=168059"},{"taxonomy":"post_tag","embeddable":true,"href":"http:\/\/cordobadirecto.com\/index.php\/wp-json\/wp\/v2\/tags?post=168059"}],"curies":[{"name":"wp","href":"https:\/\/api.w.org\/{rel}","templated":true}]}}