{"id":168061,"date":"2025-06-05T20:32:08","date_gmt":"2025-06-05T20:32:08","guid":{"rendered":"https:\/\/www.ole.com.ar\/atletico-tucuman\/pulga-rodriguez-noticia-retiro-colon-atletico-tucuman_0_Liy1UNJRwU.html"},"modified":"2025-06-05T20:32:08","modified_gmt":"2025-06-05T20:32:08","slug":"el-pulga-rodriguez-le-puso-fecha-a-su-retiro","status":"publish","type":"post","link":"http:\/\/cordobadirecto.com\/index.php\/2025\/06\/05\/el-pulga-rodriguez-le-puso-fecha-a-su-retiro\/","title":{"rendered":"El Pulga Rodr\u00edguez le puso fecha a su retiro"},"content":{"rendered":"<p><span class=\"createDate\">05\/06\/2025 09:25hs.<\/span><time class=\"modificatedDate\" datetime=\"2025-06-05T09:26:14-03:00\"> Actualizado al 05\/06\/2025 09:26hs.<\/time><\/p>\n<div id=\"storyBody\">\n<div class=\"custom-text \" readability=\"31.762886597938\">\n<p><a href=\"https:\/\/www.ole.com.ar\/tema\/pulga-rodriguez.html\" title=\"Pulga Rodr\u00edguez\" alt=\"Pulga Rodr\u00edguez\" class=\"slug\">Luis Miguel Rodr\u00edguez<\/a>, m\u00e1s conocido como el Pulga, quedar\u00e1 para siempre en la historia de <a href=\"https:\/\/www.ole.com.ar\/tema\/colon.html\" title=\"Col\u00f3n\" alt=\"Col\u00f3n\" class=\"slug\">Col\u00f3n <\/a>y no s\u00f3lo por disputar la final de la <a href=\"https:\/\/www.ole.com.ar\/tema\/copa-sudamericana.html\" title=\"Copa Sudamericana\" alt=\"Copa Sudamericana\" class=\"slug\">Copa Sudamericana<\/a> 2019, sino que por ser campe\u00f3n de la<a href=\"https:\/\/www.ole.com.ar\/tema\/copa-de-la-superliga.html\" title=\"Copa de la Superliga\" alt=\"Copa de la Superliga\" class=\"slug\"> Copa de la Liga Profesional <\/a>2021 al derrotar a Racing por 3-0. Ante esto, el actual delantero de A. Tucum\u00e1n indic\u00f3 qu\u00e9 ser\u00e1 de su futuro mientras se refer\u00eda a aquella hist\u00f3rica conquista.<\/p>\n<\/div>\n<div class=\"custom-text \" readability=\"37\">\n<p>&#8220;<strong>Esa estrella para todos nosotros va a quedar recordada por el resto de nuestras vidas<\/strong>. El haber sido parte de ese plantel fue algo maravilloso. Ven\u00edamos de perder la final de la Sudamericana y ganar la final fue muy importante&#8221;, expres\u00f3 el delantero del Decano. &#8220;<strong>La gente lo deseaba hace a\u00f1os y gracias a Dios pudimos estar presentes en ese momento tan importante<\/strong>&#8220;, agreg\u00f3.<\/p>\n<\/div>\n<div class=\"custom-text \" readability=\"39\">\n<p>Sin embargo, eso no fue lo \u00fanico que coment\u00f3, ya que tambi\u00e9n indic\u00f3 por qu\u00e9 no regres\u00f3 a Col\u00f3n: &#8220;<strong>Desde que me fui de Col\u00f3n no habl\u00e9 con nadie, no me llam\u00f3 ninguna dirigencia<\/strong>. Estamos grandes y quiz\u00e1s se buscan otros jugadores, tambi\u00e9n hay que ser del gusto del entrenador. Debe haber muchos factores que hacen que no llegue el llamado&#8221;.<\/p>\n<\/div>\n<div class=\"custom-text \" readability=\"38\">\n<p>Por otro lado, el tucumano expres\u00f3 que el 2026 ser\u00e1 su \u00faltimo a\u00f1o como jugador profesional. &#8220;<strong>El a\u00f1o que viene va a ser el \u00faltimo a\u00f1o que juegue. Va a ser mi despedida del f\u00fatbol<\/strong>&#8220;, cerr\u00f3 el 10 en La Voz del Sabalero para la radio Sol Play 91.5. A eso a\u00f1adi\u00f3 que desea realizar un partido de cierre en el Brigadier L\u00f3pez, cancha donde el Sabalero hace de local.<\/p>\n<\/div>\n<div class=\"sc-e7b891c4-0 ifHnQL image-embed\"><img alt=\"El Pulga Rodr\u00edguez con la Copa de la Liga 2021.\" loading=\"lazy\" width=\"720\" height=\"100\" decoding=\"async\" data-nimg=\"1\" src=\"http:\/\/cordobadirecto.com\/wp-content\/uploads\/2025\/06\/el-pulga-rodriguez-le-puso-fecha-a-su-retiro.jpg\"><span class=\"epigraphe\">El Pulga Rodr\u00edguez con la Copa de la Liga 2021.<\/span><\/div>\n<p><h2><strong>Video: las palabras del Pulga<\/strong><\/h2>\n<\/p>\n<div class=\"sc-734b4696-1 kFfZtB\">\n<div class=\"sc-d00d9e74-0 hnHYbk\" type=\"embed\">\n<div class=\"sc-d00d9e74-1 iKVbz videoText\" id=\"contentTitleembed3jX1Hf0o\" type=\"embed\"><svg fill=\"#ffffff\"><symbol id=\"play\" viewBox=\"0 0 512 512\"><path d=\"M512 256C512 397.4 397.4 512 256 512C114.6 512 0 397.4 0 256C0 114.6 114.6 0 256 0C397.4 0 512 114.6 512 256zM176 168V344C176 352.7 180.7 360.7 188.3 364.9C195.8 369.2 205.1 369 212.5 364.5L356.5 276.5C363.6 272.1 368 264.4 368 256C368 247.6 363.6 239.9 356.5 235.5L212.5 147.5C205.1 142.1 195.8 142.8 188.3 147.1C180.7 151.3 176 159.3 176 168V168z\" \/><\/symbol><use xlink:href=\"#play\" \/><\/svg><\/p>\n<div class=\"right\">\n<p>Pulga Rodr\u00edguez<!-- --> &#8211; <span>&nbsp;<\/span><\/p>\n<h2 class=\"title-vid\">Las palabras del Pulga Rodr\u00edguez del motivo de su no vuelta a Col\u00f3n <\/h2>\n<\/div>\n<\/div>\n<p><span class=\"back\" id=\"spanBackembed3jX1Hf0o\"><\/span><\/div>\n<div class=\"JWvideoNota_title\">\n<p>@BrianWB10<\/p>\n<\/div>\n<\/div>\n<p><h2><strong>Los n\u00fameros del Pulga en el Apertura<\/strong><\/h2>\n<\/p>\n<div class=\"custom-text \" readability=\"34.895734597156\">\n<p><strong>El Decano culmin\u00f3 10\u00b0 en la Zona B del <a href=\"https:\/\/www.ole.com.ar\/tema\/apertura-2025.html\" title=\"Apertura 2025\" alt=\"Apertura 2025\" class=\"slug\">Torneo Apertura<\/a><\/strong> con 16 puntos a dos de <a href=\"https:\/\/www.ole.com.ar\/tema\/instituto-cordoba.html\" title=\"Instituto (C\u00f3rdoba)\" alt=\"Instituto (C\u00f3rdoba)\" class=\"slug\">Instituto<\/a>, el \u00faltimo equipo que clasific\u00f3 a los octavos de final. <strong>De los 16 encuentros que disput\u00f3 Atl\u00e9tico Tucum\u00e1n, el Pulga dijo presente en nueve<\/strong>. Su primer compromiso fue en la ca\u00edda 2-0 ante Central C\u00f3rdoba por la segunda fecha y cerr\u00f3 sin goles ni asistencias luego del duelo con derrota frente a Godoy Cruz por la 15\u00b0 jornada. <\/p>\n<\/div>\n<div class=\"sc-e7b891c4-0 ifHnQL image-embed\"><img alt=\"Pulga Rodr\u00edguez con los colores del Decano.\n(Foto: Prensa ATU)\" loading=\"lazy\" width=\"720\" height=\"100\" decoding=\"async\" data-nimg=\"1\" src=\"http:\/\/cordobadirecto.com\/wp-content\/uploads\/2025\/06\/el-pulga-rodriguez-le-puso-fecha-a-su-retiro-1.jpg\"><span class=\"epigraphe\">Pulga Rodr\u00edguez con los colores del Decano.<br \/>\n(Foto: Prensa ATU)<\/span><\/div>\n<p><h2><strong>La n\u00fameros en su carrera<\/strong><\/h2>\n<\/p>\n<div class=\"custom-text \" readability=\"35.603225806452\">\n<p><strong>El Pulga debut\u00f3 como profesional en el Decano en el 2008<\/strong>, cuando el equipo militaba en el<a href=\"https:\/\/www.ole.com.ar\/tema\/federal-a.html\" title=\"Federal A\" alt=\"Federal A\" class=\"slug\"> Argentino A<\/a>. All\u00ed, sali\u00f3 campe\u00f3n y repiti\u00f3 al a\u00f1o siguiente en la <a href=\"https:\/\/www.ole.com.ar\/tema\/primera-nacional.html\" title=\"Primera Nacional\" alt=\"Primera Nacional\" class=\"slug\">Primera Nacional<\/a>. En el Argentino,<strong> Rodr\u00edguez disput\u00f3 28 partidos y marc\u00f3 siete tantos, mientras que en la Segunda Divisi\u00f3n jug\u00f3 33 y meti\u00f3 20<\/strong>. <\/p>\n<\/div>\n<div class=\"custom-text \" readability=\"37.041009463722\">\n<p><strong>En el Decano permaneci\u00f3 hasta el 2010 para llegar a <a href=\"https:\/\/www.ole.com.ar\/tema\/newells-old-boys.html\" title=\"Newell's Old Boys\" alt=\"Newell's Old Boys\" class=\"slug\">Newell&#8217;s<\/a>,<\/strong>donde dijo presente en 18 ocasiones y movi\u00f3 las redes en tres oportunidades, para luego retornar al equipo tucumano en 2011 y permanecer ocho a\u00f1os en el club. En toda su trayectoria en Atl\u00e9tico, el Pulga disput\u00f3 325 encuentros y marc\u00f3 130 conquistas.<\/p>\n<\/div>\n<div class=\"custom-text \" readability=\"29.647058823529\">\n<p>Adem\u00e1s, pas\u00f3 por Col\u00f3n (donde sali\u00f3 campe\u00f3n), por<a href=\"https:\/\/www.ole.com.ar\/tema\/gimnasia-de-la-plata.html\" title=\"Gimnasia de La Plata\" alt=\"Gimnasia de La Plata\" class=\"slug\"> Gimnasia de La Plata<\/a>, <a href=\"https:\/\/www.ole.com.ar\/tema\/central-cordoba.html\" title=\"Central C\u00f3rdoba\" alt=\"Central C\u00f3rdoba\" class=\"slug\">Central C\u00f3rdoba<\/a>, <a href=\"https:\/\/www.ole.com.ar\/tema\/gimnasia-de-jujuy.html\" title=\"Gimnasia de Jujuy\" alt=\"Gimnasia de Jujuy\" class=\"slug\">Gimnasia de Jujuy<\/a> y actualmente est\u00e1 en el Decano, con contrato hasta fin de a\u00f1o. \u00bfSeguir\u00e1 all\u00ed en este segundo semestre?<\/p>\n<\/div>\n<div class=\"sc-a7166897-0 eoLsBE\" readability=\"6.5\">\n<section readability=\"3\"><picture><img alt=\"A qu\u00e9 hora juega hoy la Selecci\u00f3n Argentina vs. Chile y por d\u00f3nde se pueden ver las Eliminatorias\" loading=\"lazy\" width=\"290\" height=\"290\" decoding=\"async\" data-nimg=\"1\" src=\"http:\/\/cordobadirecto.com\/wp-content\/uploads\/2025\/06\/el-pulga-rodriguez-le-puso-fecha-a-su-retiro-2.jpg\"><\/picture>\n<p><span>Mir\u00e1 tambi\u00e9n<\/span><\/p>\n<hr>\n<h3>A qu\u00e9 hora juega hoy la Selecci\u00f3n Argentina vs. Chile y por d\u00f3nde se pueden ver las Eliminatorias<\/h3>\n<\/p>\n<\/section>\n<\/div>\n<div class=\"sc-a7166897-0 eoLsBE\" readability=\"6\">\n<section readability=\"2\"><picture><img alt=\"La cuenta regresiva de Scaloni\" loading=\"lazy\" width=\"290\" height=\"290\" decoding=\"async\" data-nimg=\"1\" src=\"http:\/\/cordobadirecto.com\/wp-content\/uploads\/2025\/06\/el-pulga-rodriguez-le-puso-fecha-a-su-retiro-3.jpg\"><\/picture>\n<p><span>Mir\u00e1 tambi\u00e9n<\/span><\/p>\n<hr>\n<h3>La cuenta regresiva de Scaloni<\/h3>\n<\/p>\n<\/section>\n<\/div>\n<div class=\"sc-a7166897-0 eoLsBE\" readability=\"6\">\n<section readability=\"2\"><picture><img alt=\"Argentina y Messi en Chile: una prueba Mundial\" loading=\"lazy\" width=\"290\" height=\"290\" decoding=\"async\" data-nimg=\"1\" src=\"http:\/\/cordobadirecto.com\/wp-content\/uploads\/2025\/06\/el-pulga-rodriguez-le-puso-fecha-a-su-retiro-4.jpg\"><\/picture>\n<p><span>Mir\u00e1 tambi\u00e9n<\/span><\/p>\n<hr>\n<h3>Argentina y Messi en Chile: una prueba Mundial<\/h3>\n<\/p>\n<\/section>\n<\/div>\n<\/div>\n","protected":false},"excerpt":{"rendered":"<p>05\/06\/2025 09:25hs. Actualizado al 05\/06\/2025 09:26hs. Luis Miguel Rodr\u00edguez, m\u00e1s conocido como el Pulga, quedar\u00e1 para siempre en la historia de Col\u00f3n y no s\u00f3lo por disputar la final de la Copa Sudamericana 2019, sino que por ser campe\u00f3n de la Copa de la Liga Profesional 2021 al derrotar a Racing por 3-0. Ante esto, [&hellip;]<\/p>\n","protected":false},"author":1,"featured_media":168062,"comment_status":"closed","ping_status":"closed","sticky":false,"template":"","format":"standard","meta":[],"categories":[21],"tags":[],"_links":{"self":[{"href":"http:\/\/cordobadirecto.com\/index.php\/wp-json\/wp\/v2\/posts\/168061"}],"collection":[{"href":"http:\/\/cordobadirecto.com\/index.php\/wp-json\/wp\/v2\/posts"}],"about":[{"href":"http:\/\/cordobadirecto.com\/index.php\/wp-json\/wp\/v2\/types\/post"}],"author":[{"embeddable":true,"href":"http:\/\/cordobadirecto.com\/index.php\/wp-json\/wp\/v2\/users\/1"}],"replies":[{"embeddable":true,"href":"http:\/\/cordobadirecto.com\/index.php\/wp-json\/wp\/v2\/comments?post=168061"}],"version-history":[{"count":0,"href":"http:\/\/cordobadirecto.com\/index.php\/wp-json\/wp\/v2\/posts\/168061\/revisions"}],"wp:featuredmedia":[{"embeddable":true,"href":"http:\/\/cordobadirecto.com\/index.php\/wp-json\/wp\/v2\/media\/168062"}],"wp:attachment":[{"href":"http:\/\/cordobadirecto.com\/index.php\/wp-json\/wp\/v2\/media?parent=168061"}],"wp:term":[{"taxonomy":"category","embeddable":true,"href":"http:\/\/cordobadirecto.com\/index.php\/wp-json\/wp\/v2\/categories?post=168061"},{"taxonomy":"post_tag","embeddable":true,"href":"http:\/\/cordobadirecto.com\/index.php\/wp-json\/wp\/v2\/tags?post=168061"}],"curies":[{"name":"wp","href":"https:\/\/api.w.org\/{rel}","templated":true}]}}