{"id":168075,"date":"2025-06-05T18:46:14","date_gmt":"2025-06-05T18:46:14","guid":{"rendered":"https:\/\/cordoba.gob.ar\/?p=78458"},"modified":"2025-06-05T18:46:14","modified_gmt":"2025-06-05T18:46:14","slug":"desafio-innovar-por-el-clima-se-ponen-en-marcha-las-17-iniciativas-lideradas-por-jovenes-cordobeses","status":"publish","type":"post","link":"http:\/\/cordobadirecto.com\/index.php\/2025\/06\/05\/desafio-innovar-por-el-clima-se-ponen-en-marcha-las-17-iniciativas-lideradas-por-jovenes-cordobeses\/","title":{"rendered":"Desaf\u00edo Innovar por el Clima: se ponen en marcha las 17 iniciativas lideradas por j\u00f3venes cordobeses"},"content":{"rendered":"<div><img src=\"http:\/\/cordobadirecto.com\/wp-content\/uploads\/2025\/06\/desafio-innovar-por-el-clima-se-ponen-en-marcha-las-17-iniciativas-lideradas-por-jovenes-cordobeses.jpg\" class=\"ff-og-image-inserted\"><\/div>\n<ul>\n<li data-prosemirror-content-type=\"node\" data-prosemirror-node-name=\"paragraph\" data-prosemirror-node-block=\"true\">El lanzamiento estuvo encabezado por el intendente Daniel Passerini junto a autoridades municipales.<\/li>\n<li data-prosemirror-content-type=\"node\" data-prosemirror-node-name=\"paragraph\" data-prosemirror-node-block=\"true\">Los proyectos tratan soluciones innovadoras para combatir los efectos del cambio clim\u00e1tico en la ciudad.<\/li>\n<\/ul>\n<hr>\n<p data-prosemirror-content-type=\"node\" data-prosemirror-node-name=\"paragraph\" data-prosemirror-node-block=\"true\">Con la presencia de m\u00e1s de 120 emprendedores, el intendente Daniel Passerini lanz\u00f3 el Desaf\u00edo Innovar por el Clima 2025. De esta manera inicia el desarrollo e implementaci\u00f3n de los 17 proyectos ambientales seleccionados.<\/p>\n<p data-prosemirror-content-type=\"node\" data-prosemirror-node-name=\"paragraph\" data-prosemirror-node-block=\"true\">Los equipos est\u00e1n conformados por j\u00f3venes cordobeses y contar\u00e1n con el acompa\u00f1amiento t\u00e9cnico y el incentivo financiero de 5.000 d\u00f3lares para cada iniciativa brindado a trav\u00e9s de CorLab, el Laboratorio de Innovaci\u00f3n P\u00fablica y Govtech de la Secretar\u00eda de Ciudad Inteligente y Transformaci\u00f3n Digital, en alianza con Bloomberg Philanthropies.<\/p>\n<p data-prosemirror-content-type=\"node\" data-prosemirror-node-name=\"paragraph\" data-prosemirror-node-block=\"true\">Los proyectos abordan problem\u00e1ticas clave como la gesti\u00f3n de residuos, restauraci\u00f3n ecol\u00f3gica, educaci\u00f3n ambiental, infraestructura verde, accesibilidad urbana, monitoreo ambiental con tecnolog\u00eda y soluciones de adaptaci\u00f3n al calor extremo. Las iniciativas se realizan en articulaci\u00f3n con instituciones acad\u00e9micas, organizaciones sociales y el sector privado; y ser\u00e1n implementadas en diferentes puntos de la ciudad durante los pr\u00f3ximos meses.<\/p>\n<p data-prosemirror-content-type=\"node\" data-prosemirror-node-name=\"paragraph\" data-prosemirror-node-block=\"true\">Durante la apertura, el intendente Daniel Passerini destac\u00f3 el compromiso y la creatividad de las juventudes cordobesas para pensar y construir una ciudad m\u00e1s sostenible: \u201cHoy no solo celebramos ideas, sino la capacidad de ponerlas en acci\u00f3n. Estas 17 propuestas no se quedan en el papel: van a estar presentes en nuestras calles, nuestros parques, nuestros barrios\u201d.<\/p>\n<p data-prosemirror-content-type=\"node\" data-prosemirror-node-name=\"paragraph\" data-prosemirror-node-block=\"true\">Por su parte, el Coach Regional de Sudam\u00e9rica por Youth Climate Action Fund (YCAF) de Bloomberg Philanthropies, Sebasti\u00e1n Araujo, comparti\u00f3 una perspectiva internacional sobre el rol de las juventudes en la acci\u00f3n clim\u00e1tica y expres\u00f3: \u201cC\u00f3rdoba es un ejemplo entre lo que llamamos sinapsis y sinergia porque han seleccionado una gama muy diversa, en lo que respecta al alcance del proyecto. Involucra accesibilidad, biodiversidad, tratamiento de residuos org\u00e1nicos, sensores y m\u00e1s\u201d.<\/p>\n<p data-prosemirror-content-type=\"node\" data-prosemirror-node-name=\"paragraph\" data-prosemirror-node-block=\"true\">El evento tambi\u00e9n cont\u00f3 con la presencia de referentes del sector universitario, empresas, ONG y autoridades municipales: el secretario de Ciudad Inteligente y Transformaci\u00f3n Digital, Ignacio Gei; el secretario de Ambiente Sustentable y Econom\u00eda Circular, Gabriel Mart\u00edn; y el Presidente del Ente Bio C\u00f3rdoba, Fabi\u00e1n Lattanzi.<\/p>\n<p data-prosemirror-content-type=\"node\" data-prosemirror-node-name=\"paragraph\" data-prosemirror-node-block=\"true\">Desaf\u00edo Innovar por el Clima forma parte de una pol\u00edtica p\u00fablica que busca incentivar la innovaci\u00f3n ciudadana como herramienta clave frente a los desaf\u00edos ambientales mediante ejes de trabajo que tienen que ver con el co-dise\u00f1o, co-producci\u00f3n y co-gobierno junto a las organizaciones locales.<\/p>\n","protected":false},"excerpt":{"rendered":"<p>El lanzamiento estuvo encabezado por el intendente Daniel Passerini junto a autoridades municipales. Los proyectos tratan soluciones innovadoras para combatir los efectos del cambio clim\u00e1tico en la ciudad. Con la presencia de m\u00e1s de 120 emprendedores, el intendente Daniel Passerini lanz\u00f3 el Desaf\u00edo Innovar por el Clima 2025. De esta manera inicia el desarrollo e [&hellip;]<\/p>\n","protected":false},"author":1,"featured_media":168076,"comment_status":"closed","ping_status":"closed","sticky":false,"template":"","format":"standard","meta":[],"categories":[44],"tags":[],"_links":{"self":[{"href":"http:\/\/cordobadirecto.com\/index.php\/wp-json\/wp\/v2\/posts\/168075"}],"collection":[{"href":"http:\/\/cordobadirecto.com\/index.php\/wp-json\/wp\/v2\/posts"}],"about":[{"href":"http:\/\/cordobadirecto.com\/index.php\/wp-json\/wp\/v2\/types\/post"}],"author":[{"embeddable":true,"href":"http:\/\/cordobadirecto.com\/index.php\/wp-json\/wp\/v2\/users\/1"}],"replies":[{"embeddable":true,"href":"http:\/\/cordobadirecto.com\/index.php\/wp-json\/wp\/v2\/comments?post=168075"}],"version-history":[{"count":0,"href":"http:\/\/cordobadirecto.com\/index.php\/wp-json\/wp\/v2\/posts\/168075\/revisions"}],"wp:featuredmedia":[{"embeddable":true,"href":"http:\/\/cordobadirecto.com\/index.php\/wp-json\/wp\/v2\/media\/168076"}],"wp:attachment":[{"href":"http:\/\/cordobadirecto.com\/index.php\/wp-json\/wp\/v2\/media?parent=168075"}],"wp:term":[{"taxonomy":"category","embeddable":true,"href":"http:\/\/cordobadirecto.com\/index.php\/wp-json\/wp\/v2\/categories?post=168075"},{"taxonomy":"post_tag","embeddable":true,"href":"http:\/\/cordobadirecto.com\/index.php\/wp-json\/wp\/v2\/tags?post=168075"}],"curies":[{"name":"wp","href":"https:\/\/api.w.org\/{rel}","templated":true}]}}