{"id":168127,"date":"2025-06-05T22:07:28","date_gmt":"2025-06-05T22:07:28","guid":{"rendered":"https:\/\/www.ole.com.ar\/autos\/flavio-briatore-jefe-colapinto-hablo-alpine-futuro-motor-caja-pilotos-nuevo-jefe-equipo_0_ghJrcy88r0.html"},"modified":"2025-06-05T22:07:28","modified_gmt":"2025-06-05T22:07:28","slug":"flavio-briatore-y-el-alpine-del-futuro-colapinto-motor-caja-pilotos-nuevo-jefe-de-equipo","status":"publish","type":"post","link":"http:\/\/cordobadirecto.com\/index.php\/2025\/06\/05\/flavio-briatore-y-el-alpine-del-futuro-colapinto-motor-caja-pilotos-nuevo-jefe-de-equipo\/","title":{"rendered":"Flavio Briatore y el Alpine del futuro: Colapinto, motor, caja, pilotos, nuevo jefe de equipo&#8230;"},"content":{"rendered":"<p><time class=\"createDate\" datetime=\"2025-06-05T19:07:28-03:00\">05\/06\/2025 19:07hs.<\/time><\/p>\n<div id=\"storyBody\">\n<div class=\"custom-text \" readability=\"38.378516624041\">\n<p>Si bien parece que la <strong><a href=\"https:\/\/www.ole.com.ar\/tema\/formula-1.html\" title=\"F\u00f3rmula 1\" alt=\"F\u00f3rmula 1\" class=\"slug\">F\u00f3rmula 1<\/a><\/strong> no tiene paciencia ni espera por resultados, conformado por los cambios de pilotos que a\u00f1o a a\u00f1o se ven en medio de las temporadas, <strong><a href=\"https:\/\/www.ole.com.ar\/tema\/flavio-briatore.html\" title=\"Flavio Briatore\" alt=\"Flavio Briatore\" class=\"slug\">Flavio Briatore<\/a><\/strong>, responsable m\u00e1ximo de la escuder\u00eda <strong>Alpine <\/strong>-al menos en cuanto a su rendimiento-, apunta al a\u00f1o que viene e, incluso, al 2027 como el momento en el que el auto tendr\u00eda que alcanzar su pico de competencia.<\/p>\n<\/div>\n<div class=\"custom-text \" readability=\"40\">\n<p>El italiano piensa en este 2025 como parte de un desarrollo, a la 2026 como la temporada en la que el monoplaza deber\u00eda sumar algunos podios y, al 2027, como el a\u00f1o en el que los triunfos empezar\u00e1n a aparecer. Para que eso ocurra, <strong>el auto y la escuder\u00eda necesitan cambios<\/strong>, de los cuales se explay\u00f3 en una entrevista que publica el sitio oficial de la F\u00f3rmula 1.<\/p>\n<\/div>\n<p><h2>Las palabras de Flavio Briatore, el jefe de Franco Colapinto en Alpine<\/h2>\n<\/p>\n<div class=\"custom-text \" readability=\"39\">\n<p>\u201cHemos vuelto al negocio con Alpine. No es f\u00e1cil porque el equipo ha experimentado muchos cambios, especialmente en los \u00faltimos cuatro o cinco a\u00f1os, no solo ahora. <strong>Pero poco a poco, intentamos consolidar el equipo, a la gente<\/strong>&#8220;, explic\u00f3 el tano de 75 a\u00f1os.<\/p>\n<\/div>\n<div class=\"sc-e7b891c4-0 ifHnQL image-embed\"><img alt=\"Briatore junto a Pierre Gasly.\" loading=\"lazy\" width=\"720\" height=\"100\" decoding=\"async\" data-nimg=\"1\" src=\"http:\/\/cordobadirecto.com\/wp-content\/uploads\/2025\/06\/flavio-briatore-y-el-alpine-del-futuro-colapinto-motor-caja-pilotos-nuevo-jefe-de-equipo.jpg\"><span class=\"epigraphe\">Briatore junto a Pierre Gasly.<\/span><\/div>\n<div class=\"custom-text \" readability=\"45\">\n<p>&#8220;Tambi\u00e9n estamos pensando en el pr\u00f3ximo a\u00f1o: en el nuevo motor y la nueva caja de cambios de Mercedes-Benz. As\u00ed que este es nuestro objetivo para el 2026. Mientras tanto, necesitamos ser m\u00e1s competitivos. <strong>De momento no lo somos, como quisiera, pero lleva tiempo<\/strong>&#8220;, a\u00f1adi\u00f3, primero en referencia a que \u00e9sta es la \u00faltima temporada con los impulsores Renault. &#8220;Construir un coche ganador, una carrera ganadora, un equipo ganador, requiere mucho tiempo. S\u00e9 que lo he hecho antes. Espero volver a hacerlo&#8221;, agreg\u00f3 en referencia a su exitoso pasado en Benetton y Renault, cuando sac\u00f3 campeones a Michael Schumacher (1994) y Fernando Alonso (2005 y 2006).<\/p>\n<\/div>\n<div class=\"custom-text \" readability=\"41\">\n<p>Respecto a su idea de explotar en el 2027, coment\u00f3 su el equipo se est\u00e1 armando para lograrlo: &#8221; Tambi\u00e9n necesitas un sue\u00f1o. Cuando est\u00e1s en la F\u00f3rmula 1, tambi\u00e9n sue\u00f1as con hacer el trabajo. <strong>Tienes esperanza. Y en este momento, el equipo es bastante nuevo. El equipo no est\u00e1 rindiendo como quer\u00eda porque todav\u00eda tenemos\u2026 gran parte de la situaci\u00f3n en el equipo no est\u00e1 clara<\/strong>. Pero tenemos que aclararlo todo. Antes de empezar a rendir como quiero, creo que necesitamos todo 2025 ahora, y necesitamos 2026 para ser competitivos, para al menos ver el podio muy cerca en alg\u00fan momento. Eso es lo que buscamos&#8221;.<\/p>\n<\/div>\n<div class=\"sc-e7b891c4-0 ifHnQL image-embed\"><img alt=\"Briatore y Doohan.\" loading=\"lazy\" width=\"720\" height=\"100\" decoding=\"async\" data-nimg=\"1\" src=\"http:\/\/cordobadirecto.com\/wp-content\/uploads\/2025\/06\/flavio-briatore-y-el-alpine-del-futuro-colapinto-motor-caja-pilotos-nuevo-jefe-de-equipo-1.jpg\"><span class=\"epigraphe\">Briatore y Doohan.<\/span><\/div>\n<div class=\"custom-text \" readability=\"34\">\n<p>En ese sentido, se pregunt\u00f3: &#8220;\u00bfY por qu\u00e9 no en 2027? Ya veremos qu\u00e9 le pas\u00f3 a Red Bull. Ya veremos qu\u00e9 les pas\u00f3 a todos los dem\u00e1s. Depende tambi\u00e9n del tipo de piloto que tengamos en 2027&#8221;.<\/p>\n<\/div>\n<div class=\"custom-text \" readability=\"37.95652173913\">\n<p>Al respecto, Sky Sports le hab\u00eda preguntado por <strong><a href=\"https:\/\/www.ole.com.ar\/tema\/franco-colapinto.html\" title=\"Franco Colapinto\" alt=\"Franco Colapinto\" class=\"slug\">Franco Colapinto<\/a><\/strong> tras su desempe\u00f1o global en estas tres carreras con Alpine. Briatore contest\u00f3: &#8220;Si dijera que estoy contento ahora, mentir\u00eda. No estoy nada contento. Ahora tenemos que ver c\u00f3mo evoluciona la temporada para \u00e9l. Claro que tambi\u00e9n hay que reconocer que <strong>Franco es muy joven (22) y tiene mucha presi\u00f3n de todos lados, no solo de Argentina<\/strong>. Ahora se ha adaptado poco a poco. Franco es lo suficientemente fuerte. En este trabajo, hay que recuperar la confianza lo antes posible. As\u00ed que espero que lo logre pronto y se encamine\u201d.<\/p>\n<\/div>\n<div class=\"custom-text \" readability=\"46\">\n<p>Finalmente, el piamont\u00e9s se refiri\u00f3 a un hueco que se debe llenar en Alpine, el del director de equipo, puesto que adopt\u00f3 quien en el 2024 lleg\u00f3 a la escuder\u00eda como asesor especial, tras la renuncia de <strong>Oliver Oakes<\/strong> justo antes de que debutara Fran este a\u00f1o en Imola. &#8220;<strong>Estamos buscando. Por el momento, nada ha cambiado<\/strong>. Lo siento por Ollie, sinceramente, porque tuve una muy buena relaci\u00f3n con \u00e9l. Era un buen director de equipo. Pero todo el mundo sabe que, por motivos personales, dej\u00f3 Alpine y renunci\u00f3. Estamos investigando. No queremos cometer ning\u00fan error. Estoy dispuesto a tomarme un tiempo. Pero en cuanto decidamos qui\u00e9n ser\u00e1 el nuevo director del equipo, dicho as\u00ed, se lo diremos&#8221;.<\/p>\n<\/div>\n<div class=\"sc-a7166897-0 eoLsBE\" readability=\"6.5\">\n<section readability=\"3\"><picture><img alt=\"Qu\u00e9 hizo Franco Colapinto con Alpine despu\u00e9s de Barcelona y cuando viajan para el GP de Canad\u00e1\" loading=\"lazy\" width=\"290\" height=\"290\" decoding=\"async\" data-nimg=\"1\" src=\"http:\/\/cordobadirecto.com\/wp-content\/uploads\/2025\/06\/flavio-briatore-y-el-alpine-del-futuro-colapinto-motor-caja-pilotos-nuevo-jefe-de-equipo-2.jpg\"><\/picture>\n<p><span>Mir\u00e1 tambi\u00e9n<\/span><\/p>\n<hr>\n<h3>Qu\u00e9 hizo Franco Colapinto con Alpine despu\u00e9s de Barcelona y cuando viajan para el GP de Canad\u00e1<\/h3>\n<\/p>\n<\/section>\n<\/div>\n<div class=\"sc-a7166897-0 eoLsBE\" readability=\"6.5\">\n<section readability=\"3\"><picture><img alt=\"Se viene con Franco Colapinto el GP de Canad\u00e1, marcado por un brutal accidente\" loading=\"lazy\" width=\"290\" height=\"290\" decoding=\"async\" data-nimg=\"1\" src=\"http:\/\/cordobadirecto.com\/wp-content\/uploads\/2025\/06\/flavio-briatore-y-el-alpine-del-futuro-colapinto-motor-caja-pilotos-nuevo-jefe-de-equipo-3.jpg\"><\/picture>\n<p><span>Mir\u00e1 tambi\u00e9n<\/span><\/p>\n<hr>\n<h3>Se viene con Franco Colapinto el GP de Canad\u00e1, marcado por un brutal accidente<\/h3>\n<\/p>\n<\/section>\n<\/div>\n<div class=\"sc-a7166897-0 eoLsBE\" readability=\"7\">\n<section readability=\"4\"><picture><img alt=\"As\u00ed es el Gilles Villeneuve, el circuito bravo para el GP de Canad\u00e1 que no conoce Franco Colapinto\" loading=\"lazy\" width=\"290\" height=\"290\" decoding=\"async\" data-nimg=\"1\" src=\"http:\/\/cordobadirecto.com\/wp-content\/uploads\/2025\/06\/flavio-briatore-y-el-alpine-del-futuro-colapinto-motor-caja-pilotos-nuevo-jefe-de-equipo-4.jpg\"><\/picture>\n<p><span>Mir\u00e1 tambi\u00e9n<\/span><\/p>\n<hr>\n<h3>As\u00ed es el Gilles Villeneuve, el circuito bravo para el GP de Canad\u00e1 que no conoce Franco Colapinto<\/h3>\n<\/p>\n<\/section>\n<\/div>\n<div class=\"sc-a7166897-0 eoLsBE\" readability=\"6\">\n<section readability=\"2\"><picture><img alt=\"La FIA lanz\u00f3 otro comunicado por un hecho similar al del cruce Colapinto y Tsunoda \" loading=\"lazy\" width=\"290\" height=\"290\" decoding=\"async\" data-nimg=\"1\" src=\"http:\/\/cordobadirecto.com\/wp-content\/uploads\/2025\/06\/flavio-briatore-y-el-alpine-del-futuro-colapinto-motor-caja-pilotos-nuevo-jefe-de-equipo-5.jpg\"><\/picture>\n<p><span>Mir\u00e1 tambi\u00e9n<\/span><\/p>\n<hr>\n<h3>La FIA lanz\u00f3 otro comunicado por un hecho similar al del cruce Colapinto y Tsunoda<br \/>\n<\/h3>\n<\/p>\n<\/section>\n<\/div>\n<\/div>\n","protected":false},"excerpt":{"rendered":"<p>05\/06\/2025 19:07hs. Si bien parece que la F\u00f3rmula 1 no tiene paciencia ni espera por resultados, conformado por los cambios de pilotos que a\u00f1o a a\u00f1o se ven en medio de las temporadas, Flavio Briatore, responsable m\u00e1ximo de la escuder\u00eda Alpine -al menos en cuanto a su rendimiento-, apunta al a\u00f1o que viene e, incluso, [&hellip;]<\/p>\n","protected":false},"author":1,"featured_media":168128,"comment_status":"closed","ping_status":"closed","sticky":false,"template":"","format":"standard","meta":[],"categories":[21],"tags":[],"_links":{"self":[{"href":"http:\/\/cordobadirecto.com\/index.php\/wp-json\/wp\/v2\/posts\/168127"}],"collection":[{"href":"http:\/\/cordobadirecto.com\/index.php\/wp-json\/wp\/v2\/posts"}],"about":[{"href":"http:\/\/cordobadirecto.com\/index.php\/wp-json\/wp\/v2\/types\/post"}],"author":[{"embeddable":true,"href":"http:\/\/cordobadirecto.com\/index.php\/wp-json\/wp\/v2\/users\/1"}],"replies":[{"embeddable":true,"href":"http:\/\/cordobadirecto.com\/index.php\/wp-json\/wp\/v2\/comments?post=168127"}],"version-history":[{"count":0,"href":"http:\/\/cordobadirecto.com\/index.php\/wp-json\/wp\/v2\/posts\/168127\/revisions"}],"wp:featuredmedia":[{"embeddable":true,"href":"http:\/\/cordobadirecto.com\/index.php\/wp-json\/wp\/v2\/media\/168128"}],"wp:attachment":[{"href":"http:\/\/cordobadirecto.com\/index.php\/wp-json\/wp\/v2\/media?parent=168127"}],"wp:term":[{"taxonomy":"category","embeddable":true,"href":"http:\/\/cordobadirecto.com\/index.php\/wp-json\/wp\/v2\/categories?post=168127"},{"taxonomy":"post_tag","embeddable":true,"href":"http:\/\/cordobadirecto.com\/index.php\/wp-json\/wp\/v2\/tags?post=168127"}],"curies":[{"name":"wp","href":"https:\/\/api.w.org\/{rel}","templated":true}]}}