{"id":168138,"date":"2025-06-07T07:04:13","date_gmt":"2025-06-07T07:04:13","guid":{"rendered":"http:\/\/cordobadirecto.com\/index.php\/2025\/06\/07\/la-ucr-se-fragmenta-entre-un-armado-de-centro-y-acercamientos-al-gobierno-en-tres\/"},"modified":"2025-06-07T07:04:13","modified_gmt":"2025-06-07T07:04:13","slug":"la-ucr-se-fragmenta-entre-un-armado-de-centro-y-acercamientos-al-gobierno-en-tres","status":"publish","type":"post","link":"http:\/\/cordobadirecto.com\/index.php\/2025\/06\/07\/la-ucr-se-fragmenta-entre-un-armado-de-centro-y-acercamientos-al-gobierno-en-tres\/","title":{"rendered":"La UCR se fragmenta entre un armado de centro y acercamientos al Gobierno en tres &#8230;"},"content":{"rendered":"<p>En <b>C\u00f3rdoba<\/b> hay malestar interno y en Mendoza se demora la definici\u00f3n del calendario electoral. &#8230; econ\u00f3mico y pol\u00edtico del gobierno de Javier Milei. <\/p>\n","protected":false},"excerpt":{"rendered":"<p>En C\u00f3rdoba hay malestar interno y en Mendoza se demora la definici\u00f3n del calendario electoral. &#8230; econ\u00f3mico y pol\u00edtico del gobierno de Javier Milei.<\/p>\n","protected":false},"author":1,"featured_media":0,"comment_status":"closed","ping_status":"closed","sticky":false,"template":"","format":"standard","meta":[],"categories":[40],"tags":[],"_links":{"self":[{"href":"http:\/\/cordobadirecto.com\/index.php\/wp-json\/wp\/v2\/posts\/168138"}],"collection":[{"href":"http:\/\/cordobadirecto.com\/index.php\/wp-json\/wp\/v2\/posts"}],"about":[{"href":"http:\/\/cordobadirecto.com\/index.php\/wp-json\/wp\/v2\/types\/post"}],"author":[{"embeddable":true,"href":"http:\/\/cordobadirecto.com\/index.php\/wp-json\/wp\/v2\/users\/1"}],"replies":[{"embeddable":true,"href":"http:\/\/cordobadirecto.com\/index.php\/wp-json\/wp\/v2\/comments?post=168138"}],"version-history":[{"count":0,"href":"http:\/\/cordobadirecto.com\/index.php\/wp-json\/wp\/v2\/posts\/168138\/revisions"}],"wp:attachment":[{"href":"http:\/\/cordobadirecto.com\/index.php\/wp-json\/wp\/v2\/media?parent=168138"}],"wp:term":[{"taxonomy":"category","embeddable":true,"href":"http:\/\/cordobadirecto.com\/index.php\/wp-json\/wp\/v2\/categories?post=168138"},{"taxonomy":"post_tag","embeddable":true,"href":"http:\/\/cordobadirecto.com\/index.php\/wp-json\/wp\/v2\/tags?post=168138"}],"curies":[{"name":"wp","href":"https:\/\/api.w.org\/{rel}","templated":true}]}}