{"id":168159,"date":"2025-06-07T19:00:34","date_gmt":"2025-06-07T19:00:34","guid":{"rendered":"https:\/\/www.ole.com.ar\/autos\/valentin-perrone-qualy-gp-aragon-fin-semana-octava-fecha-temporada-espana_0_d2LwmOUUIR.html"},"modified":"2025-06-07T19:00:34","modified_gmt":"2025-06-07T19:00:34","slug":"como-le-fue-a-valentin-perrone-en-la-qualy-del-gp-de-aragon","status":"publish","type":"post","link":"http:\/\/cordobadirecto.com\/index.php\/2025\/06\/07\/como-le-fue-a-valentin-perrone-en-la-qualy-del-gp-de-aragon\/","title":{"rendered":"C\u00f3mo le fue a Valent\u00edn Perrone en la qualy del GP de Arag\u00f3n"},"content":{"rendered":"<p><span class=\"createDate\">07\/06\/2025 16:00hs.<\/span><time class=\"modificatedDate\" datetime=\"2025-06-07T16:11:26-03:00\"> Actualizado al 07\/06\/2025 16:11hs.<\/time><\/p>\n<div id=\"storyBody\">\n<div class=\"custom-text \" readability=\"40\">\n<p><strong>Este s\u00e1bado, Valent\u00edn Perrone, a bordo de la KTM del equipo Tech3, disput\u00f3 la Q2 de la clasificaci\u00f3n del GP de Arag\u00f3n, <\/strong>en Espa\u00f1a, correspondiente a la octava fecha del Mundial de Moto3. <strong>Ponete c\u00f3modo, que ac\u00e1 te contamos todos los detalles<\/strong> del pibe de 17 a\u00f1os en las dos ruedas\u2026<\/p>\n<\/div>\n<p><h2><strong>C\u00f3mo le fue a Perrone en la qualy del GP de Arag\u00f3n de Moto3<\/strong><\/h2>\n<\/p>\n<div class=\"custom-text \" readability=\"40\">\n<p><strong>Perrone no logr\u00f3 reducir la brecha con la punta durante las dos primeras jornadas del fin de semana en Arag\u00f3n.<\/strong> Luego de haber sido d\u00e9cimo en la pr\u00e1ctica, a 1s123 del l\u00edder, el Coyote consigui\u00f3 el pase directo a la Q2. <strong>En la clasificaci\u00f3n, se ubic\u00f3 15\u00ba,<\/strong> a 1s535 del espa\u00f1ol Jos\u00e9 Antonio Rueda, quien se qued\u00f3 con la pole.<\/p>\n<\/div>\n<div class=\"sc-e7b891c4-0 ifHnQL image-embed\"><img alt=\"Valent\u00edn Perrone, piloto argentino de Moto3. (IG)\" loading=\"lazy\" width=\"720\" height=\"100\" decoding=\"async\" data-nimg=\"1\" src=\"http:\/\/cordobadirecto.com\/wp-content\/uploads\/2025\/06\/como-le-fue-a-valentin-perrone-en-la-qualy-del-gp-de-aragon.jpg\"><span class=\"epigraphe\">Valent\u00edn Perrone, piloto argentino de Moto3. (IG)<\/span><\/div>\n<div class=\"custom-text \" readability=\"41\">\n<p><strong>El #73 viene de lograr su mejor resultado mundialista en el GP de Gran Breta\u00f1a,<\/strong> al cruzar la l\u00ednea de meta en el quinto puesto en Silverstone. Sin embargo, este fin de semana en el circuito de Motorland no logr\u00f3 meterse con firmeza en el grupo de los diez de adelante. En su \u00faltimo intento, se vio perjudicado por la bandera amarilla provocada por la ca\u00edda del ib\u00e9rico David Almansa. <strong>Por eso, deber\u00e1 largar desde la quinta fila, desde donde buscar\u00e1 avanzar en carrera este domingo,<\/strong> como ya lo demostr\u00f3 a lo largo de esta temporada.<\/p>\n<\/div>\n<div class=\"custom-text \" readability=\"33\">\n<p><strong>Perrone necesitar\u00e1 una buena largada con su KTM<\/strong> para prenderse en el pelot\u00f3n delantero y as\u00ed luchar por sumar una buena cantidad de puntos.<\/p>\n<\/div>\n<p><h2><strong>Qu\u00e9 dijo Perrone luego de la qualy<\/strong><\/h2>\n<\/p>\n<div class=\"custom-text \" readability=\"44\">\n<p><strong>Perrone,<\/strong> luego de la qualy, se\u00f1al\u00f3: <strong>&#8220;No fue la mejor qualy del a\u00f1o. Terminamos 15\u00b0, comet\u00ed varios errores, pero las sensaciones eran buenas.<\/strong> Sabemos que vamos a estar ah\u00ed adelante, peleando. Lo que tengo que hacer es aprender del error que comet\u00ed ayer (viernes) y del de hoy (s\u00e1bado), para que no me vuelva a pasar en las pr\u00f3ximas carreras. <strong>Al final, es el primer error que cometo en qualy, as\u00ed que bueno, intentaremos que no vuelva a suceder&#8221;.<\/strong><\/p>\n<\/div>\n<div class=\"sc-e7b891c4-0 ifHnQL image-embed\"><img alt=\"El pibe de 17 a\u00f1os a bordo de la KTM Tech3.\n(EFE\/Jos\u00e9 Manuel Vidal)\" loading=\"lazy\" width=\"720\" height=\"100\" decoding=\"async\" data-nimg=\"1\" src=\"http:\/\/cordobadirecto.com\/wp-content\/uploads\/2025\/06\/como-le-fue-a-valentin-perrone-en-la-qualy-del-gp-de-aragon-1.jpg\"><span class=\"epigraphe\">El pibe de 17 a\u00f1os a bordo de la KTM Tech3.<br \/>\n(EFE\/Jos\u00e9 Manuel Vidal)<\/span><\/div>\n<div class=\"custom-text \" readability=\"40\">\n<p>A lo que a\u00f1adi\u00f3: <strong>&#8220;Ma\u00f1ana ser\u00e1 una carrera muy complicada, saliendo desde esa posici\u00f3n. <\/strong>Rueda (el poleman) tiene muy buen ritmo e intentar\u00e1 romper el grupo en las primeras vueltas, as\u00ed que <strong>intentar\u00e9 acercarme lo m\u00e1ximo posible a \u00e9l. <\/strong>Tambi\u00e9n tratar\u00e9 de cuidar y gestionar el neum\u00e1tico, porque en este circuito la goma se desgasta mucho. <strong>La idea es conservarlo, ser suave con el acelerador, levantar la moto\u2026 y a ver qu\u00e9 podemos hacer&#8221;.<\/strong><\/p>\n<\/div>\n<p><h2><strong>Marc M\u00e1rquez arras\u00f3 en la Sprint del MotoGP en Arag\u00f3n<\/strong><\/h2>\n<\/p>\n<div class=\"custom-text \" readability=\"36\">\n<p><strong>Marc M\u00e1rquez (Ducati) se repuso de una mala largada y se qued\u00f3 con la Sprint a 11 vueltas<\/strong> en el marco de la octava fecha del Mundial de MotoGP para estirar su ventaja al frente de la tabla. \u00c1lex M\u00e1rquez (Ducati) fue segundo y Ferm\u00edn Aldeguer (Ducati), tercero. <strong>El #93 lidera el campeonato con 208 puntos.<\/strong><\/p>\n<\/div>\n<div class=\"sc-e7b891c4-0 ifHnQL image-embed\"><img alt=\"Marc M\u00e1rquez arras\u00f3 en la Sprint del GP de Arag\u00f3n.\n(EFE\/Javier Cebollada)\" loading=\"lazy\" width=\"720\" height=\"100\" decoding=\"async\" data-nimg=\"1\" src=\"http:\/\/cordobadirecto.com\/wp-content\/uploads\/2025\/06\/como-le-fue-a-valentin-perrone-en-la-qualy-del-gp-de-aragon-2.jpg\"><span class=\"epigraphe\">Marc M\u00e1rquez arras\u00f3 en la Sprint del GP de Arag\u00f3n.<br \/>\n(EFE\/Javier Cebollada)<\/span><\/div>\n<div class=\"sc-a7166897-0 eoLsBE\" readability=\"6\">\n<section readability=\"2\"><picture><img alt=\"Gran viernes de Valent\u00edn Perrone en Arag\u00f3n: clasific\u00f3 a la Q2 en Moto3\" loading=\"lazy\" width=\"290\" height=\"290\" decoding=\"async\" data-nimg=\"1\" src=\"http:\/\/cordobadirecto.com\/wp-content\/uploads\/2025\/06\/como-le-fue-a-valentin-perrone-en-la-qualy-del-gp-de-aragon-3.jpg\"><\/picture>\n<p><span>Mir\u00e1 tambi\u00e9n<\/span><\/p>\n<hr>\n<h3>Gran viernes de Valent\u00edn Perrone en Arag\u00f3n: clasific\u00f3 a la Q2 en Moto3<\/h3>\n<\/p>\n<\/section>\n<\/div>\n<div class=\"sc-a7166897-0 eoLsBE\" readability=\"6.5\">\n<section readability=\"3\"><picture><img alt=\"Qu\u00e9 hizo Franco Colapinto con Alpine despu\u00e9s de Barcelona y cuando viajan para el GP de Canad\u00e1\" loading=\"lazy\" width=\"290\" height=\"290\" decoding=\"async\" data-nimg=\"1\" src=\"http:\/\/cordobadirecto.com\/wp-content\/uploads\/2025\/06\/como-le-fue-a-valentin-perrone-en-la-qualy-del-gp-de-aragon-4.jpg\"><\/picture>\n<p><span>Mir\u00e1 tambi\u00e9n<\/span><\/p>\n<hr>\n<h3>Qu\u00e9 hizo Franco Colapinto con Alpine despu\u00e9s de Barcelona y cuando viajan para el GP de Canad\u00e1<\/h3>\n<\/p>\n<\/section>\n<\/div>\n<div class=\"sc-a7166897-0 eoLsBE\" readability=\"8.5\">\n<section readability=\"7\"><picture><img alt=\"Flavio Briatore y el Alpine del futuro: Colapinto, motor, caja, pilotos, nuevo jefe de equipo... \" loading=\"lazy\" width=\"290\" height=\"290\" decoding=\"async\" data-nimg=\"1\" src=\"http:\/\/cordobadirecto.com\/wp-content\/uploads\/2025\/06\/como-le-fue-a-valentin-perrone-en-la-qualy-del-gp-de-aragon-5.jpg\"><\/picture>\n<p><span>Mir\u00e1 tambi\u00e9n<\/span><\/p>\n<hr>\n<h3>Flavio Briatore y el Alpine del futuro: Colapinto, motor, caja, pilotos, nuevo jefe de equipo&#8230; <\/h3>\n<\/p>\n<\/section>\n<\/div>\n<\/div>\n","protected":false},"excerpt":{"rendered":"<p>07\/06\/2025 16:00hs. Actualizado al 07\/06\/2025 16:11hs. Este s\u00e1bado, Valent\u00edn Perrone, a bordo de la KTM del equipo Tech3, disput\u00f3 la Q2 de la clasificaci\u00f3n del GP de Arag\u00f3n, en Espa\u00f1a, correspondiente a la octava fecha del Mundial de Moto3. Ponete c\u00f3modo, que ac\u00e1 te contamos todos los detalles del pibe de 17 a\u00f1os en las [&hellip;]<\/p>\n","protected":false},"author":1,"featured_media":168160,"comment_status":"closed","ping_status":"closed","sticky":false,"template":"","format":"standard","meta":[],"categories":[21],"tags":[],"_links":{"self":[{"href":"http:\/\/cordobadirecto.com\/index.php\/wp-json\/wp\/v2\/posts\/168159"}],"collection":[{"href":"http:\/\/cordobadirecto.com\/index.php\/wp-json\/wp\/v2\/posts"}],"about":[{"href":"http:\/\/cordobadirecto.com\/index.php\/wp-json\/wp\/v2\/types\/post"}],"author":[{"embeddable":true,"href":"http:\/\/cordobadirecto.com\/index.php\/wp-json\/wp\/v2\/users\/1"}],"replies":[{"embeddable":true,"href":"http:\/\/cordobadirecto.com\/index.php\/wp-json\/wp\/v2\/comments?post=168159"}],"version-history":[{"count":0,"href":"http:\/\/cordobadirecto.com\/index.php\/wp-json\/wp\/v2\/posts\/168159\/revisions"}],"wp:featuredmedia":[{"embeddable":true,"href":"http:\/\/cordobadirecto.com\/index.php\/wp-json\/wp\/v2\/media\/168160"}],"wp:attachment":[{"href":"http:\/\/cordobadirecto.com\/index.php\/wp-json\/wp\/v2\/media?parent=168159"}],"wp:term":[{"taxonomy":"category","embeddable":true,"href":"http:\/\/cordobadirecto.com\/index.php\/wp-json\/wp\/v2\/categories?post=168159"},{"taxonomy":"post_tag","embeddable":true,"href":"http:\/\/cordobadirecto.com\/index.php\/wp-json\/wp\/v2\/tags?post=168159"}],"curies":[{"name":"wp","href":"https:\/\/api.w.org\/{rel}","templated":true}]}}