{"id":168161,"date":"2025-06-07T01:05:32","date_gmt":"2025-06-07T01:05:32","guid":{"rendered":"https:\/\/www.ole.com.ar\/autos\/tc2000-rosario-tercera-fecha-corren-ver-tv_0_OgsXBIEHZ0.html"},"modified":"2025-06-07T01:05:32","modified_gmt":"2025-06-07T01:05:32","slug":"a-que-hora-corre-y-por-donde-ver-el-tc2000-en-rosario","status":"publish","type":"post","link":"http:\/\/cordobadirecto.com\/index.php\/2025\/06\/07\/a-que-hora-corre-y-por-donde-ver-el-tc2000-en-rosario\/","title":{"rendered":"A qu\u00e9 hora corre y por d\u00f3nde ver el TC2000 en Rosario"},"content":{"rendered":"<p><span class=\"createDate\">06\/06\/2025 22:05hs.<\/span><time class=\"modificatedDate\" datetime=\"2025-06-06T22:06:49-03:00\"> Actualizado al 06\/06\/2025 22:06hs.<\/time><\/p>\n<div id=\"storyBody\">\n<div class=\"custom-text \" readability=\"40\">\n<p><strong>Despu\u00e9s de las dos primeras fechas en Ober\u00e1 y Buenos Aires, <\/strong>ambas ganadas por Emiliano Stang, <strong>el TC2000 viaja al Aut\u00f3dromo Ciudad de Rosario para disputar la tercera carrera del calendario.<\/strong> En suelo santafesino, volver\u00e1n a salir a la pista las multiv\u00e1lvulas.<strong> A continuaci\u00f3n, Ol\u00e9 te cuenta los d\u00edas, horarios y d\u00f3nde ver la actividad del fin de semana.<\/strong><\/p>\n<\/div>\n<p><h2>TC2000 en Rosario: a qu\u00e9 hora se corre y por d\u00f3nde ver por TV<\/h2>\n<\/p>\n<div class=\"custom-text \" readability=\"41\">\n<p><strong>La acci\u00f3n comenzar\u00e1 el s\u00e1bado,<\/strong> cuando los pilotos salgan al asfalto por primera vez para <strong>el shakedown, de 9:00 a 9:10. <\/strong>Luego, como es habitual, se dividir\u00e1n en dos grupos para los entrenamientos: el grupo A tendr\u00e1 su primera sesi\u00f3n de 10:30 a 11:00 y la segunda de 13:05 a 13:35; el grupo B correr\u00e1 de 11:10 a 11:40 y de 13:45 a 14:15, respectivamente. <strong>Finalmente, la clasificaci\u00f3n se disputar\u00e1 de 15:55 a 16:45 y ser\u00e1 transmitida por TyC Sports.<\/strong><\/p>\n<\/div>\n<div class=\"sc-e7b891c4-0 ifHnQL image-embed\"><img alt=\"El TC2000 durante la segunda fecha del calendario en el G\u00e1lvez.\" loading=\"lazy\" width=\"720\" height=\"100\" decoding=\"async\" data-nimg=\"1\" src=\"http:\/\/cordobadirecto.com\/wp-content\/uploads\/2025\/06\/a-que-hora-corre-y-por-donde-ver-el-tc2000-en-rosario.jpg\"><span class=\"epigraphe\">El TC2000 durante la segunda fecha del calendario en el G\u00e1lvez.<\/span><\/div>\n<div class=\"custom-text \" readability=\"43\">\n<p><strong>El domingo, con los puestos de largada ya definidos, todo el pueblo fierrero estar\u00e1 atento a la acci\u00f3n.<\/strong> Por la ma\u00f1ana, los pilotos tendr\u00e1n una \u00faltima prueba con los tanques llenos, de 9:20 a 9:30. <strong>Finalmente,<\/strong> el fin de semana de los hinchas en Rosario <strong>concluir\u00e1 con la carrera final, que ser\u00e1 a 40 minutos m\u00e1s una vuelta, largando a las 12:30, tambi\u00e9n por la se\u00f1al de TyC Sports.<\/strong><\/p>\n<\/div>\n<p><h2>El cronograma completo del fin de semana en Rosario<\/h2>\n<\/p>\n<p><h3>S\u00e1bado<\/h3>\n<\/p>\n<div class=\"custom-text \">\n<ul>\n<li><strong>Shakedown<\/strong>: de 9 a 9.10.<\/li>\n<li><strong>Primer entrenamiento, grupo A<\/strong>: de 10.30 a 11.<\/li>\n<li><strong>Primer entrenamiento, grupo B<\/strong>: de 11.10 a 11.40.<\/li>\n<li><strong>Segundo entrenamiento, grupo A<\/strong>: de 13.05 a 13.35.<\/li>\n<li><strong>Segundo entrenamiento, grupo B<\/strong>: de 13.45 a 14.15.<\/li>\n<li><strong>Clasificaci\u00f3n<\/strong>: de 15.55 a 16.45.<\/li>\n<\/ul>\n<\/div>\n<div class=\"sc-e7b891c4-0 ifHnQL image-embed\"><img alt=\"La \u00faltima fecha del TC2000, en Buenos Aires\" loading=\"lazy\" width=\"720\" height=\"100\" decoding=\"async\" data-nimg=\"1\" src=\"http:\/\/cordobadirecto.com\/wp-content\/uploads\/2025\/06\/a-que-hora-corre-y-por-donde-ver-el-tc2000-en-rosario-1.jpg\"><span class=\"epigraphe\">La \u00faltima fecha del TC2000, en Buenos Aires<\/span><\/div>\n<p><h3>Domingo<\/h3>\n<\/p>\n<div class=\"custom-text \">\n<ul>\n<li><strong>\u00daltima prueba<\/strong>: de 9.20 a 9.30<\/li>\n<li><strong>La final<\/strong>: de 12.30 a 13.10<\/li>\n<\/ul>\n<\/div>\n<div class=\"sc-a7166897-0 eoLsBE\" readability=\"6.5\">\n<section readability=\"3\"><picture><img alt=\"Con pol\u00e9mica, Mariano Werner gan\u00f3 la final del TC en Alta Gracia\" loading=\"lazy\" width=\"290\" height=\"290\" decoding=\"async\" data-nimg=\"1\" src=\"http:\/\/cordobadirecto.com\/wp-content\/uploads\/2025\/06\/a-que-hora-corre-y-por-donde-ver-el-tc2000-en-rosario-2.jpg\"><\/picture>\n<p><span>Mir\u00e1 tambi\u00e9n<\/span><\/p>\n<hr>\n<h3>Con pol\u00e9mica, Mariano Werner gan\u00f3 la final del TC en Alta Gracia<\/h3>\n<\/p>\n<\/section>\n<\/div>\n<div class=\"sc-a7166897-0 eoLsBE\" readability=\"6\">\n<section readability=\"2\"><picture><img alt=\"Qu\u00e9 dijo Franco Colapinto tras un GP de Espa\u00f1a complicado para Alpine\" loading=\"lazy\" width=\"290\" height=\"290\" decoding=\"async\" data-nimg=\"1\" src=\"http:\/\/cordobadirecto.com\/wp-content\/uploads\/2025\/06\/a-que-hora-corre-y-por-donde-ver-el-tc2000-en-rosario-3.jpg\"><\/picture>\n<p><span>Mir\u00e1 tambi\u00e9n<\/span><\/p>\n<hr>\n<h3>Qu\u00e9 dijo Franco Colapinto tras un GP de Espa\u00f1a complicado para Alpine<\/h3>\n<\/p>\n<\/section>\n<\/div>\n<div class=\"sc-a7166897-0 eoLsBE\" readability=\"6\">\n<section readability=\"2\"><picture><img alt=\"Segunda victoria consecutiva de Emiliano Stang en el TC2000\" loading=\"lazy\" width=\"290\" height=\"290\" decoding=\"async\" data-nimg=\"1\" src=\"http:\/\/cordobadirecto.com\/wp-content\/uploads\/2025\/06\/a-que-hora-corre-y-por-donde-ver-el-tc2000-en-rosario-4.jpg\"><\/picture>\n<p><span>Mir\u00e1 tambi\u00e9n<\/span><\/p>\n<hr>\n<h3>Segunda victoria consecutiva de Emiliano Stang en el TC2000<\/h3>\n<\/p>\n<\/section>\n<\/div>\n<\/div>\n","protected":false},"excerpt":{"rendered":"<p>06\/06\/2025 22:05hs. Actualizado al 06\/06\/2025 22:06hs. Despu\u00e9s de las dos primeras fechas en Ober\u00e1 y Buenos Aires, ambas ganadas por Emiliano Stang, el TC2000 viaja al Aut\u00f3dromo Ciudad de Rosario para disputar la tercera carrera del calendario. En suelo santafesino, volver\u00e1n a salir a la pista las multiv\u00e1lvulas. A continuaci\u00f3n, Ol\u00e9 te cuenta los d\u00edas, [&hellip;]<\/p>\n","protected":false},"author":1,"featured_media":168162,"comment_status":"closed","ping_status":"closed","sticky":false,"template":"","format":"standard","meta":[],"categories":[21],"tags":[],"_links":{"self":[{"href":"http:\/\/cordobadirecto.com\/index.php\/wp-json\/wp\/v2\/posts\/168161"}],"collection":[{"href":"http:\/\/cordobadirecto.com\/index.php\/wp-json\/wp\/v2\/posts"}],"about":[{"href":"http:\/\/cordobadirecto.com\/index.php\/wp-json\/wp\/v2\/types\/post"}],"author":[{"embeddable":true,"href":"http:\/\/cordobadirecto.com\/index.php\/wp-json\/wp\/v2\/users\/1"}],"replies":[{"embeddable":true,"href":"http:\/\/cordobadirecto.com\/index.php\/wp-json\/wp\/v2\/comments?post=168161"}],"version-history":[{"count":0,"href":"http:\/\/cordobadirecto.com\/index.php\/wp-json\/wp\/v2\/posts\/168161\/revisions"}],"wp:featuredmedia":[{"embeddable":true,"href":"http:\/\/cordobadirecto.com\/index.php\/wp-json\/wp\/v2\/media\/168162"}],"wp:attachment":[{"href":"http:\/\/cordobadirecto.com\/index.php\/wp-json\/wp\/v2\/media?parent=168161"}],"wp:term":[{"taxonomy":"category","embeddable":true,"href":"http:\/\/cordobadirecto.com\/index.php\/wp-json\/wp\/v2\/categories?post=168161"},{"taxonomy":"post_tag","embeddable":true,"href":"http:\/\/cordobadirecto.com\/index.php\/wp-json\/wp\/v2\/tags?post=168161"}],"curies":[{"name":"wp","href":"https:\/\/api.w.org\/{rel}","templated":true}]}}