{"id":168242,"date":"2025-06-05T20:48:11","date_gmt":"2025-06-05T20:48:11","guid":{"rendered":"https:\/\/www.ole.com.ar\/autos\/hizo-franco-colapinto-alpine-despues-barcelona-viajan-gp-canada_0_kCJsZLnaVE.html"},"modified":"2025-06-05T20:48:11","modified_gmt":"2025-06-05T20:48:11","slug":"que-hizo-franco-colapinto-con-alpine-despues-de-barcelona-y-cuando-viajan-para-el-gp-de-canada","status":"publish","type":"post","link":"http:\/\/cordobadirecto.com\/index.php\/2025\/06\/05\/que-hizo-franco-colapinto-con-alpine-despues-de-barcelona-y-cuando-viajan-para-el-gp-de-canada\/","title":{"rendered":"Qu\u00e9 hizo Franco Colapinto con Alpine despu\u00e9s de Barcelona y cuando viajan para el GP de Canad\u00e1"},"content":{"rendered":"<p><span class=\"createDate\">05\/06\/2025 17:48hs.<\/span><time class=\"modificatedDate\" datetime=\"2025-06-05T19:19:40-03:00\"> Actualizado al 05\/06\/2025 19:19hs.<\/time><\/p>\n<div id=\"storyBody\">\n<div class=\"custom-text \" readability=\"38.020100502513\">\n<p>Parece hace un siglo pas\u00f3 el <strong>GP de Barcelona<\/strong>, pero en realidad se corri\u00f3 el \u00faltimo finde. Sucede que, despu\u00e9s de tres carreras seguidas de <strong><a href=\"https:\/\/www.ole.com.ar\/tema\/formula-1.html\" title=\"F\u00f3rmula 1\" alt=\"F\u00f3rmula 1\" class=\"slug\">F\u00f3rmula 1<\/a><\/strong>, que exista un par\u00e9ntesis de dos semanas hasta la pr\u00f3xima carrera se traduce en una espera que se est\u00e1 haciendo larga. La ausencia de ruido o m\u00fasica de motores se cortar\u00e1 con la 11a fecha en Montreal, del viernes 13 al domingo 15 de junio.<\/p>\n<\/div>\n<div class=\"custom-text \" readability=\"37.292307692308\">\n<p>Pensando en la prueba en el circuito Gilles Villeneuve y el flojo desempe\u00f1o hasta ahora de los <strong>Alpine<\/strong>, la escuder\u00eda no se qued\u00f3 quieta apenas termin\u00f3 la carrera en Catalu\u00f1a, donde Pierre Gasly termin\u00f3 octavo y <strong><a href=\"https:\/\/www.ole.com.ar\/tema\/franco-colapinto.html\" title=\"Franco Colapinto\" alt=\"Franco Colapinto\" class=\"slug\">Franco Colapinto<\/a><\/strong>, 15\u00b0. M\u00e1s all\u00e1 de los 4 puntos que sum\u00f3 el franc\u00e9s para las tablas, la mala noticia que recibi\u00f3 el equipo es <a href=\"https:\/\/www.ole.com.ar\/autos\/alpine-dia-negro-formula-1-barcelona-gasly-colapinto_0_vAbRFXgChA.html\" target=\"_self\" title=\"que qued\u00f3 \u00faltimo en Constructores\" alt=\"que qued\u00f3 \u00faltimo en Constructores\" rel=\"noopener\">que qued\u00f3 \u00faltimo en Constructores<\/a>, porque Sauber, gracias al quinto lugar de <strong>Nico Hulkenberg<\/strong>, lo super\u00f3.<\/p>\n<\/div>\n<p><h2>Qu\u00e9 hizo Franco Colapinto tras el GP de Barcelona<\/h2>\n<\/p>\n<div class=\"custom-text \" readability=\"40\">\n<p>La carrera fue el domingo, y al d\u00eda siguiente, lunes 2, <strong>el bonaerense ya estaba de vuelta en la sede de Enstone, Inglaterra, para analizar los datos que hab\u00eda dejado la acci\u00f3n del fin de semana en Espa\u00f1a<\/strong> y subir al simulador para amigarse con la pista canadiense en la cual nunca gir\u00f3 y lo har\u00e1 por primera vez con el Alpine A525.<\/p>\n<\/div>\n<div class=\"custom-text \" readability=\"41\">\n<p>Esa actividad la repiti\u00f3 al otro d\u00eda, martes, <strong>d\u00eda en el que Colapinto volvi\u00f3 a Enstone<\/strong>, donde el equipo tiene su sede principal, a la que van pilotos y miembros del equipo deportivo. En Viry-Chatillon, Francia, est\u00e1 la otra f\u00e1brica, donde se ocupan de la producci\u00f3n de los motores.<\/p>\n<\/div>\n<div class=\"sc-e7b891c4-0 ifHnQL image-embed\"><img alt=\"Paul Aaron.\" loading=\"lazy\" width=\"720\" height=\"100\" decoding=\"async\" data-nimg=\"1\" src=\"http:\/\/cordobadirecto.com\/wp-content\/uploads\/2025\/06\/que-hizo-franco-colapinto-con-alpine-despues-de-barcelona-y-cuando-viajan-para-el-gp-de-canada.jpg\"><span class=\"epigraphe\">Paul Aaron.<\/span><\/div>\n<div class=\"custom-text \" readability=\"37\">\n<p>Luego de estos dos d\u00edas de trabajo, <strong>Colapinto recibi\u00f3 el permiso para dedicarse a sus actividades personales y fue liberado<\/strong>, por lo cual todav\u00eda no volvi\u00f3 a aparecer por Enstone, si bien sigue en comunicaci\u00f3n con la escuder\u00eda.<\/p>\n<\/div>\n<div class=\"sc-e7b891c4-0 ifHnQL image-embed\"><img alt=\"Jack Doohan.\" loading=\"lazy\" width=\"720\" height=\"100\" decoding=\"async\" data-nimg=\"1\" src=\"http:\/\/cordobadirecto.com\/wp-content\/uploads\/2025\/06\/que-hizo-franco-colapinto-con-alpine-despues-de-barcelona-y-cuando-viajan-para-el-gp-de-canada-1.jpg\"><span class=\"epigraphe\">Jack Doohan.<\/span><\/div>\n<div class=\"custom-text \" readability=\"41\">\n<p>El pr\u00f3ximo paso de Fran <strong>ser\u00e1 unirse a la mayor\u00eda de los integrantes de Alpine que, en dos tandas, el martes y mi\u00e9rcoles de la semana que viene, viajar\u00e1n hacia Canad\u00e1<\/strong>, donde el jueves ya estar\u00e1 el hospitality montado para recibir al personal y el box listo con los dos autos azules y rosas. Colapinto ya pisar\u00e1 ese d\u00eda el circuito para atender a la prensa y realizar tareas ya pensando de lleno en la carrera, como una recorrida -probablemente en bicicleta- por el trazado de 4.361 metros de cuerda, en el que el domingo los 20 autos tratar\u00e1n de completar lo m\u00e1s r\u00e1pido posible las 70 vueltas.<\/p>\n<\/div>\n<p><h2>Qu\u00e9 hizo Paul Aaron y c\u00f3mo qued\u00f3 el rol de Jack Doohan<\/h2>\n<\/p>\n<div class=\"custom-text \" readability=\"40\">\n<p>El estonio reserva del equipo <strong>anduvo girando en las pruebas especiales permitidas solo para modelos antiguos, en el circuito de Monza, este mi\u00e9rcoles<\/strong>. Aaron viaj\u00f3 con el equipo a cuatro de los seis GP en los que corri\u00f3 <strong>Jack Doohan<\/strong>, que luego fue reemplazado por el argentino. Pero despu\u00e9s de ese enroque, perdi\u00f3 un poco de protagonismo, ya que el que empez\u00f3 a ganar terreno en ese banco de suplentes virtual fue Doohan. <\/p>\n<\/div>\n<div class=\"custom-text \" readability=\"44\">\n<p>De hecho, el australiano, ahora que debi\u00f3 bajarse del auto titular, <strong>qued\u00f3 como primer reserva, tanto que vovli\u00f3 a girar, este jueves, tambi\u00e9n en Monza, como su compa\u00f1ero<\/strong>. O sea que, en caso de que Colapinto no pueda ir a una carrera por motivos de fuerza mayor, lo reemplazar\u00e1 Doohan y no Aaron.<\/p>\n<\/div>\n<div class=\"sc-a7166897-0 eoLsBE\" readability=\"6\">\n<section readability=\"2\"><picture><img alt=\"La FIA lanz\u00f3 otro comunicado por un hecho similar al del cruce Colapinto y Tsunoda \" loading=\"lazy\" width=\"290\" height=\"290\" decoding=\"async\" data-nimg=\"1\" src=\"http:\/\/cordobadirecto.com\/wp-content\/uploads\/2025\/06\/que-hizo-franco-colapinto-con-alpine-despues-de-barcelona-y-cuando-viajan-para-el-gp-de-canada-2.jpg\"><\/picture>\n<p><span>Mir\u00e1 tambi\u00e9n<\/span><\/p>\n<hr>\n<h3>La FIA lanz\u00f3 otro comunicado por un hecho similar al del cruce Colapinto y Tsunoda<br \/>\n<\/h3>\n<\/p>\n<\/section>\n<\/div>\n<div class=\"sc-a7166897-0 eoLsBE\" readability=\"7\">\n<section readability=\"4\"><picture><img alt=\"As\u00ed es el Gilles Villeneuve, el circuito bravo para el GP de Canad\u00e1 que no conoce Franco Colapinto\" loading=\"lazy\" width=\"290\" height=\"290\" decoding=\"async\" data-nimg=\"1\" src=\"http:\/\/cordobadirecto.com\/wp-content\/uploads\/2025\/06\/que-hizo-franco-colapinto-con-alpine-despues-de-barcelona-y-cuando-viajan-para-el-gp-de-canada-3.jpg\"><\/picture>\n<p><span>Mir\u00e1 tambi\u00e9n<\/span><\/p>\n<hr>\n<h3>As\u00ed es el Gilles Villeneuve, el circuito bravo para el GP de Canad\u00e1 que no conoce Franco Colapinto<\/h3>\n<\/p>\n<\/section>\n<\/div>\n<div class=\"sc-a7166897-0 eoLsBE\" readability=\"6.5\">\n<section readability=\"3\"><picture><img alt=\"Se viene con Franco Colapinto el GP de Canad\u00e1, marcado por un brutal accidente\" loading=\"lazy\" width=\"290\" height=\"290\" decoding=\"async\" data-nimg=\"1\" src=\"http:\/\/cordobadirecto.com\/wp-content\/uploads\/2025\/06\/que-hizo-franco-colapinto-con-alpine-despues-de-barcelona-y-cuando-viajan-para-el-gp-de-canada-4.jpg\"><\/picture>\n<p><span>Mir\u00e1 tambi\u00e9n<\/span><\/p>\n<hr>\n<h3>Se viene con Franco Colapinto el GP de Canad\u00e1, marcado por un brutal accidente<\/h3>\n<\/p>\n<\/section>\n<\/div>\n<\/div>\n","protected":false},"excerpt":{"rendered":"<p>05\/06\/2025 17:48hs. Actualizado al 05\/06\/2025 19:19hs. Parece hace un siglo pas\u00f3 el GP de Barcelona, pero en realidad se corri\u00f3 el \u00faltimo finde. Sucede que, despu\u00e9s de tres carreras seguidas de F\u00f3rmula 1, que exista un par\u00e9ntesis de dos semanas hasta la pr\u00f3xima carrera se traduce en una espera que se est\u00e1 haciendo larga. La [&hellip;]<\/p>\n","protected":false},"author":1,"featured_media":168243,"comment_status":"closed","ping_status":"closed","sticky":false,"template":"","format":"standard","meta":[],"categories":[21],"tags":[],"_links":{"self":[{"href":"http:\/\/cordobadirecto.com\/index.php\/wp-json\/wp\/v2\/posts\/168242"}],"collection":[{"href":"http:\/\/cordobadirecto.com\/index.php\/wp-json\/wp\/v2\/posts"}],"about":[{"href":"http:\/\/cordobadirecto.com\/index.php\/wp-json\/wp\/v2\/types\/post"}],"author":[{"embeddable":true,"href":"http:\/\/cordobadirecto.com\/index.php\/wp-json\/wp\/v2\/users\/1"}],"replies":[{"embeddable":true,"href":"http:\/\/cordobadirecto.com\/index.php\/wp-json\/wp\/v2\/comments?post=168242"}],"version-history":[{"count":0,"href":"http:\/\/cordobadirecto.com\/index.php\/wp-json\/wp\/v2\/posts\/168242\/revisions"}],"wp:featuredmedia":[{"embeddable":true,"href":"http:\/\/cordobadirecto.com\/index.php\/wp-json\/wp\/v2\/media\/168243"}],"wp:attachment":[{"href":"http:\/\/cordobadirecto.com\/index.php\/wp-json\/wp\/v2\/media?parent=168242"}],"wp:term":[{"taxonomy":"category","embeddable":true,"href":"http:\/\/cordobadirecto.com\/index.php\/wp-json\/wp\/v2\/categories?post=168242"},{"taxonomy":"post_tag","embeddable":true,"href":"http:\/\/cordobadirecto.com\/index.php\/wp-json\/wp\/v2\/tags?post=168242"}],"curies":[{"name":"wp","href":"https:\/\/api.w.org\/{rel}","templated":true}]}}