{"id":168370,"date":"2025-06-10T19:50:30","date_gmt":"2025-06-10T19:50:30","guid":{"rendered":"https:\/\/www.ole.com.ar\/autos\/alpine-franco-colapinto-mick-schumacher-f1-canada-24-horas-mans_0_t2QK3FzOe4.html"},"modified":"2025-06-10T19:50:30","modified_gmt":"2025-06-10T19:50:30","slug":"alpine-con-un-ojo-en-franco-colapinto-y-otro-en-mick-schumacher-durante-este-fin-de-semana","status":"publish","type":"post","link":"http:\/\/cordobadirecto.com\/index.php\/2025\/06\/10\/alpine-con-un-ojo-en-franco-colapinto-y-otro-en-mick-schumacher-durante-este-fin-de-semana\/","title":{"rendered":"Alpine, con un ojo en Franco Colapinto y otro en Mick Schumacher durante este fin de semana"},"content":{"rendered":"<p><time class=\"createDate\" datetime=\"2025-06-10T16:50:30-03:00\">10\/06\/2025 16:50hs.<\/time><\/p>\n<div id=\"storyBody\">\n<div class=\"custom-text \" readability=\"34.274028629857\">\n<p>Ser\u00eda un error pensar que la cabeza de <strong><a href=\"https:\/\/www.ole.com.ar\/tema\/alpine.html\" title=\"Alpine\" alt=\"Alpine\" class=\"slug\">Alpine<\/a><\/strong> estar\u00e1 puesta al 100% en Montreal, Canad\u00e1, donde la <a href=\"https:\/\/www.ole.com.ar\/tema\/formula-1.html\" title=\"F\u00f3rmula 1\" alt=\"F\u00f3rmula 1\" class=\"slug\">F\u00f3rmula 1<\/a> disputar\u00e1 su d\u00e9cima fecha y <strong><a href=\"https:\/\/www.ole.com.ar\/tema\/franco-colapinto.html\" title=\"Franco Colapinto\" alt=\"Franco Colapinto\" class=\"slug\">Franco Colapinto<\/a><\/strong> volver\u00e1 a las pistas despu\u00e9s de dos semanas de parate. A la par, pero a miles de kil\u00f3metros, la marca francesa formar\u00e1 parte de una carrera mucho m\u00e1s grande -as\u00ed lo indica la historia- y en la que tiene potencial para subirse al podio: <strong><a href=\"https:\/\/www.ole.com.ar\/tema\/24-horas-de-le-mans.html\" title=\"24 horas de Le Mans\" alt=\"24 horas de Le Mans\" class=\"slug\">las 24 Horas de Le Mans<\/a><\/strong>, a las que ir\u00e1 con <strong><a href=\"https:\/\/www.ole.com.ar\/tema\/mick-schumacher.html\" title=\"Mick Schumacher\" alt=\"Mick Schumacher\" class=\"slug\">Mick Schumacher<\/a><\/strong> como la figurita a resaltar.<\/p>\n<\/div>\n<div class=\"custom-text \" readability=\"42\">\n<p>Este evento hist\u00f3rico, uno de los m\u00e1s especiales del a\u00f1o (compone la llamada Triple Corona junto al GP de M\u00f3naco y las 500 Millas de Indian\u00e1polis), tiene lugar en el Circuito de la Sarthe, de 13,626 kil\u00f3metros, y <strong>forma parte del Campeonato Mundial de Resistencia (WEC)<\/strong>. Alpine, con dos autos en la categor\u00eda Hypercar -la principal-, buscar\u00e1 estirar su gran momento.<\/p>\n<\/div>\n<div class=\"sc-e7b891c4-0 ifHnQL image-embed\"><img alt=\"Mick Schumacher, ex piloto de F\u00f3rmula 1, ahora compite en el WEC con Alpine. (REUTERS\/Leonhard Foeger)\" loading=\"lazy\" width=\"720\" height=\"100\" decoding=\"async\" data-nimg=\"1\" src=\"http:\/\/cordobadirecto.com\/wp-content\/uploads\/2025\/06\/alpine-con-un-ojo-en-franco-colapinto-y-otro-en-mick-schumacher-durante-este-fin-de-semana.jpg\"><span class=\"epigraphe\">Mick Schumacher, ex piloto de F\u00f3rmula 1, ahora compite en el WEC con Alpine. (REUTERS\/Leonhard Foeger)<\/span><\/div>\n<div class=\"custom-text \" readability=\"42\">\n<p>En las \u00faltimas dos fechas, en Imola y Spa Francorchamps, <strong>el tridente de Mick Schumacher, Frederic Makowiecki y Jules Gounon consigui\u00f3 un tercer puesto<\/strong>, por lo que puede confiar en repetir el podio. Los otros tres que representar\u00e1n a la marca francesa ser\u00e1n Paul-Loup Chatin, Ferdinand Habsburg y Charles Milesi, todos a bordo de un modelo A424 (el de F\u00f3rmula 1 tiene un nombre similar, A525).<\/p>\n<\/div>\n<div class=\"custom-text \" readability=\"37.258064516129\">\n<p>Como indica el nombre de la carrera, <strong>en la que competir\u00e1n los argentinos Nicol\u00e1s Varrone (Hypercar) y Jos\u00e9 Mar\u00eda L\u00f3pez (LMGT3)<\/strong>, durar\u00e1 24 horas, por lo que coincidir\u00e1 con la actividad de la M\u00e1xima en Canad\u00e1: el evento principal comenzar\u00e1<strong> el s\u00e1bado a las 11 <\/strong>y concluir\u00e1<strong> el domingo a la misma hora<\/strong>, en tanto que ser\u00e1 transmitido de manera gratuita por el canal oficial del <strong><a href=\"https:\/\/www.youtube.com\/@FIAWEC\" target=\"_self\" title=\"FIA WEC en YouTube\" alt=\"FIA WEC en YouTube\" rel=\"noopener\">FIA WEC en YouTube<\/a><\/strong>. <\/p>\n<\/div>\n<div class=\"sc-e7b891c4-0 ifHnQL image-embed\"><img alt=\"As\u00ed giraba Schumacher en la \u00faltima edici\u00f3n de las 24 Horas de Le Mans. (EFE\/EPA\/CHRISTOPHE PETIT TESSON)\" loading=\"lazy\" width=\"720\" height=\"100\" decoding=\"async\" data-nimg=\"1\" src=\"http:\/\/cordobadirecto.com\/wp-content\/uploads\/2025\/06\/alpine-con-un-ojo-en-franco-colapinto-y-otro-en-mick-schumacher-durante-este-fin-de-semana-1.jpg\"><span class=\"epigraphe\">As\u00ed giraba Schumacher en la \u00faltima edici\u00f3n de las 24 Horas de Le Mans. (EFE\/EPA\/CHRISTOPHE PETIT TESSON)<\/span><\/div>\n<p><h2>La actividad completa del WEC por las 24 Horas de Le Mans<\/h2>\n<\/p>\n<p><h3>Mi\u00e9rcoles 11\/6<\/h3>\n<\/p>\n<div class=\"custom-text \">\n<ul>\n<li>9:00hs: Pr\u00e1cticas libres 1<\/li>\n<li>13:45hs Clasificaci\u00f3n LMP2 &amp; LMGT3<\/li>\n<li>14:30hs Clasificaci\u00f3n Hypercar<\/li>\n<li>17:00hs: Pr\u00e1cticas libres 2<\/li>\n<\/ul>\n<\/div>\n<p><h3>Jueves 12\/6<\/h3>\n<\/p>\n<div class=\"custom-text \">\n<ul>\n<li>9:45hs: Pr\u00e1cticas libres 3<\/li>\n<li>15:00hs: Hyperpole<\/li>\n<li>18:00hs Pr\u00e1cticas libres 4<\/li>\n<\/ul>\n<\/div>\n<p><h3>S\u00e1bado 14\/6<\/h3>\n<\/p>\n<div class=\"custom-text \">\n<ul>\n<li>7:00hs Warm-Up<\/li>\n<li>11:00hs: 24 horas de Le Mans (en vivo por el canal oficial del FIA WEC en YouTube)<\/li>\n<\/ul>\n<\/div>\n<div class=\"sc-e7b891c4-0 ifHnQL image-embed\"><img alt=\"Nicol\u00e1s Varrone saldr\u00e1 a la pista con un Porsche. (Prensa WEC)\" loading=\"lazy\" width=\"720\" height=\"100\" decoding=\"async\" data-nimg=\"1\" src=\"http:\/\/cordobadirecto.com\/wp-content\/uploads\/2025\/06\/alpine-con-un-ojo-en-franco-colapinto-y-otro-en-mick-schumacher-durante-este-fin-de-semana-2.jpg\"><span class=\"epigraphe\">Nicol\u00e1s Varrone saldr\u00e1 a la pista con un Porsche. (Prensa WEC)<\/span><\/div>\n<div class=\"sc-a7166897-0 eoLsBE\" readability=\"6.5\">\n<section readability=\"3\"><picture><img alt=\"Franco Colapinto: de &quot;completar un fin de semana s\u00f3lido&quot; a las dificultades a tener en cuenta en el Gran Premio de Canad\u00e1\" loading=\"lazy\" width=\"290\" height=\"290\" decoding=\"async\" data-nimg=\"1\" src=\"http:\/\/cordobadirecto.com\/wp-content\/uploads\/2025\/06\/alpine-con-un-ojo-en-franco-colapinto-y-otro-en-mick-schumacher-durante-este-fin-de-semana-3.jpg\"><\/picture>\n<p><span>Mir\u00e1 tambi\u00e9n<\/span><\/p>\n<hr>\n<h3>Franco Colapinto: de &#8220;completar un fin de semana s\u00f3lido&#8221; a las dificultades a tener en cuenta en el Gran Premio de Canad\u00e1<\/h3>\n<\/p>\n<\/section>\n<\/div>\n<div class=\"sc-a7166897-0 eoLsBE\" readability=\"6.5\">\n<section readability=\"3\"><picture><img alt=\"Flavio Briatore volvi\u00f3 a hablar (mejor) sobre Colapinto: de la adaptaci\u00f3n al esfuerzo \" loading=\"lazy\" width=\"290\" height=\"290\" decoding=\"async\" data-nimg=\"1\" src=\"http:\/\/cordobadirecto.com\/wp-content\/uploads\/2025\/06\/alpine-con-un-ojo-en-franco-colapinto-y-otro-en-mick-schumacher-durante-este-fin-de-semana-4.jpg\"><\/picture>\n<p><span>Mir\u00e1 tambi\u00e9n<\/span><\/p>\n<hr>\n<h3>Flavio Briatore volvi\u00f3 a hablar (mejor) sobre Colapinto: de la adaptaci\u00f3n al esfuerzo <\/h3>\n<\/p>\n<\/section>\n<\/div>\n<div class=\"sc-a7166897-0 eoLsBE\" readability=\"6.5\">\n<section readability=\"3\"><picture><img alt=\"La F\u00f3rmula 1 confirm\u00f3 el calendario 2026: debuta el GP de Madrid y queda afuera un tradicional circuito europeo\" loading=\"lazy\" width=\"290\" height=\"290\" decoding=\"async\" data-nimg=\"1\" src=\"http:\/\/cordobadirecto.com\/wp-content\/uploads\/2025\/06\/alpine-con-un-ojo-en-franco-colapinto-y-otro-en-mick-schumacher-durante-este-fin-de-semana-5.jpg\"><\/picture>\n<p><span>Mir\u00e1 tambi\u00e9n<\/span><\/p>\n<hr>\n<h3>La F\u00f3rmula 1 confirm\u00f3 el calendario 2026: debuta el GP de Madrid y queda afuera un tradicional circuito europeo<\/h3>\n<\/p>\n<\/section>\n<\/div>\n<div class=\"sc-a7166897-0 eoLsBE\" readability=\"7.5\">\n<section readability=\"5\"><picture><img alt=\"Habl\u00f3 Pierre Gasly: la cena con Fangio, su mejor amigo en la F\u00f3rmula 1, el piloto cocinero...\" loading=\"lazy\" width=\"290\" height=\"290\" decoding=\"async\" data-nimg=\"1\" src=\"http:\/\/cordobadirecto.com\/wp-content\/uploads\/2025\/06\/alpine-con-un-ojo-en-franco-colapinto-y-otro-en-mick-schumacher-durante-este-fin-de-semana-6.jpg\"><\/picture>\n<p><span>Mir\u00e1 tambi\u00e9n<\/span><\/p>\n<hr>\n<h3>Habl\u00f3 Pierre Gasly: la cena con Fangio, su mejor amigo en la F\u00f3rmula 1, el piloto cocinero&#8230;<\/h3>\n<\/p>\n<\/section>\n<\/div>\n<div class=\"sc-a7166897-0 eoLsBE\" readability=\"7\">\n<section readability=\"4\"><picture><img alt=\"C\u00f3mo es la log\u00edstica, transporte de elementos y estructura de Alpine en el GP de Canad\u00e1\" loading=\"lazy\" width=\"290\" height=\"290\" decoding=\"async\" data-nimg=\"1\" src=\"http:\/\/cordobadirecto.com\/wp-content\/uploads\/2025\/06\/alpine-con-un-ojo-en-franco-colapinto-y-otro-en-mick-schumacher-durante-este-fin-de-semana-7.jpg\"><\/picture>\n<p><span>Mir\u00e1 tambi\u00e9n<\/span><\/p>\n<hr>\n<h3>C\u00f3mo es la log\u00edstica, transporte de elementos y estructura de Alpine en el GP de Canad\u00e1<\/h3>\n<\/p>\n<\/section>\n<\/div>\n<\/div>\n","protected":false},"excerpt":{"rendered":"<p>10\/06\/2025 16:50hs. Ser\u00eda un error pensar que la cabeza de Alpine estar\u00e1 puesta al 100% en Montreal, Canad\u00e1, donde la F\u00f3rmula 1 disputar\u00e1 su d\u00e9cima fecha y Franco Colapinto volver\u00e1 a las pistas despu\u00e9s de dos semanas de parate. A la par, pero a miles de kil\u00f3metros, la marca francesa formar\u00e1 parte de una carrera [&hellip;]<\/p>\n","protected":false},"author":1,"featured_media":168371,"comment_status":"closed","ping_status":"closed","sticky":false,"template":"","format":"standard","meta":[],"categories":[21],"tags":[],"_links":{"self":[{"href":"http:\/\/cordobadirecto.com\/index.php\/wp-json\/wp\/v2\/posts\/168370"}],"collection":[{"href":"http:\/\/cordobadirecto.com\/index.php\/wp-json\/wp\/v2\/posts"}],"about":[{"href":"http:\/\/cordobadirecto.com\/index.php\/wp-json\/wp\/v2\/types\/post"}],"author":[{"embeddable":true,"href":"http:\/\/cordobadirecto.com\/index.php\/wp-json\/wp\/v2\/users\/1"}],"replies":[{"embeddable":true,"href":"http:\/\/cordobadirecto.com\/index.php\/wp-json\/wp\/v2\/comments?post=168370"}],"version-history":[{"count":0,"href":"http:\/\/cordobadirecto.com\/index.php\/wp-json\/wp\/v2\/posts\/168370\/revisions"}],"wp:featuredmedia":[{"embeddable":true,"href":"http:\/\/cordobadirecto.com\/index.php\/wp-json\/wp\/v2\/media\/168371"}],"wp:attachment":[{"href":"http:\/\/cordobadirecto.com\/index.php\/wp-json\/wp\/v2\/media?parent=168370"}],"wp:term":[{"taxonomy":"category","embeddable":true,"href":"http:\/\/cordobadirecto.com\/index.php\/wp-json\/wp\/v2\/categories?post=168370"},{"taxonomy":"post_tag","embeddable":true,"href":"http:\/\/cordobadirecto.com\/index.php\/wp-json\/wp\/v2\/tags?post=168370"}],"curies":[{"name":"wp","href":"https:\/\/api.w.org\/{rel}","templated":true}]}}