{"id":168372,"date":"2025-06-10T18:22:26","date_gmt":"2025-06-10T18:22:26","guid":{"rendered":"https:\/\/www.ole.com.ar\/autos\/argentina-fecha-campeonato-mundial-rally-raid-w2rc-desafio-ruta-40_0_A26fCoXykB.html"},"modified":"2025-06-10T18:22:26","modified_gmt":"2025-06-10T18:22:26","slug":"argentina-volvera-a-tener-una-fecha-en-el-campeonato-mundial-de-rally-raid","status":"publish","type":"post","link":"http:\/\/cordobadirecto.com\/index.php\/2025\/06\/10\/argentina-volvera-a-tener-una-fecha-en-el-campeonato-mundial-de-rally-raid\/","title":{"rendered":"Argentina volver\u00e1 a tener una fecha en el Campeonato Mundial de Rally Raid"},"content":{"rendered":"<p><time class=\"createDate\" datetime=\"2025-06-10T15:22:26-03:00\">10\/06\/2025 15:22hs.<\/time><\/p>\n<div id=\"storyBody\">\n<div class=\"custom-text \" readability=\"39.249329758713\">\n<p>La pasi\u00f3n por el rally que hay en Argentina, que hist\u00f3ricamente recibi\u00f3 al <a href=\"https:\/\/www.ole.com.ar\/tema\/wrc.html\" title=\"WRC\" alt=\"WRC\" class=\"slug\">WRC<\/a> (Campeonato Mundial de Rally) y a todas las modalidades de off-road, sufri\u00f3 un golpe cuando el <strong>Desaf\u00edo Ruta 40<\/strong> fue removido del calendario de <strong><a href=\"https:\/\/www.ole.com.ar\/tema\/world-rally-raid-championship.html\" title=\"World Rally Raid Championship\" alt=\"World Rally Raid Championship\" class=\"slug\">W2RC<\/a><\/strong>, el torneo mundial de rally raid. Afortunadamente, su ausencia ser\u00e1 muy corta: <strong>a partir de 2026, la categor\u00eda volver\u00e1 a correr en el pa\u00eds.<\/strong><\/p>\n<\/div>\n<div class=\"custom-text \" readability=\"43\">\n<p>&#8220;El Consejo Mundial del Deporte Motor ha aprobado el Campeonato Mundial de Rally-Raid FIA 2026&#8221;, inform\u00f3 la FIA, y prosigui\u00f3 a desplegar las <strong>cinco fechas<\/strong> que lo compondr\u00e1n: el Dakar, del 3 al 17 de enero en <strong>Arabia Saudita<\/strong>; el BP Ultimate Rally-Raid, del 17 al 22 de marzo en<strong> Portugal y Espa\u00f1a<\/strong>; el Desaf\u00edo Ruta 40, del 24 al 29 de mayo en <strong>Argentina<\/strong>; el Rallye du Maroc, del 28 de septiembre al 3 de octubre en <strong>Marruecos<\/strong>, y el Abu Dhabi Desert Challenge, del 22 al 27 de noviembre en <strong>Emiratos \u00c1rabes Unidos<\/strong>.<\/p>\n<\/div>\n<div class=\"sc-e7b891c4-0 ifHnQL image-embed\"><img alt=\"El Desaf\u00edo Ruta 40 ser\u00e1 una de las cinco fechas del campeonato. (@desafioruta40ok)\" loading=\"lazy\" width=\"720\" height=\"100\" decoding=\"async\" data-nimg=\"1\" src=\"http:\/\/cordobadirecto.com\/wp-content\/uploads\/2025\/06\/argentina-volvera-a-tener-una-fecha-en-el-campeonato-mundial-de-rally-raid.jpg\"><span class=\"epigraphe\">El Desaf\u00edo Ruta 40 ser\u00e1 una de las cinco fechas del campeonato. (@desafioruta40ok)<\/span><\/div>\n<p><h2>&#8220;Un D40 con esp\u00edritu de Dakar en Sudam\u00e9rica&#8221;, fue la definici\u00f3n del director<\/h2>\n<\/p>\n<div class=\"custom-text \" readability=\"42\">\n<p>Sobre este gran anuncio, el Director Deportivo del Desaf\u00edo Ruta 40 y de +Eventos, Pablo Eli, coment\u00f3: \u201cEstamos muy entusiasmados de volver. Por supuesto, <strong>ya estamos trabajando y planeando&nbsp;el recorrido<\/strong>, que lo comunicaremos a su debido tiempo, pero estoy seguro de que gustar\u00e1 porque <strong>tendr\u00e1 mucho de la esencia de lo que es esta carrera con off-road, arena y dunas\u2026<\/strong> Ser\u00e1 un DR40 con el gran esp\u00edritu del Dakar en Sudam\u00e9rica\u201d.<\/p>\n<\/div>\n<div class=\"custom-text \" readability=\"37\">\n<p>La \u00faltima vez que se disput\u00f3 esta carrera, en 2024, hubo un ganador argentino: <strong>Manuel And\u00fajar se impuso en los quads<\/strong>, su \u00faltima gran victoria hasta pasarse a los SSV (corri\u00f3 el \u00faltimo Dakar en esa especialidad).<\/p>\n<\/div>\n<div class=\"sc-e7b891c4-0 ifHnQL image-embed\"><img alt=\"And\u00fajar en lo m\u00e1s alto de los quads en el Desaf\u00edo Ruta 40.\" loading=\"lazy\" width=\"720\" height=\"100\" decoding=\"async\" data-nimg=\"1\" src=\"http:\/\/cordobadirecto.com\/wp-content\/uploads\/2025\/06\/argentina-volvera-a-tener-una-fecha-en-el-campeonato-mundial-de-rally-raid-1.jpg\"><span class=\"epigraphe\">And\u00fajar en lo m\u00e1s alto de los quads en el Desaf\u00edo Ruta 40.<\/span><\/div>\n<div class=\"sc-a7166897-0 eoLsBE\" readability=\"6.5\">\n<section readability=\"3\"><picture><img alt=\"Flavio Briatore volvi\u00f3 a hablar (mejor) sobre Colapinto: de la adaptaci\u00f3n al esfuerzo \" loading=\"lazy\" width=\"290\" height=\"290\" decoding=\"async\" data-nimg=\"1\" src=\"http:\/\/cordobadirecto.com\/wp-content\/uploads\/2025\/06\/argentina-volvera-a-tener-una-fecha-en-el-campeonato-mundial-de-rally-raid-2.jpg\"><\/picture>\n<p><span>Mir\u00e1 tambi\u00e9n<\/span><\/p>\n<hr>\n<h3>Flavio Briatore volvi\u00f3 a hablar (mejor) sobre Colapinto: de la adaptaci\u00f3n al esfuerzo <\/h3>\n<\/p>\n<\/section>\n<\/div>\n<div class=\"sc-a7166897-0 eoLsBE\" readability=\"6.5\">\n<section readability=\"3\"><picture><img alt=\"Franco Colapinto: de &quot;completar un fin de semana s\u00f3lido&quot; a las dificultades a tener en cuenta en el Gran Premio de Canad\u00e1\" loading=\"lazy\" width=\"290\" height=\"290\" decoding=\"async\" data-nimg=\"1\" src=\"http:\/\/cordobadirecto.com\/wp-content\/uploads\/2025\/06\/argentina-volvera-a-tener-una-fecha-en-el-campeonato-mundial-de-rally-raid-3.jpg\"><\/picture>\n<p><span>Mir\u00e1 tambi\u00e9n<\/span><\/p>\n<hr>\n<h3>Franco Colapinto: de &#8220;completar un fin de semana s\u00f3lido&#8221; a las dificultades a tener en cuenta en el Gran Premio de Canad\u00e1<\/h3>\n<\/p>\n<\/section>\n<\/div>\n<div class=\"sc-a7166897-0 eoLsBE\" readability=\"7.5\">\n<section readability=\"5\"><picture><img alt=\"Habl\u00f3 Pierre Gasly: la cena con Fangio, su mejor amigo en la F\u00f3rmula 1, el piloto cocinero...\" loading=\"lazy\" width=\"290\" height=\"290\" decoding=\"async\" data-nimg=\"1\" src=\"http:\/\/cordobadirecto.com\/wp-content\/uploads\/2025\/06\/argentina-volvera-a-tener-una-fecha-en-el-campeonato-mundial-de-rally-raid-4.jpg\"><\/picture>\n<p><span>Mir\u00e1 tambi\u00e9n<\/span><\/p>\n<hr>\n<h3>Habl\u00f3 Pierre Gasly: la cena con Fangio, su mejor amigo en la F\u00f3rmula 1, el piloto cocinero&#8230;<\/h3>\n<\/p>\n<\/section>\n<\/div>\n<div class=\"sc-a7166897-0 eoLsBE\" readability=\"6\">\n<section readability=\"2\"><picture><img alt=\"\u00bfTiembla Colapinto? Las divertidas im\u00e1genes de Dibu Mart\u00ednez en modo pistero\" loading=\"lazy\" width=\"290\" height=\"290\" decoding=\"async\" data-nimg=\"1\" src=\"http:\/\/cordobadirecto.com\/wp-content\/uploads\/2025\/06\/argentina-volvera-a-tener-una-fecha-en-el-campeonato-mundial-de-rally-raid-5.jpg\"><\/picture>\n<p><span>Mir\u00e1 tambi\u00e9n<\/span><\/p>\n<hr>\n<h3>\u00bfTiembla Colapinto? Las divertidas im\u00e1genes de Dibu Mart\u00ednez en modo pistero<\/h3>\n<\/p>\n<\/section>\n<\/div>\n<div class=\"sc-a7166897-0 eoLsBE\" readability=\"7\">\n<section readability=\"4\"><picture><img alt=\"C\u00f3mo es la log\u00edstica, transporte de elementos y estructura de Alpine en el GP de Canad\u00e1\" loading=\"lazy\" width=\"290\" height=\"290\" decoding=\"async\" data-nimg=\"1\" src=\"http:\/\/cordobadirecto.com\/wp-content\/uploads\/2025\/06\/argentina-volvera-a-tener-una-fecha-en-el-campeonato-mundial-de-rally-raid-6.jpg\"><\/picture>\n<p><span>Mir\u00e1 tambi\u00e9n<\/span><\/p>\n<hr>\n<h3>C\u00f3mo es la log\u00edstica, transporte de elementos y estructura de Alpine en el GP de Canad\u00e1<\/h3>\n<\/p>\n<\/section>\n<\/div>\n<\/div>\n","protected":false},"excerpt":{"rendered":"<p>10\/06\/2025 15:22hs. La pasi\u00f3n por el rally que hay en Argentina, que hist\u00f3ricamente recibi\u00f3 al WRC (Campeonato Mundial de Rally) y a todas las modalidades de off-road, sufri\u00f3 un golpe cuando el Desaf\u00edo Ruta 40 fue removido del calendario de W2RC, el torneo mundial de rally raid. Afortunadamente, su ausencia ser\u00e1 muy corta: a partir [&hellip;]<\/p>\n","protected":false},"author":1,"featured_media":168373,"comment_status":"closed","ping_status":"closed","sticky":false,"template":"","format":"standard","meta":[],"categories":[21],"tags":[],"_links":{"self":[{"href":"http:\/\/cordobadirecto.com\/index.php\/wp-json\/wp\/v2\/posts\/168372"}],"collection":[{"href":"http:\/\/cordobadirecto.com\/index.php\/wp-json\/wp\/v2\/posts"}],"about":[{"href":"http:\/\/cordobadirecto.com\/index.php\/wp-json\/wp\/v2\/types\/post"}],"author":[{"embeddable":true,"href":"http:\/\/cordobadirecto.com\/index.php\/wp-json\/wp\/v2\/users\/1"}],"replies":[{"embeddable":true,"href":"http:\/\/cordobadirecto.com\/index.php\/wp-json\/wp\/v2\/comments?post=168372"}],"version-history":[{"count":0,"href":"http:\/\/cordobadirecto.com\/index.php\/wp-json\/wp\/v2\/posts\/168372\/revisions"}],"wp:featuredmedia":[{"embeddable":true,"href":"http:\/\/cordobadirecto.com\/index.php\/wp-json\/wp\/v2\/media\/168373"}],"wp:attachment":[{"href":"http:\/\/cordobadirecto.com\/index.php\/wp-json\/wp\/v2\/media?parent=168372"}],"wp:term":[{"taxonomy":"category","embeddable":true,"href":"http:\/\/cordobadirecto.com\/index.php\/wp-json\/wp\/v2\/categories?post=168372"},{"taxonomy":"post_tag","embeddable":true,"href":"http:\/\/cordobadirecto.com\/index.php\/wp-json\/wp\/v2\/tags?post=168372"}],"curies":[{"name":"wp","href":"https:\/\/api.w.org\/{rel}","templated":true}]}}