{"id":168385,"date":"2025-06-11T04:43:13","date_gmt":"2025-06-11T04:43:13","guid":{"rendered":"http:\/\/cordobadirecto.com\/index.php\/2025\/06\/11\/en-cordoba-tambien-marcharon-contra-la-proscripcion-de-cristina-fernandez-la-nueva-manana\/"},"modified":"2025-06-11T04:43:13","modified_gmt":"2025-06-11T04:43:13","slug":"en-cordoba-tambien-marcharon-contra-la-proscripcion-de-cristina-fernandez-la-nueva-manana","status":"publish","type":"post","link":"http:\/\/cordobadirecto.com\/index.php\/2025\/06\/11\/en-cordoba-tambien-marcharon-contra-la-proscripcion-de-cristina-fernandez-la-nueva-manana\/","title":{"rendered":"en <b>C\u00f3rdoba<\/b>, tambi\u00e9n marcharon contra la proscripci\u00f3n de Cristina Fern\u00e1ndez &#8211; La Nueva Ma\u00f1ana"},"content":{"rendered":"<p>Sectores kirchneristas, de todo el arco justicialista y tambi\u00e9n de otras fuerzas democr\u00e1ticas sostienen que esta medida judicial es un acto de &quot;&nbsp;&#8230; <\/p>\n","protected":false},"excerpt":{"rendered":"<p>Sectores kirchneristas, de todo el arco justicialista y tambi\u00e9n de otras fuerzas democr\u00e1ticas sostienen que esta medida judicial es un acto de &quot;&nbsp;&#8230;<\/p>\n","protected":false},"author":1,"featured_media":0,"comment_status":"closed","ping_status":"closed","sticky":false,"template":"","format":"standard","meta":[],"categories":[40],"tags":[],"_links":{"self":[{"href":"http:\/\/cordobadirecto.com\/index.php\/wp-json\/wp\/v2\/posts\/168385"}],"collection":[{"href":"http:\/\/cordobadirecto.com\/index.php\/wp-json\/wp\/v2\/posts"}],"about":[{"href":"http:\/\/cordobadirecto.com\/index.php\/wp-json\/wp\/v2\/types\/post"}],"author":[{"embeddable":true,"href":"http:\/\/cordobadirecto.com\/index.php\/wp-json\/wp\/v2\/users\/1"}],"replies":[{"embeddable":true,"href":"http:\/\/cordobadirecto.com\/index.php\/wp-json\/wp\/v2\/comments?post=168385"}],"version-history":[{"count":0,"href":"http:\/\/cordobadirecto.com\/index.php\/wp-json\/wp\/v2\/posts\/168385\/revisions"}],"wp:attachment":[{"href":"http:\/\/cordobadirecto.com\/index.php\/wp-json\/wp\/v2\/media?parent=168385"}],"wp:term":[{"taxonomy":"category","embeddable":true,"href":"http:\/\/cordobadirecto.com\/index.php\/wp-json\/wp\/v2\/categories?post=168385"},{"taxonomy":"post_tag","embeddable":true,"href":"http:\/\/cordobadirecto.com\/index.php\/wp-json\/wp\/v2\/tags?post=168385"}],"curies":[{"name":"wp","href":"https:\/\/api.w.org\/{rel}","templated":true}]}}