{"id":168443,"date":"2025-06-11T23:00:09","date_gmt":"2025-06-11T23:00:09","guid":{"rendered":"http:\/\/cordobadirecto.com\/index.php\/2025\/06\/11\/al-responderle-a-un-economista-tuitero-cordobes-caputo-realizo-un-anuncio-la-voz\/"},"modified":"2025-06-11T23:00:09","modified_gmt":"2025-06-11T23:00:09","slug":"al-responderle-a-un-economista-tuitero-cordobes-caputo-realizo-un-anuncio-la-voz","status":"publish","type":"post","link":"http:\/\/cordobadirecto.com\/index.php\/2025\/06\/11\/al-responderle-a-un-economista-tuitero-cordobes-caputo-realizo-un-anuncio-la-voz\/","title":{"rendered":"Al responderle a un economista tuitero cordob\u00e9s, Caputo realiz\u00f3 un anuncio &#8211; La Voz"},"content":{"rendered":"<p>El ministro de <b>Econom\u00eda<\/b> le respondi\u00f3 a un economista de <b>C\u00f3rdoba<\/b> en X y habl\u00f3 de la tasa de Arca. <\/p>\n","protected":false},"excerpt":{"rendered":"<p>El ministro de Econom\u00eda le respondi\u00f3 a un economista de C\u00f3rdoba en X y habl\u00f3 de la tasa de Arca.<\/p>\n","protected":false},"author":1,"featured_media":0,"comment_status":"closed","ping_status":"closed","sticky":false,"template":"","format":"standard","meta":[],"categories":[40],"tags":[],"_links":{"self":[{"href":"http:\/\/cordobadirecto.com\/index.php\/wp-json\/wp\/v2\/posts\/168443"}],"collection":[{"href":"http:\/\/cordobadirecto.com\/index.php\/wp-json\/wp\/v2\/posts"}],"about":[{"href":"http:\/\/cordobadirecto.com\/index.php\/wp-json\/wp\/v2\/types\/post"}],"author":[{"embeddable":true,"href":"http:\/\/cordobadirecto.com\/index.php\/wp-json\/wp\/v2\/users\/1"}],"replies":[{"embeddable":true,"href":"http:\/\/cordobadirecto.com\/index.php\/wp-json\/wp\/v2\/comments?post=168443"}],"version-history":[{"count":0,"href":"http:\/\/cordobadirecto.com\/index.php\/wp-json\/wp\/v2\/posts\/168443\/revisions"}],"wp:attachment":[{"href":"http:\/\/cordobadirecto.com\/index.php\/wp-json\/wp\/v2\/media?parent=168443"}],"wp:term":[{"taxonomy":"category","embeddable":true,"href":"http:\/\/cordobadirecto.com\/index.php\/wp-json\/wp\/v2\/categories?post=168443"},{"taxonomy":"post_tag","embeddable":true,"href":"http:\/\/cordobadirecto.com\/index.php\/wp-json\/wp\/v2\/tags?post=168443"}],"curies":[{"name":"wp","href":"https:\/\/api.w.org\/{rel}","templated":true}]}}