{"id":168506,"date":"2025-06-12T20:30:22","date_gmt":"2025-06-12T20:30:22","guid":{"rendered":"https:\/\/www.ole.com.ar\/autos\/kevin-benavidez-anuncio-retiro-motociclismo-aviso-nuevo-desafio-carrera-deportiva_0_bim0Wji68H.html"},"modified":"2025-06-12T20:30:22","modified_gmt":"2025-06-12T20:30:22","slug":"kevin-benavides-anuncio-su-retiro-del-motociclismo-y-ya-piensa-en-un-nuevo-desafio","status":"publish","type":"post","link":"http:\/\/cordobadirecto.com\/index.php\/2025\/06\/12\/kevin-benavides-anuncio-su-retiro-del-motociclismo-y-ya-piensa-en-un-nuevo-desafio\/","title":{"rendered":"Kevin Benavides anunci\u00f3 su retiro del motociclismo y ya piensa en un nuevo desaf\u00edo"},"content":{"rendered":"<p><time class=\"createDate\" datetime=\"2025-06-12T17:30:22-03:00\">12\/06\/2025 17:30hs.<\/time><\/p>\n<div id=\"storyBody\">\n<div class=\"custom-text \" readability=\"40\">\n<p><strong>Kevin Benavides cerr\u00f3 su carrera deportiva profesional sobre las motos, <\/strong>pero ya est\u00e1 preparado para escribir un nuevo cap\u00edtulo en su historia de superaci\u00f3n constante. <strong>El salte\u00f1o, de 36 a\u00f1os, conquist\u00f3 en dos ocasiones el Rally Dakar en la categor\u00eda m\u00e1s exigente,<\/strong> una haza\u00f1a sin precedentes para un latinoamericano. Hizo historia al posicionar a Sudam\u00e9rica en lo m\u00e1s alto del rally raid, algo que ya hab\u00eda logrado anteriormente en su destacada trayectoria en el enduro.<\/p>\n<\/div>\n<p><h2><strong>Qu\u00e9 dijo Benavides tras anunciar su retiro del motociclismo<\/strong><\/h2>\n<\/p>\n<div class=\"custom-text \" readability=\"43\">\n<p><strong>Benavides decidi\u00f3 &#8220;colgar&#8221; el casco debido a las lesiones que lo afectaron en los \u00faltimos a\u00f1os,<\/strong> y al anunciar su retiro expres\u00f3: <strong>\u201cHoy no es un d\u00eda f\u00e1cil, pero sin duda es especial. Despu\u00e9s de tantos a\u00f1os compitiendo, conduciendo motos desde los tres a\u00f1os,<\/strong> recorriendo los terrenos m\u00e1s dif\u00edciles del planeta, experimentando victorias, accidentes y lecciones que me cambiaron la vida, tom\u00e9 una de las decisiones m\u00e1s dif\u00edciles de mi vida: poner fin a mi carrera profesional en el motociclismo. <strong>Decirle adi\u00f3s a la moto es como desprenderme de una parte de m\u00ed mismo, pero lo hago con orgullo.\u201d<\/strong><\/p>\n<\/div>\n<div class=\"sc-e7b891c4-0 ifHnQL image-embed\"><img alt=\"Kevin Benavides durante el Rally Dakar 2025. (Prensa)\" loading=\"lazy\" width=\"720\" height=\"100\" decoding=\"async\" data-nimg=\"1\" src=\"http:\/\/cordobadirecto.com\/wp-content\/uploads\/2025\/06\/kevin-benavides-anuncio-su-retiro-del-motociclismo-y-ya-piensa-en-un-nuevo-desafio.jpg\"><span class=\"epigraphe\">Kevin Benavides durante el Rally Dakar 2025. (Prensa)<\/span><\/div>\n<div class=\"custom-text \" readability=\"40\">\n<p><strong>La fractura en su brazo izquierdo, consecuencia de una ca\u00edda en mayo del a\u00f1o pasado, fue un punto de quiebre. <\/strong>Pese a los intentos por volver, el propio piloto admiti\u00f3 que no logr\u00f3 recuperar ni la fuerza necesaria ni la confianza para rendir al nivel que exige una competencia como el Dakar. <strong>\u201cNo puedo manejar como me gustar\u00eda, y competir sin estar al 100% no es una opci\u00f3n para m\u00ed\u201d,<\/strong> expres\u00f3 con contundencia.<\/p>\n<\/div>\n<div class=\"custom-text \" readability=\"42\">\n<p>El salte\u00f1o agreg\u00f3: <strong>\u201cDe Salta, Argentina, al mundo, convertirme en piloto oficial, ganar el Dakar dos veces y hacer historia en el rally y el deporte argentino: <\/strong>estos eran sue\u00f1os que antes parec\u00edan imposibles. No es as\u00ed como imagin\u00e9 mi retiro, pero mi lesi\u00f3n me impide competir al 100%, y siempre lo hice con todas mis fuerzas. <strong>Aun as\u00ed, estoy profundamente agradecido por todo lo que logr\u00e9&#8221;.<\/strong><\/p>\n<\/div>\n<div class=\"custom-text \" readability=\"42\">\n<p><strong>Para cerrar,<\/strong> Benavides resalt\u00f3 el apoyo recibido tanto por parte de KTM como de sus seres queridos: <strong>\u201cQuiero agradecer a mi familia, a mi equipo, a la afici\u00f3n y, especialmente, a KTM, por creer en m\u00ed y apoyarme en todo.<\/strong> Espero seguir cerca de la familia KTM y apoyar a mi hermano Luciano, y seguir contribuyendo al deporte de nuevas maneras. <strong>El Dakar me ense\u00f1\u00f3 que no hay l\u00edmites cuando amas lo que haces y eres humilde. Gracias a todos por ser parte de este viaje.\u201d<\/strong><\/p>\n<\/div>\n<div class=\"sc-e7b891c4-0 ifHnQL image-embed\"><img alt=\"El grave accidente que Benavides sufri\u00f3 a mediados de 2024. (IG)\" loading=\"lazy\" width=\"720\" height=\"100\" decoding=\"async\" data-nimg=\"1\" src=\"http:\/\/cordobadirecto.com\/wp-content\/uploads\/2025\/06\/kevin-benavides-anuncio-su-retiro-del-motociclismo-y-ya-piensa-en-un-nuevo-desafio-1.jpg\"><span class=\"epigraphe\">El grave accidente que Benavides sufri\u00f3 a mediados de 2024. (IG)<\/span><\/div>\n<p><h2><strong>Qu\u00e9 dijo el \u00faltimo equipo de Benavides sobre su retirada<\/strong><\/h2>\n<\/p>\n<div class=\"custom-text \" readability=\"44\">\n<p><strong>Andreas Holzl, director del equipo de Rally de Red Bull KTM,<\/strong> se refiri\u00f3 al retiro de Benavides y expres\u00f3: <strong>\u201cNo es f\u00e1cil ver a Kevin retirarse, especialmente despu\u00e9s de todo lo que vivimos juntos en los \u00faltimos a\u00f1os.<\/strong> Desde el momento en que se uni\u00f3 al equipo, Kevin aport\u00f3 much\u00edsima pasi\u00f3n, determinaci\u00f3n y profesionalismo. Compartimos momentos incre\u00edbles, ninguno tan grande como su victoria en el Dakar con nosotros en 2023, y siempre fue un piloto que lo dio todo. M\u00e1s all\u00e1 de los resultados, Kevin era un aut\u00e9ntico compa\u00f1ero de equipo y una gran persona. <strong>Lo extra\u00f1aremos, pero estamos orgullosos de haber formado parte de su trayectoria y le deseamos lo mejor para el futuro.\u201d<\/strong><\/p>\n<\/div>\n<p><h2><strong>C\u00f3mo sigue el futuro de Benavides<\/strong><\/h2>\n<\/p>\n<div class=\"custom-text \" readability=\"37\">\n<p><strong>La posibilidad de seguir compitiendo no est\u00e1 descartada: el salte\u00f1o ya comenz\u00f3 su transici\u00f3n hacia otra categor\u00eda. <\/strong>Aunque todav\u00eda no defini\u00f3 con qu\u00e9 equipo ni a bordo de qu\u00e9 veh\u00edculo lo har\u00e1, su objetivo es ambicioso y claro: <strong>quiere convertirse en el primer sudamericano en ganar el Dakar tanto en motos como en autos, <\/strong>al igual que lo lograron el franc\u00e9s St\u00e9phane Peterhansel y el espa\u00f1ol Nani Roma entre los europeos.<\/p>\n<\/div>\n<div class=\"sc-e7b891c4-0 ifHnQL image-embed\"><img alt=\"Benavides se retir\u00f3 del motociclismo. (Prensa)\" loading=\"lazy\" width=\"720\" height=\"100\" decoding=\"async\" data-nimg=\"1\" src=\"http:\/\/cordobadirecto.com\/wp-content\/uploads\/2025\/06\/kevin-benavides-anuncio-su-retiro-del-motociclismo-y-ya-piensa-en-un-nuevo-desafio-2.jpg\"><span class=\"epigraphe\">Benavides se retir\u00f3 del motociclismo. (Prensa)<\/span><\/div>\n<div class=\"sc-a7166897-0 eoLsBE\" readability=\"6\">\n<section readability=\"2\"><picture><img alt=\"Qu\u00e9 dijo Franco Colapinto en la previa al arranque del GP de Canad\u00e1\" loading=\"lazy\" width=\"290\" height=\"290\" decoding=\"async\" data-nimg=\"1\" src=\"http:\/\/cordobadirecto.com\/wp-content\/uploads\/2025\/06\/kevin-benavides-anuncio-su-retiro-del-motociclismo-y-ya-piensa-en-un-nuevo-desafio-3.jpg\"><\/picture>\n<p><span>Mir\u00e1 tambi\u00e9n<\/span><\/p>\n<hr>\n<h3>Qu\u00e9 dijo Franco Colapinto en la previa al arranque del GP de Canad\u00e1<\/h3>\n<\/p>\n<\/section>\n<\/div>\n<div class=\"sc-a7166897-0 eoLsBE\" readability=\"7\">\n<section readability=\"4\"><picture><img alt=\"GP de Canad\u00e1 de la F\u00f3rmula 1: d\u00eda, horario y c\u00f3mo ver la carrera en vivo desde Estados Unidos y M\u00e9xico\" loading=\"lazy\" width=\"290\" height=\"290\" decoding=\"async\" data-nimg=\"1\" src=\"http:\/\/cordobadirecto.com\/wp-content\/uploads\/2025\/06\/kevin-benavides-anuncio-su-retiro-del-motociclismo-y-ya-piensa-en-un-nuevo-desafio-4.jpg\"><\/picture>\n<p><span>Mir\u00e1 tambi\u00e9n<\/span><\/p>\n<hr>\n<h3>GP de Canad\u00e1 de la F\u00f3rmula 1: d\u00eda, horario y c\u00f3mo ver la carrera en vivo desde Estados Unidos y M\u00e9xico<\/h3>\n<\/p>\n<\/section>\n<\/div>\n<div class=\"sc-a7166897-0 eoLsBE\" readability=\"6\">\n<section readability=\"2\"><picture><img alt=\"Atenci\u00f3n Colapinto: \u00bfse suma un problema para el&nbsp;GP&nbsp;de&nbsp;Canad\u00e1?\" loading=\"lazy\" width=\"290\" height=\"290\" decoding=\"async\" data-nimg=\"1\" src=\"http:\/\/cordobadirecto.com\/wp-content\/uploads\/2025\/06\/kevin-benavides-anuncio-su-retiro-del-motociclismo-y-ya-piensa-en-un-nuevo-desafio-5.jpg\"><\/picture>\n<p><span>Mir\u00e1 tambi\u00e9n<\/span><\/p>\n<hr>\n<h3>Atenci\u00f3n Colapinto: \u00bfse suma un problema para el&nbsp;GP&nbsp;de&nbsp;Canad\u00e1?<\/h3>\n<\/p>\n<\/section>\n<\/div>\n<\/div>\n","protected":false},"excerpt":{"rendered":"<p>12\/06\/2025 17:30hs. Kevin Benavides cerr\u00f3 su carrera deportiva profesional sobre las motos, pero ya est\u00e1 preparado para escribir un nuevo cap\u00edtulo en su historia de superaci\u00f3n constante. El salte\u00f1o, de 36 a\u00f1os, conquist\u00f3 en dos ocasiones el Rally Dakar en la categor\u00eda m\u00e1s exigente, una haza\u00f1a sin precedentes para un latinoamericano. Hizo historia al posicionar [&hellip;]<\/p>\n","protected":false},"author":1,"featured_media":168507,"comment_status":"closed","ping_status":"closed","sticky":false,"template":"","format":"standard","meta":[],"categories":[21],"tags":[],"_links":{"self":[{"href":"http:\/\/cordobadirecto.com\/index.php\/wp-json\/wp\/v2\/posts\/168506"}],"collection":[{"href":"http:\/\/cordobadirecto.com\/index.php\/wp-json\/wp\/v2\/posts"}],"about":[{"href":"http:\/\/cordobadirecto.com\/index.php\/wp-json\/wp\/v2\/types\/post"}],"author":[{"embeddable":true,"href":"http:\/\/cordobadirecto.com\/index.php\/wp-json\/wp\/v2\/users\/1"}],"replies":[{"embeddable":true,"href":"http:\/\/cordobadirecto.com\/index.php\/wp-json\/wp\/v2\/comments?post=168506"}],"version-history":[{"count":0,"href":"http:\/\/cordobadirecto.com\/index.php\/wp-json\/wp\/v2\/posts\/168506\/revisions"}],"wp:featuredmedia":[{"embeddable":true,"href":"http:\/\/cordobadirecto.com\/index.php\/wp-json\/wp\/v2\/media\/168507"}],"wp:attachment":[{"href":"http:\/\/cordobadirecto.com\/index.php\/wp-json\/wp\/v2\/media?parent=168506"}],"wp:term":[{"taxonomy":"category","embeddable":true,"href":"http:\/\/cordobadirecto.com\/index.php\/wp-json\/wp\/v2\/categories?post=168506"},{"taxonomy":"post_tag","embeddable":true,"href":"http:\/\/cordobadirecto.com\/index.php\/wp-json\/wp\/v2\/tags?post=168506"}],"curies":[{"name":"wp","href":"https:\/\/api.w.org\/{rel}","templated":true}]}}