{"id":168508,"date":"2025-06-12T19:20:34","date_gmt":"2025-06-12T19:20:34","guid":{"rendered":"https:\/\/www.ole.com.ar\/autos\/dijo-franco-colapinto-previa-arranque-gp-canada_0_PyltEgAn78.html"},"modified":"2025-06-12T19:20:34","modified_gmt":"2025-06-12T19:20:34","slug":"que-dijo-franco-colapinto-en-la-previa-al-arranque-del-gp-de-canada","status":"publish","type":"post","link":"http:\/\/cordobadirecto.com\/index.php\/2025\/06\/12\/que-dijo-franco-colapinto-en-la-previa-al-arranque-del-gp-de-canada\/","title":{"rendered":"Qu\u00e9 dijo Franco Colapinto en la previa al arranque del GP de Canad\u00e1"},"content":{"rendered":"<p><time class=\"createDate\" datetime=\"2025-06-12T16:20:34-03:00\">12\/06\/2025 16:20hs.<\/time><\/p>\n<div id=\"storyBody\">\n<div class=\"custom-text \" readability=\"40\">\n<p><strong>Este fin de semana vuelven a rugir los potentes motores V6 de la F\u00f3rmula 1 en la d\u00e9cima fecha de la temporada.<\/strong> Luego del triplete Imola-M\u00f3naco-Barcelona, la M\u00e1xima se muda a Canad\u00e1, <strong>m\u00e1s precisamente al circuito semiurbano de Montreal,<\/strong> uno de los m\u00e1s ic\u00f3nicos de la categor\u00eda. <strong>Ah\u00ed estar\u00e1 presente Franco Colapinto, quien habl\u00f3 en la previa en conferencia de prensa. <\/strong>En esta nota, todos los detalles de lo que dijo el pilarense en su cuarto Gran Premio con Alpine.<\/p>\n<\/div>\n<p><h2><strong>Qu\u00e9 dijo Colapinto en la previa al arranque del GP de Canad\u00e1<\/strong><\/h2>\n<\/p>\n<div class=\"custom-text \" readability=\"38\">\n<p>En la conferencia de prensa previa al inicio del fin de semana, <strong>Colapinto se\u00f1al\u00f3: \u201cLas primeras carreras fueron dif\u00edciles; esperaba un poco m\u00e1s de progreso en Imola, <\/strong>pero siempre es complicado volver a la F1 despu\u00e9s de seis carreras sin estar ac\u00e1. La semana de descanso fue muy buena para reencontrarnos con el equipo, comprender los problemas y ver d\u00f3nde podemos mejorar. <strong>Esta semana habl\u00e9 con ellos para analizar todo y entender mejor los inconvenientes\u201d.<\/strong><\/p>\n<\/div>\n<div class=\"sc-e7b891c4-0 ifHnQL image-embed\"><img alt=\"Franco Colapinto en la conferencia de prensa de la F\u00f3rmula 1 en Canad\u00e1. (REUTERS\/Jennifer Gauthier)\" loading=\"lazy\" width=\"720\" height=\"100\" decoding=\"async\" data-nimg=\"1\" src=\"http:\/\/cordobadirecto.com\/wp-content\/uploads\/2025\/06\/que-dijo-franco-colapinto-en-la-previa-al-arranque-del-gp-de-canada.jpg\"><span class=\"epigraphe\">Franco Colapinto en la conferencia de prensa de la F\u00f3rmula 1 en Canad\u00e1. (REUTERS\/Jennifer Gauthier)<\/span><\/div>\n<div class=\"custom-text \" readability=\"38\">\n<p><strong>Tambi\u00e9n expres\u00f3 que espera acercarse a\u00fan m\u00e1s a Pierre Gasly<\/strong> y que Montreal es un buen circuito para Alpine: <strong>\u201c\u00bfPosibilidades en Montreal? Anotar puntos ser\u00eda genial, estoy seguro de que el auto tiene rendimiento. <\/strong>Pero primero tenemos que empezar sinti\u00e9ndonos c\u00f3modos. Tres pr\u00e1cticas libres ser\u00e1n suficientes para aprender el circuito y entrar en ritmo.<strong> Es una especie de circuito urbano y, al final, manejar un auto de F1 ac\u00e1 es incre\u00edble por la historia que tiene este lugar.\u201d<\/strong><\/p>\n<\/div>\n<div class=\"custom-text \" readability=\"34\">\n<p><strong>Y para cerrar,<\/strong> el pilarense se\u00f1al\u00f3: <strong>\u201cAlpine es un equipo diferente a mi experiencia previa con Williams.<\/strong> Es un auto distinto y hay mucho que aprender para intentar recuperar terreno.\u201d<\/p>\n<\/div>\n<div class=\"sc-e7b891c4-0 ifHnQL image-embed\"><img alt=\"Lewis Hamilton y Franco Colapinto en la conferencia de prensa de la F1 en Canad\u00e1. (REUTERS\/Jennifer Gauthier)\" loading=\"lazy\" width=\"720\" height=\"100\" decoding=\"async\" data-nimg=\"1\" src=\"http:\/\/cordobadirecto.com\/wp-content\/uploads\/2025\/06\/que-dijo-franco-colapinto-en-la-previa-al-arranque-del-gp-de-canada-1.jpg\"><span class=\"epigraphe\">Lewis Hamilton y Franco Colapinto en la conferencia de prensa de la F1 en Canad\u00e1. (REUTERS\/Jennifer Gauthier)<\/span><\/div>\n<p><h2><strong>Cu\u00e1ndo y por d\u00f3nde ver el GP de Canad\u00e1<\/strong><\/h2>\n<\/p>\n<div class=\"custom-text \" readability=\"39\">\n<p><strong>La actividad de la F\u00f3rmula arranca este viernes<\/strong> en el circuito de Canad\u00e1 a las 14.30 con la primera sesi\u00f3n de entrenamientos libres, seguida por una segunda tanda a las 18. <strong>El s\u00e1bado,<\/strong> el cronograma continuar\u00e1 con el tercer ensayo desde las 13.30, antes de dar paso a <strong>la siempre desafiante clasificaci\u00f3n, prevista para las 17.<\/strong><\/p>\n<\/div>\n<div class=\"custom-text \" readability=\"38\">\n<p><strong>El plato principal del fin de semana ser\u00e1 el domingo a partir de las 15,<\/strong> cuando se disputen las <strong>70 vueltas al trazado canadiense,<\/strong> completando as\u00ed los 305,270 kil\u00f3metros <strong>de carrera.<\/strong> Ah\u00ed, Colapinto buscar\u00e1 sumar sus primeros puntos con la escuder\u00eda francesa.<\/p>\n<\/div>\n<div class=\"sc-e7b891c4-0 ifHnQL image-embed\"><img alt=\"Franco Colapinto arriba del Alpine en la previa al arranque del fin de semana en el GP de Canad\u00e1.\n(Christinne Muschi\/The Canadian Press via AP)\" loading=\"lazy\" width=\"720\" height=\"100\" decoding=\"async\" data-nimg=\"1\" src=\"http:\/\/cordobadirecto.com\/wp-content\/uploads\/2025\/06\/que-dijo-franco-colapinto-en-la-previa-al-arranque-del-gp-de-canada-2.jpg\"><span class=\"epigraphe\">Franco Colapinto arriba del Alpine en la previa al arranque del fin de semana en el GP de Canad\u00e1.<br \/>\n(Christinne Muschi\/The Canadian Press via AP)<\/span><\/div>\n<div class=\"sc-a7166897-0 eoLsBE\" readability=\"7\">\n<section readability=\"4\"><picture><img alt=\"GP de Canad\u00e1 de la F\u00f3rmula 1: d\u00eda, horario y c\u00f3mo ver la carrera en vivo desde Estados Unidos y M\u00e9xico\" loading=\"lazy\" width=\"290\" height=\"290\" decoding=\"async\" data-nimg=\"1\" src=\"http:\/\/cordobadirecto.com\/wp-content\/uploads\/2025\/06\/que-dijo-franco-colapinto-en-la-previa-al-arranque-del-gp-de-canada-3.jpg\"><\/picture>\n<p><span>Mir\u00e1 tambi\u00e9n<\/span><\/p>\n<hr>\n<h3>GP de Canad\u00e1 de la F\u00f3rmula 1: d\u00eda, horario y c\u00f3mo ver la carrera en vivo desde Estados Unidos y M\u00e9xico<\/h3>\n<\/p>\n<\/section>\n<\/div>\n<div class=\"sc-a7166897-0 eoLsBE\" readability=\"6\">\n<section readability=\"2\"><picture><img alt=\"Atenci\u00f3n Colapinto: \u00bfse suma un problema para el&nbsp;GP&nbsp;de&nbsp;Canad\u00e1?\" loading=\"lazy\" width=\"290\" height=\"290\" decoding=\"async\" data-nimg=\"1\" src=\"http:\/\/cordobadirecto.com\/wp-content\/uploads\/2025\/06\/que-dijo-franco-colapinto-en-la-previa-al-arranque-del-gp-de-canada-4.jpg\"><\/picture>\n<p><span>Mir\u00e1 tambi\u00e9n<\/span><\/p>\n<hr>\n<h3>Atenci\u00f3n Colapinto: \u00bfse suma un problema para el&nbsp;GP&nbsp;de&nbsp;Canad\u00e1?<\/h3>\n<\/p>\n<\/section>\n<\/div>\n<div class=\"sc-a7166897-0 eoLsBE\" readability=\"6\">\n<section readability=\"2\"><picture><img alt=\"C\u00f3mo le fue a Franco Colapinto cuando corri\u00f3 a los 18 a\u00f1os las 24 Horas de Le Mans\" loading=\"lazy\" width=\"290\" height=\"290\" decoding=\"async\" data-nimg=\"1\" src=\"http:\/\/cordobadirecto.com\/wp-content\/uploads\/2025\/06\/que-dijo-franco-colapinto-en-la-previa-al-arranque-del-gp-de-canada-5.jpg\"><\/picture>\n<p><span>Mir\u00e1 tambi\u00e9n<\/span><\/p>\n<hr>\n<h3>C\u00f3mo le fue a Franco Colapinto cuando corri\u00f3 a los 18 a\u00f1os las 24 Horas de Le Mans<\/h3>\n<\/p>\n<\/section>\n<\/div>\n<\/div>\n","protected":false},"excerpt":{"rendered":"<p>12\/06\/2025 16:20hs. Este fin de semana vuelven a rugir los potentes motores V6 de la F\u00f3rmula 1 en la d\u00e9cima fecha de la temporada. Luego del triplete Imola-M\u00f3naco-Barcelona, la M\u00e1xima se muda a Canad\u00e1, m\u00e1s precisamente al circuito semiurbano de Montreal, uno de los m\u00e1s ic\u00f3nicos de la categor\u00eda. Ah\u00ed estar\u00e1 presente Franco Colapinto, quien [&hellip;]<\/p>\n","protected":false},"author":1,"featured_media":168509,"comment_status":"closed","ping_status":"closed","sticky":false,"template":"","format":"standard","meta":[],"categories":[21],"tags":[],"_links":{"self":[{"href":"http:\/\/cordobadirecto.com\/index.php\/wp-json\/wp\/v2\/posts\/168508"}],"collection":[{"href":"http:\/\/cordobadirecto.com\/index.php\/wp-json\/wp\/v2\/posts"}],"about":[{"href":"http:\/\/cordobadirecto.com\/index.php\/wp-json\/wp\/v2\/types\/post"}],"author":[{"embeddable":true,"href":"http:\/\/cordobadirecto.com\/index.php\/wp-json\/wp\/v2\/users\/1"}],"replies":[{"embeddable":true,"href":"http:\/\/cordobadirecto.com\/index.php\/wp-json\/wp\/v2\/comments?post=168508"}],"version-history":[{"count":0,"href":"http:\/\/cordobadirecto.com\/index.php\/wp-json\/wp\/v2\/posts\/168508\/revisions"}],"wp:featuredmedia":[{"embeddable":true,"href":"http:\/\/cordobadirecto.com\/index.php\/wp-json\/wp\/v2\/media\/168509"}],"wp:attachment":[{"href":"http:\/\/cordobadirecto.com\/index.php\/wp-json\/wp\/v2\/media?parent=168508"}],"wp:term":[{"taxonomy":"category","embeddable":true,"href":"http:\/\/cordobadirecto.com\/index.php\/wp-json\/wp\/v2\/categories?post=168508"},{"taxonomy":"post_tag","embeddable":true,"href":"http:\/\/cordobadirecto.com\/index.php\/wp-json\/wp\/v2\/tags?post=168508"}],"curies":[{"name":"wp","href":"https:\/\/api.w.org\/{rel}","templated":true}]}}