{"id":168521,"date":"2025-06-13T05:11:17","date_gmt":"2025-06-13T05:11:17","guid":{"rendered":"http:\/\/cordobadirecto.com\/index.php\/2025\/06\/13\/dusso-mantuvo-una-reunion-con-empresarios-de-tucuman-y-cordoba-catamarca-es-noticia\/"},"modified":"2025-06-13T05:11:17","modified_gmt":"2025-06-13T05:11:17","slug":"dusso-mantuvo-una-reunion-con-empresarios-de-tucuman-y-cordoba-catamarca-es-noticia","status":"publish","type":"post","link":"http:\/\/cordobadirecto.com\/index.php\/2025\/06\/13\/dusso-mantuvo-una-reunion-con-empresarios-de-tucuman-y-cordoba-catamarca-es-noticia\/","title":{"rendered":"Dusso mantuvo una reuni\u00f3n con empresarios de Tucum\u00e1n y <b>C\u00f3rdoba<\/b> &#8211; Catamarca es Noticia"},"content":{"rendered":"<p>&#8230; <b>nueva<\/b> temporada de \u201cNuestras Voces\u201d &#8230; Inicio Pol\u00edtica y <b>Econom\u00eda<\/b> Dusso mantuvo una reuni\u00f3n con empresarios de Tucum\u00e1n y <b>C\u00f3rdoba<\/b>. Pol\u00edtica y <b>Econom\u00eda<\/b>&nbsp;&#8230; <\/p>\n","protected":false},"excerpt":{"rendered":"<p>&#8230; nueva temporada de \u201cNuestras Voces\u201d &#8230; Inicio Pol\u00edtica y Econom\u00eda Dusso mantuvo una reuni\u00f3n con empresarios de Tucum\u00e1n y C\u00f3rdoba. Pol\u00edtica y Econom\u00eda&nbsp;&#8230;<\/p>\n","protected":false},"author":1,"featured_media":0,"comment_status":"closed","ping_status":"closed","sticky":false,"template":"","format":"standard","meta":[],"categories":[40],"tags":[],"_links":{"self":[{"href":"http:\/\/cordobadirecto.com\/index.php\/wp-json\/wp\/v2\/posts\/168521"}],"collection":[{"href":"http:\/\/cordobadirecto.com\/index.php\/wp-json\/wp\/v2\/posts"}],"about":[{"href":"http:\/\/cordobadirecto.com\/index.php\/wp-json\/wp\/v2\/types\/post"}],"author":[{"embeddable":true,"href":"http:\/\/cordobadirecto.com\/index.php\/wp-json\/wp\/v2\/users\/1"}],"replies":[{"embeddable":true,"href":"http:\/\/cordobadirecto.com\/index.php\/wp-json\/wp\/v2\/comments?post=168521"}],"version-history":[{"count":0,"href":"http:\/\/cordobadirecto.com\/index.php\/wp-json\/wp\/v2\/posts\/168521\/revisions"}],"wp:attachment":[{"href":"http:\/\/cordobadirecto.com\/index.php\/wp-json\/wp\/v2\/media?parent=168521"}],"wp:term":[{"taxonomy":"category","embeddable":true,"href":"http:\/\/cordobadirecto.com\/index.php\/wp-json\/wp\/v2\/categories?post=168521"},{"taxonomy":"post_tag","embeddable":true,"href":"http:\/\/cordobadirecto.com\/index.php\/wp-json\/wp\/v2\/tags?post=168521"}],"curies":[{"name":"wp","href":"https:\/\/api.w.org\/{rel}","templated":true}]}}