{"id":168574,"date":"2025-06-13T19:07:23","date_gmt":"2025-06-13T19:07:23","guid":{"rendered":"https:\/\/www.ole.com.ar\/autos\/ver-carrera-24-horas-mans_0_pf90aY3SkG.html"},"modified":"2025-06-13T19:07:23","modified_gmt":"2025-06-13T19:07:23","slug":"24-horas-de-le-mans-cuando-y-por-donde-ver-la-carrera-con-pechito-lopez-y-nicolas-varrone","status":"publish","type":"post","link":"http:\/\/cordobadirecto.com\/index.php\/2025\/06\/13\/24-horas-de-le-mans-cuando-y-por-donde-ver-la-carrera-con-pechito-lopez-y-nicolas-varrone\/","title":{"rendered":"24 Horas de Le Mans: cu\u00e1ndo y por d\u00f3nde ver la carrera con Pechito L\u00f3pez y Nicol\u00e1s Varrone"},"content":{"rendered":"<p><span class=\"createDate\">13\/06\/2025 16:07hs.<\/span><time class=\"modificatedDate\" datetime=\"2025-06-13T16:10:04-03:00\"> Actualizado al 13\/06\/2025 16:10hs.<\/time><\/p>\n<div id=\"storyBody\">\n<div class=\"custom-text \" readability=\"40\">\n<p><strong>Por noveno a\u00f1o consecutivo, Argentina dice presente en las 24 Horas de Le Mans,<\/strong> la competencia m\u00e1s importante del automovilismo de resistencia. <strong>En esta 93\u00aa edici\u00f3n,<\/strong> habr\u00e1 dos representantes nacionales entre los 186 pilotos que buscar\u00e1n la gloria en el trazado de 13.626 metros de La Sarthe: <strong>Nicol\u00e1s Varrone y Jos\u00e9 Mar\u00eda L\u00f3pez,<\/strong> cada uno en una categor\u00eda distinta. Con la clasificaci\u00f3n ya disputada y el tradicional desfile de pilotos completado este viernes, <strong>en esta nota te contamos cu\u00e1ndo arranca la carrera.<\/strong><\/p>\n<\/div>\n<p><h2><strong>Cu\u00e1ndo y por d\u00f3nde ver la carrera en Le Mans<\/strong><\/h2>\n<\/p>\n<div class=\"custom-text \" readability=\"39\">\n<p><strong>Este s\u00e1bado<\/strong> a las 7 se llevar\u00e1 a cabo el Warm-Up, una breve sesi\u00f3n de pr\u00e1ctica previa a la carrera principal. <strong>Finalmente, a las 11, comenzar\u00e1 la 93\u00aa edici\u00f3n de las 24 Horas de Le Mans,<\/strong> que finalizar\u00e1 el domingo a la misma hora. <strong>La competencia podr\u00e1 seguirse en vivo por el canal oficial del FIA WEC en YouTube.<\/strong><\/p>\n<\/div>\n<div class=\"sc-e7b891c4-0 ifHnQL image-embed\"><img alt=\"Nicol\u00e1s Varrone a bordo del Porsche disputar\u00e1 este s\u00e1bado la hist\u00f3rica carrera de Le Mans. (Prensa WEC)\" loading=\"lazy\" width=\"720\" height=\"100\" decoding=\"async\" data-nimg=\"1\" src=\"http:\/\/cordobadirecto.com\/wp-content\/uploads\/2025\/06\/24-horas-de-le-mans-cuando-y-por-donde-ver-la-carrera-con-pechito-lopez-y-nicolas-varrone.jpg\"><span class=\"epigraphe\">Nicol\u00e1s Varrone a bordo del Porsche disputar\u00e1 este s\u00e1bado la hist\u00f3rica carrera de Le Mans. (Prensa WEC)<\/span><\/div>\n<div class=\"custom-text \" readability=\"38\">\n<p><strong>En el caso de Varrone, largar\u00e1 desde el 19\u00ba puesto general con el Porsche 963<\/strong> <strong>#99,<\/strong> que comparte con el suizo Neel Jani y el chileno Nicol\u00e1s Pino. <strong>El tr\u00edo, debutante en la exigente clase Hypercar, <\/strong>buscar\u00e1 aprovechar el ritmo de carrera para ganar posiciones.<\/p>\n<\/div>\n<div class=\"custom-text \" readability=\"35\">\n<p><strong>Por su parte, Pechito L\u00f3pez partir\u00e1 desde el puesto 49 con el Lexus #87, <\/strong>acompa\u00f1ado por el austr\u00edaco Clemens Schmid y el rumano R\u0103zvan Umbr\u0103rescu.<\/p>\n<\/div>\n<p><h2><strong>Qu\u00e9 hicieron este viernes los pilotos en Le Mans<\/strong><\/h2>\n<\/p>\n<div class=\"custom-text \" readability=\"36\">\n<p><strong>Este viernes no hubo actividad en el circuito,<\/strong> ya que la carrera se larga el s\u00e1bado y tiene una duraci\u00f3n de 24 horas. <strong>En cambio, los pilotos participaron del tradicional desfile en el centro de la ciudad.<\/strong><\/p>\n<\/div>\n<div class=\"sc-e7b891c4-0 ifHnQL image-embed\"><img alt=\"El Lexus de Pechito L\u00f3pez en WEC. (@akkodisaspteam)\" loading=\"lazy\" width=\"720\" height=\"100\" decoding=\"async\" data-nimg=\"1\" src=\"http:\/\/cordobadirecto.com\/wp-content\/uploads\/2025\/06\/24-horas-de-le-mans-cuando-y-por-donde-ver-la-carrera-con-pechito-lopez-y-nicolas-varrone-1.jpg\"><span class=\"epigraphe\">El Lexus de Pechito L\u00f3pez en WEC. (@akkodisaspteam)<\/span><\/div>\n<div class=\"sc-a7166897-0 eoLsBE\" readability=\"7\">\n<section readability=\"4\"><picture><img alt=\"Inicio alocado en Canad\u00e1: trompo de Colapinto, golpazo de Leclerc y varios incidentes\" loading=\"lazy\" width=\"290\" height=\"290\" decoding=\"async\" data-nimg=\"1\" src=\"http:\/\/cordobadirecto.com\/wp-content\/uploads\/2025\/06\/24-horas-de-le-mans-cuando-y-por-donde-ver-la-carrera-con-pechito-lopez-y-nicolas-varrone-2.jpg\"><\/picture>\n<p><span>Mir\u00e1 tambi\u00e9n<\/span><\/p>\n<hr>\n<h3>Inicio alocado en Canad\u00e1: trompo de Colapinto, golpazo de Leclerc y varios incidentes<\/h3>\n<\/p>\n<\/section>\n<\/div>\n<div class=\"sc-a7166897-0 eoLsBE\" readability=\"6.5\">\n<section readability=\"3\"><picture><img alt=\"Franco Colapinto en la Pr\u00e1ctica Libre 2 del GP de Canad\u00e1: c\u00f3mo va y d\u00f3nde ver hoy EN VIVO la F\u00f3rmula 1\" loading=\"lazy\" width=\"290\" height=\"290\" decoding=\"async\" data-nimg=\"1\" src=\"http:\/\/cordobadirecto.com\/wp-content\/uploads\/2025\/06\/24-horas-de-le-mans-cuando-y-por-donde-ver-la-carrera-con-pechito-lopez-y-nicolas-varrone-3.jpg\"><\/picture>\n<p><span>Mir\u00e1 tambi\u00e9n<\/span><\/p>\n<hr>\n<h3>Franco Colapinto en la Pr\u00e1ctica Libre 2 del GP de Canad\u00e1: c\u00f3mo va y d\u00f3nde ver hoy EN VIVO la F\u00f3rmula 1<\/h3>\n<\/p>\n<\/section>\n<\/div>\n<div class=\"sc-a7166897-0 eoLsBE\" readability=\"6\">\n<section readability=\"2\"><picture><img alt=\"Como Hamilton: la llamativa llegada de Colapinto al paddock en Canad\u00e1\" loading=\"lazy\" width=\"290\" height=\"290\" decoding=\"async\" data-nimg=\"1\" src=\"http:\/\/cordobadirecto.com\/wp-content\/uploads\/2025\/06\/24-horas-de-le-mans-cuando-y-por-donde-ver-la-carrera-con-pechito-lopez-y-nicolas-varrone-4.jpg\"><\/picture>\n<p><span>Mir\u00e1 tambi\u00e9n<\/span><\/p>\n<hr>\n<h3>Como Hamilton: la llamativa llegada de Colapinto al paddock en Canad\u00e1<\/h3>\n<\/p>\n<\/section>\n<\/div>\n<\/div>\n","protected":false},"excerpt":{"rendered":"<p>13\/06\/2025 16:07hs. Actualizado al 13\/06\/2025 16:10hs. Por noveno a\u00f1o consecutivo, Argentina dice presente en las 24 Horas de Le Mans, la competencia m\u00e1s importante del automovilismo de resistencia. En esta 93\u00aa edici\u00f3n, habr\u00e1 dos representantes nacionales entre los 186 pilotos que buscar\u00e1n la gloria en el trazado de 13.626 metros de La Sarthe: Nicol\u00e1s Varrone [&hellip;]<\/p>\n","protected":false},"author":1,"featured_media":168575,"comment_status":"closed","ping_status":"closed","sticky":false,"template":"","format":"standard","meta":[],"categories":[21],"tags":[],"_links":{"self":[{"href":"http:\/\/cordobadirecto.com\/index.php\/wp-json\/wp\/v2\/posts\/168574"}],"collection":[{"href":"http:\/\/cordobadirecto.com\/index.php\/wp-json\/wp\/v2\/posts"}],"about":[{"href":"http:\/\/cordobadirecto.com\/index.php\/wp-json\/wp\/v2\/types\/post"}],"author":[{"embeddable":true,"href":"http:\/\/cordobadirecto.com\/index.php\/wp-json\/wp\/v2\/users\/1"}],"replies":[{"embeddable":true,"href":"http:\/\/cordobadirecto.com\/index.php\/wp-json\/wp\/v2\/comments?post=168574"}],"version-history":[{"count":0,"href":"http:\/\/cordobadirecto.com\/index.php\/wp-json\/wp\/v2\/posts\/168574\/revisions"}],"wp:featuredmedia":[{"embeddable":true,"href":"http:\/\/cordobadirecto.com\/index.php\/wp-json\/wp\/v2\/media\/168575"}],"wp:attachment":[{"href":"http:\/\/cordobadirecto.com\/index.php\/wp-json\/wp\/v2\/media?parent=168574"}],"wp:term":[{"taxonomy":"category","embeddable":true,"href":"http:\/\/cordobadirecto.com\/index.php\/wp-json\/wp\/v2\/categories?post=168574"},{"taxonomy":"post_tag","embeddable":true,"href":"http:\/\/cordobadirecto.com\/index.php\/wp-json\/wp\/v2\/tags?post=168574"}],"curies":[{"name":"wp","href":"https:\/\/api.w.org\/{rel}","templated":true}]}}