{"id":168576,"date":"2025-06-13T18:59:38","date_gmt":"2025-06-13T18:59:38","guid":{"rendered":"https:\/\/www.ole.com.ar\/autos\/top-race-vuelve-autodromo-oscar-juan-galvez-buenos-aires-fecha_0_6Wy3PPYJpz.html"},"modified":"2025-06-13T18:59:38","modified_gmt":"2025-06-13T18:59:38","slug":"el-top-race-vuelve-al-autodromo-oscar-y-juan-galvez","status":"publish","type":"post","link":"http:\/\/cordobadirecto.com\/index.php\/2025\/06\/13\/el-top-race-vuelve-al-autodromo-oscar-y-juan-galvez\/","title":{"rendered":"El Top Race vuelve al Aut\u00f3dromo Oscar y Juan G\u00e1lvez"},"content":{"rendered":"<p><time class=\"createDate\" datetime=\"2025-06-13T15:59:38-03:00\">13\/06\/2025 15:59hs.<\/time><\/p>\n<div id=\"storyBody\">\n<div class=\"custom-text \" readability=\"39.302832244009\">\n<p>El <strong>s\u00e1bado 14 y domingo 15 de junio<\/strong>, el<strong> Aut\u00f3dromo Oscar y Juan G\u00e1lvez<\/strong> de la Ciudad de Buenos Aires ser\u00e1 sede de la <strong>5\u00ba fecha <\/strong>del 31\u00ba Campeonato Argentino de <strong><a href=\"https:\/\/www.ole.com.ar\/tema\/top-race.html\" title=\"Top Race\" alt=\"Top Race\" class=\"slug\">Top Race<\/a><\/strong> YPF INFINIA, junto a la Fiat Competizione, con los autos m\u00e1s potentes y los mejores pilotos del pa\u00eds. <strong>Esta ser\u00e1 la visita N\u00ba19<\/strong> del Top Race al tradicional circuito 8 del trazado capitalino, donde los m\u00e1ximos ganadores son Diego Avent\u00edn y Franco Girolami, con tres victorias cada uno.<\/p>\n<\/div>\n<div class=\"custom-text \" readability=\"39\">\n<p>&#8220;El Aut\u00f3dromo de la Ciudad abre sus puertas para todas las categor\u00edas nacionales y <strong>no tenemos duda que el Top Race, por la calidad de sus pilotos y la competitividad de la categor\u00eda, va a convocar a una multitud este fin de semana<\/strong>&#8220;, sostuvo el Secretario de Deportes de la Ciudad, Fabi\u00e1n &#8220;Chino&#8221; Turnes.<\/p>\n<\/div>\n<div class=\"sc-e7b891c4-0 ifHnQL image-embed\"><img alt=\"Ciarrocchi va por el campeonato. (Foto: Prensa).\" loading=\"lazy\" width=\"720\" height=\"100\" decoding=\"async\" data-nimg=\"1\" src=\"http:\/\/cordobadirecto.com\/wp-content\/uploads\/2025\/06\/el-top-race-vuelve-al-autodromo-oscar-y-juan-galvez.jpg\"><span class=\"epigraphe\">Ciarrocchi va por el campeonato. (Foto: Prensa).<\/span><\/div>\n<div class=\"custom-text \" readability=\"38\">\n<p>La primera competencia de la categor\u00eda en la variante de 3.338 metros se disput\u00f3 el <strong>9 de julio de 1998<\/strong>, y tuvo dos finales: <strong>la primera fue ganada por Fabi\u00e1n Hermoso<\/strong> (Nissan 300)<strong> y la segunda por Diego Avent\u00edn<\/strong> (BMW 325). La \u00faltima presentaci\u00f3n fue el 7 y 8 de diciembre de 2024, donde el ganador en el Top Race V6 fue<strong> Mat\u00edas Rossi<\/strong> con el Ford Mondeo #117 del Lincoln Motorsport, mientras que en el Top Race Series se impuso <strong>Lucas Bohdanowicz<\/strong> con el Toyota Corolla #1 del Pfening Competici\u00f3n.<\/p>\n<\/div>\n<p><h2>As\u00ed est\u00e1 el campeonato de Top Race<\/h2>\n<\/p>\n<div class=\"custom-text \" readability=\"38\">\n<p>El Campeonato Argentino del <strong>Top Race V6<\/strong> YPF INFINIA est\u00e1 al rojo vivo: <strong>Marcelo Ciarrocchi<\/strong> (Halc\u00f3n Motorsport) <strong>lidera con 190 puntos<\/strong>, seguido muy de cerca <strong>por su compa\u00f1ero de equipo Facundo Aldrighetti<\/strong> (Halc\u00f3n Motorsport) con 189. <strong>El tercero es Kevin Felippo<\/strong> (JLS Motorsport\u2013Corsi Sport) con 152. En el <strong>Top Race Series<\/strong>, <strong>Diego Verriello <\/strong>(Octanos Competici\u00f3n) est\u00e1 primero <strong>con 206 puntos<\/strong>, <strong>segundo se ubica<\/strong> <strong>Norberto Grosso<\/strong> (JLS Motorsport\u2013Corsi Sport) con 151 <strong>y tercero Christian Vallejo<\/strong> (IBBA Racing) con 105.<\/p>\n<\/div>\n<div class=\"sc-e7b891c4-0 ifHnQL image-embed\"><img alt=\"Kevin Filippo marcha 3\u00b0 en el campeonato. (Prensa TRV6)\" loading=\"lazy\" width=\"720\" height=\"100\" decoding=\"async\" data-nimg=\"1\" src=\"http:\/\/cordobadirecto.com\/wp-content\/uploads\/2025\/06\/el-top-race-vuelve-al-autodromo-oscar-y-juan-galvez-1.jpg\"><span class=\"epigraphe\">Kevin Filippo marcha 3\u00b0 en el campeonato. (Prensa TRV6)<\/span><\/div>\n<div class=\"sc-a7166897-0 eoLsBE\" readability=\"6\">\n<section readability=\"2\"><picture><img alt=\"Como Hamilton: la llamativa llegada de Colapinto al paddock en Canad\u00e1\" loading=\"lazy\" width=\"290\" height=\"290\" decoding=\"async\" data-nimg=\"1\" src=\"http:\/\/cordobadirecto.com\/wp-content\/uploads\/2025\/06\/el-top-race-vuelve-al-autodromo-oscar-y-juan-galvez-2.jpg\"><\/picture>\n<p><span>Mir\u00e1 tambi\u00e9n<\/span><\/p>\n<hr>\n<h3>Como Hamilton: la llamativa llegada de Colapinto al paddock en Canad\u00e1<\/h3>\n<\/p>\n<\/section>\n<\/div>\n<div class=\"sc-a7166897-0 eoLsBE\" readability=\"7\">\n<section readability=\"4\"><picture><img alt=\"Qu\u00e9 dijo Pierre Gasly, compa\u00f1ero de Colapinto, en la previa al GP de Canad\u00e1\" loading=\"lazy\" width=\"290\" height=\"290\" decoding=\"async\" data-nimg=\"1\" src=\"http:\/\/cordobadirecto.com\/wp-content\/uploads\/2025\/06\/el-top-race-vuelve-al-autodromo-oscar-y-juan-galvez-3.jpg\"><\/picture>\n<p><span>Mir\u00e1 tambi\u00e9n<\/span><\/p>\n<hr>\n<h3>Qu\u00e9 dijo Pierre Gasly, compa\u00f1ero de Colapinto, en la previa al GP de Canad\u00e1<\/h3>\n<\/p>\n<\/section>\n<\/div>\n<div class=\"sc-a7166897-0 eoLsBE\" readability=\"6.5\">\n<section readability=\"3\"><picture><img alt=\"El piloto de F\u00f3rmula 1 que sufri\u00f3 un robo y estuvo a punto de perderse el Gran Premio de Canad\u00e1\" loading=\"lazy\" width=\"290\" height=\"290\" decoding=\"async\" data-nimg=\"1\" src=\"http:\/\/cordobadirecto.com\/wp-content\/uploads\/2025\/06\/el-top-race-vuelve-al-autodromo-oscar-y-juan-galvez-4.jpg\"><\/picture>\n<p><span>Mir\u00e1 tambi\u00e9n<\/span><\/p>\n<hr>\n<h3>El piloto de F\u00f3rmula 1 que sufri\u00f3 un robo y estuvo a punto de perderse el Gran Premio de Canad\u00e1<\/h3>\n<\/p>\n<\/section>\n<\/div>\n<\/div>\n","protected":false},"excerpt":{"rendered":"<p>13\/06\/2025 15:59hs. El s\u00e1bado 14 y domingo 15 de junio, el Aut\u00f3dromo Oscar y Juan G\u00e1lvez de la Ciudad de Buenos Aires ser\u00e1 sede de la 5\u00ba fecha del 31\u00ba Campeonato Argentino de Top Race YPF INFINIA, junto a la Fiat Competizione, con los autos m\u00e1s potentes y los mejores pilotos del pa\u00eds. Esta ser\u00e1 [&hellip;]<\/p>\n","protected":false},"author":1,"featured_media":168577,"comment_status":"closed","ping_status":"closed","sticky":false,"template":"","format":"standard","meta":[],"categories":[21],"tags":[],"_links":{"self":[{"href":"http:\/\/cordobadirecto.com\/index.php\/wp-json\/wp\/v2\/posts\/168576"}],"collection":[{"href":"http:\/\/cordobadirecto.com\/index.php\/wp-json\/wp\/v2\/posts"}],"about":[{"href":"http:\/\/cordobadirecto.com\/index.php\/wp-json\/wp\/v2\/types\/post"}],"author":[{"embeddable":true,"href":"http:\/\/cordobadirecto.com\/index.php\/wp-json\/wp\/v2\/users\/1"}],"replies":[{"embeddable":true,"href":"http:\/\/cordobadirecto.com\/index.php\/wp-json\/wp\/v2\/comments?post=168576"}],"version-history":[{"count":0,"href":"http:\/\/cordobadirecto.com\/index.php\/wp-json\/wp\/v2\/posts\/168576\/revisions"}],"wp:featuredmedia":[{"embeddable":true,"href":"http:\/\/cordobadirecto.com\/index.php\/wp-json\/wp\/v2\/media\/168577"}],"wp:attachment":[{"href":"http:\/\/cordobadirecto.com\/index.php\/wp-json\/wp\/v2\/media?parent=168576"}],"wp:term":[{"taxonomy":"category","embeddable":true,"href":"http:\/\/cordobadirecto.com\/index.php\/wp-json\/wp\/v2\/categories?post=168576"},{"taxonomy":"post_tag","embeddable":true,"href":"http:\/\/cordobadirecto.com\/index.php\/wp-json\/wp\/v2\/tags?post=168576"}],"curies":[{"name":"wp","href":"https:\/\/api.w.org\/{rel}","templated":true}]}}