{"id":168578,"date":"2025-06-13T21:30:55","date_gmt":"2025-06-13T21:30:55","guid":{"rendered":"https:\/\/www.ole.com.ar\/futbol-ascenso\/ascenso-primera-nacional-san-martin-tucuman-atletico-tucuman-nicolas-castro_0_BNqVv3Vbqr.html"},"modified":"2025-06-13T21:30:55","modified_gmt":"2025-06-13T21:30:55","slug":"polemica-en-tucuman-rescindio-contrato-con-atletico-y-es-nuevo-refuerzo-de-san-martin","status":"publish","type":"post","link":"http:\/\/cordobadirecto.com\/index.php\/2025\/06\/13\/polemica-en-tucuman-rescindio-contrato-con-atletico-y-es-nuevo-refuerzo-de-san-martin\/","title":{"rendered":"Pol\u00e9mica en Tucum\u00e1n: rescindi\u00f3 contrato con Atl\u00e9tico y es nuevo refuerzo de San Mart\u00edn"},"content":{"rendered":"<p><time class=\"createDate\" datetime=\"2025-06-13T18:01:17-03:00\">13\/06\/2025 18:01hs.<\/time><\/p>\n<div id=\"storyBody\">\n<div class=\"custom-text \" readability=\"35.682926829268\">\n<p>En el f\u00fatbol argentino de hoy en d\u00eda, donde todo es tan pasional y por lo general no existen los grises, no es normal ver pases de jugadores que se van al cl\u00e1sico rival sin escalas. No es normal pero muy cada tanto pasa. Y este jueves sucedi\u00f3 en Tucum\u00e1n: <strong><a href=\"https:\/\/www.ole.com.ar\/tema\/san-martin-tucuman.html\" title=\"San Mart\u00edn Tucum\u00e1n\" alt=\"San Mart\u00edn Tucum\u00e1n\" class=\"slug\">San Mart\u00edn<\/a> cerr\u00f3 a Nicol\u00e1s Castro, de \u00faltimo paso por <a href=\"https:\/\/www.ole.com.ar\/tema\/atletico-tucuman.html\" title=\"Atl\u00e9tico Tucum\u00e1n\" alt=\"Atl\u00e9tico Tucum\u00e1n\" class=\"slug\">Atl\u00e9tico<\/a>. <\/strong><\/p>\n<\/div>\n<div class=\"custom-text \" readability=\"38.116147308782\">\n<p>Claro, es que con el objetivo de reforzar el equipo para seguir dando pelea en la lucha mano a mano por la cima de la tabla en la Zona A del <a href=\"https:\/\/www.ole.com.ar\/tema\/primera-nacional.html\" title=\"Primera Nacional\" alt=\"Primera Nacional\" class=\"slug\">Nacional<\/a>, el Santo aceler\u00f3 por el mediocampista de 35 a\u00f1os, quien ya pas\u00f3 por el club hace algunas temporadas, se lo qued\u00f3 y oficializ\u00f3 su fichaje en redes sociales. <strong>Firm\u00f3 contrato hasta diciembre del 2026. <\/strong><\/p>\n<\/div>\n<div class=\"custom-text \" readability=\"37.43553008596\">\n<p>En la vereda de enfrente no gust\u00f3 el destino, claro est\u00e1. Sin embargo,<strong> accedieron a liberar al volante, ya que no iba a ser tenido en cuenta por <a href=\"https:\/\/www.ole.com.ar\/tema\/lucas-pusineri.html\" title=\"Lucas Pusineri\" alt=\"Lucas Pusineri\" class=\"slug\">Lucas Pusineri<\/a><\/strong> para el segundo semestre. &#8220;Nicol\u00e1s Castro ha rescindido su contrato con nuestra instituci\u00f3n de com\u00fan acuerdo. Agradecemos su profesionalismo y compromiso&#8221;, indica el comunicado decano. <\/p>\n<\/div>\n<p><h2><strong>El anterior paso de Nicol\u00e1s Castro por San Mart\u00edn<\/strong><\/h2>\n<\/p>\n<div class=\"custom-text \" readability=\"37\">\n<p>El oriundi de Rancho ya tuvo un pasado en La Ciudadela: fue dirigido por la dupla Favio Orsi \u2013 Sergio G\u00f3mez, en la temporada 2019\/2020. En ese lapso, <strong>disput\u00f3 22 partidos, en donde consigui\u00f3 dos goles (Tigre y Gimnasia de Mendoza) y misma cantidad de asistencias.<\/strong><\/p>\n<\/div>\n<div class=\"sc-e7b891c4-0 ifHnQL image-embed\"><img alt=\"Castro volvi\u00f3 a La Ciudadela (Foto: Prensa San Mart\u00edn)\" loading=\"lazy\" width=\"720\" height=\"100\" decoding=\"async\" data-nimg=\"1\" src=\"http:\/\/cordobadirecto.com\/wp-content\/uploads\/2025\/06\/polemica-en-tucuman-rescindio-contrato-con-atletico-y-es-nuevo-refuerzo-de-san-martin.jpg\"><span class=\"epigraphe\">Castro volvi\u00f3 a La Ciudadela (Foto: Prensa San Mart\u00edn)<\/span><\/div>\n<p><h2><strong>Las primeras declaraciones del mediocampista como jugador del Santo<\/strong><\/h2>\n<\/p>\n<div class=\"custom-text \" readability=\"39\">\n<p>\u201cNo tuve que pensar mucho. <strong>Sab\u00eda que en alg\u00fan momento iba a tener la oportunidad de volver. Cuando me lo propusieron, dije s\u00ed, de una<\/strong>. Habl\u00e9 con Ariel Martos y con Pablo Hern\u00e1ndez. Me comentaron que hay muy buen grupo, y yo soy un convencido de que eso es lo m\u00e1s importante. Despu\u00e9s lo otro empieza a salir solo\u201d, comenz\u00f3 la cara nueva del Santo. <\/p>\n<\/div>\n<div class=\"custom-text \" readability=\"37\">\n<p>\u201cDesde lo futbol\u00edstico estoy bien. Puedo jugar por adentro y por afuera.<strong> Vengo a darlo todo por el club. En situaciones adversas, siempre me han expresado su apoyo. <\/strong>Espero estar a la altura y aportar con mi experiencia para seguir por el buen camino en esta segunda parte del torneo\u201d, agreg\u00f3 Castro. <\/p>\n<\/div>\n<p><h2><strong>No es el \u00fanico: otros jugadores que se pusieron las dos camisetas<\/strong><\/h2>\n<\/p>\n<div class=\"custom-text \" readability=\"45\">\n<p>La lista no tiene a Nicol\u00e1s Castro como \u00fanico exponente. S\u00ed, porque hay otros ejemplos como Juan Mercier, Pablo Hern\u00e1ndez, Gervasio N\u00fa\u00f1ez, H\u00e9ctor \u00c1lvarez, Dar\u00edo Cavallo, Albano Becica, Fabricio Lenci, N\u00e9stor Hugo Sosa, Ricardo Julio Villa, Ra\u00fal Saavedra y Augusto Max, entre otros. <\/p>\n<\/div>\n<div class=\"sc-e7b891c4-0 ifHnQL image-embed\"><img alt=\"Nico Castro y Pablo Hern\u00e1ndez, dos que pasaron por el Santo y el Decano (Foto: Prensa San Mart\u00edn)\" loading=\"lazy\" width=\"720\" height=\"100\" decoding=\"async\" data-nimg=\"1\" src=\"http:\/\/cordobadirecto.com\/wp-content\/uploads\/2025\/06\/polemica-en-tucuman-rescindio-contrato-con-atletico-y-es-nuevo-refuerzo-de-san-martin-1.jpg\"><span class=\"epigraphe\">Nico Castro y Pablo Hern\u00e1ndez, dos que pasaron por el Santo y el Decano (Foto: Prensa San Mart\u00edn)<\/span><\/div>\n<div class=\"sc-a7166897-0 eoLsBE\" readability=\"7\">\n<section readability=\"4\"><picture><img alt=\"Con la venta de Mastantuono, qui\u00e9nes fueron y c\u00f3mo les fue a los \u00faltimos argentinos que compr\u00f3 el Madrid\" loading=\"lazy\" width=\"290\" height=\"290\" decoding=\"async\" data-nimg=\"1\" src=\"http:\/\/cordobadirecto.com\/wp-content\/uploads\/2025\/06\/polemica-en-tucuman-rescindio-contrato-con-atletico-y-es-nuevo-refuerzo-de-san-martin-2.jpg\"><\/picture>\n<p><span>Mir\u00e1 tambi\u00e9n<\/span><\/p>\n<hr>\n<h3>Con la venta de Mastantuono, qui\u00e9nes fueron y c\u00f3mo les fue a los \u00faltimos argentinos que compr\u00f3 el Madrid<\/h3>\n<\/p>\n<\/section>\n<\/div>\n<div class=\"sc-a7166897-0 eoLsBE\" readability=\"6\">\n<section readability=\"2\"><picture><img alt=\"El plan y los nombres de Central C\u00f3rdoba para reforzarse de cara a la Sudamericana\" loading=\"lazy\" width=\"290\" height=\"290\" decoding=\"async\" data-nimg=\"1\" src=\"http:\/\/cordobadirecto.com\/wp-content\/uploads\/2025\/06\/polemica-en-tucuman-rescindio-contrato-con-atletico-y-es-nuevo-refuerzo-de-san-martin-3.jpg\"><\/picture>\n<p><span>Mir\u00e1 tambi\u00e9n<\/span><\/p>\n<hr>\n<h3>El plan y los nombres de Central C\u00f3rdoba para reforzarse de cara a la Sudamericana<\/h3>\n<\/p>\n<\/section>\n<\/div>\n<\/div>\n","protected":false},"excerpt":{"rendered":"<p>13\/06\/2025 18:01hs. En el f\u00fatbol argentino de hoy en d\u00eda, donde todo es tan pasional y por lo general no existen los grises, no es normal ver pases de jugadores que se van al cl\u00e1sico rival sin escalas. No es normal pero muy cada tanto pasa. Y este jueves sucedi\u00f3 en Tucum\u00e1n: San Mart\u00edn cerr\u00f3 [&hellip;]<\/p>\n","protected":false},"author":1,"featured_media":168579,"comment_status":"closed","ping_status":"closed","sticky":false,"template":"","format":"standard","meta":[],"categories":[21],"tags":[],"_links":{"self":[{"href":"http:\/\/cordobadirecto.com\/index.php\/wp-json\/wp\/v2\/posts\/168578"}],"collection":[{"href":"http:\/\/cordobadirecto.com\/index.php\/wp-json\/wp\/v2\/posts"}],"about":[{"href":"http:\/\/cordobadirecto.com\/index.php\/wp-json\/wp\/v2\/types\/post"}],"author":[{"embeddable":true,"href":"http:\/\/cordobadirecto.com\/index.php\/wp-json\/wp\/v2\/users\/1"}],"replies":[{"embeddable":true,"href":"http:\/\/cordobadirecto.com\/index.php\/wp-json\/wp\/v2\/comments?post=168578"}],"version-history":[{"count":0,"href":"http:\/\/cordobadirecto.com\/index.php\/wp-json\/wp\/v2\/posts\/168578\/revisions"}],"wp:featuredmedia":[{"embeddable":true,"href":"http:\/\/cordobadirecto.com\/index.php\/wp-json\/wp\/v2\/media\/168579"}],"wp:attachment":[{"href":"http:\/\/cordobadirecto.com\/index.php\/wp-json\/wp\/v2\/media?parent=168578"}],"wp:term":[{"taxonomy":"category","embeddable":true,"href":"http:\/\/cordobadirecto.com\/index.php\/wp-json\/wp\/v2\/categories?post=168578"},{"taxonomy":"post_tag","embeddable":true,"href":"http:\/\/cordobadirecto.com\/index.php\/wp-json\/wp\/v2\/tags?post=168578"}],"curies":[{"name":"wp","href":"https:\/\/api.w.org\/{rel}","templated":true}]}}