{"id":168592,"date":"2025-06-11T22:42:48","date_gmt":"2025-06-11T22:42:48","guid":{"rendered":"https:\/\/cordoba.gob.ar\/?p=78589"},"modified":"2025-06-11T22:42:48","modified_gmt":"2025-06-11T22:42:48","slug":"durante-el-mes-de-junio-ninos-y-adultos-podran-disfrutar-de-titeres-en-las-bibliotecas-populares","status":"publish","type":"post","link":"http:\/\/cordobadirecto.com\/index.php\/2025\/06\/11\/durante-el-mes-de-junio-ninos-y-adultos-podran-disfrutar-de-titeres-en-las-bibliotecas-populares\/","title":{"rendered":"Durante el mes de junio, ni\u00f1os y adultos podr\u00e1n disfrutar de t\u00edteres en las bibliotecas populares"},"content":{"rendered":"<div><img src=\"http:\/\/cordobadirecto.com\/wp-content\/uploads\/2025\/06\/durante-el-mes-de-junio-ninos-y-adultos-podran-disfrutar-de-titeres-en-las-bibliotecas-populares.jpg\" class=\"ff-og-image-inserted\"><\/div>\n<ul>\n<li data-prosemirror-content-type=\"node\" data-prosemirror-node-name=\"paragraph\" data-prosemirror-node-block=\"true\"><strong>Las jornadas buscan visibilizar y fortalecer el trabajo de las Bibliotecas en los barrios y difundir el arte titiritesco y los grupos esc\u00e9nicos de nuestra ciudad.<\/strong><\/li>\n<li data-prosemirror-content-type=\"node\" data-prosemirror-node-name=\"paragraph\" data-prosemirror-node-block=\"true\"><strong><strong>El ciclo Bibliotecas y Retablos se realizar\u00e1 en diferentes puntos de la ciudad, a modo de incentivar la lectura y la visita a estos espacios.<\/strong><\/strong><br \/>\n<hr>\n<\/li>\n<\/ul>\n<p data-prosemirror-content-type=\"node\" data-prosemirror-node-name=\"paragraph\" data-prosemirror-node-block=\"true\">Durante el mes de junio se realizar\u00e1 una nueva edici\u00f3n del ciclo Bibliotecas y Retablos. Este ciclo propone la articulaci\u00f3n entre las Bibliotecas Populares de la ciudad de C\u00f3rdoba y el programa \u201cCentro Integral de T\u00edteres H\u00e9ctor Di Mauro\u201d.<\/p>\n<p data-prosemirror-content-type=\"node\" data-prosemirror-node-name=\"paragraph\" data-prosemirror-node-block=\"true\">Las jornadas buscan visibilizar y fortalecer el trabajo de las bibliotecas en los barrios y difundir el arte titiritesco y los grupos esc\u00e9nicos que se encuentran en la ciudad.<\/p>\n<p data-prosemirror-content-type=\"node\" data-prosemirror-node-name=\"paragraph\" data-prosemirror-node-block=\"true\">Seg\u00fan el cronograma, durante esta semana se podr\u00e1n ver las siguientes obras:<\/p>\n<p data-prosemirror-content-type=\"node\" data-prosemirror-node-name=\"paragraph\" data-prosemirror-node-block=\"true\">A las 10:00 horas, en el espacio ubicado en la calle Carlos III N\u00b0 1713 \u2013 local 2, de barrio Talleres Este, el grupo Teatro Circular presenta la obra Abuela lluvia.<\/p>\n<p data-prosemirror-content-type=\"node\" data-prosemirror-node-name=\"paragraph\" data-prosemirror-node-block=\"true\">La historia narra la vida de Jo, quien recicla objetos para recolectar agua de lluvia, cada uno de ellos simbolizando la memoria del agua. En un contexto de sequ\u00eda, Jo recuerda a la abuela lluvia, que con su danza sol\u00eda traer la lluvia y la vida. A trav\u00e9s de un viaje al pasado, se revela c\u00f3mo la abuela fue desterrada tras inundar su pueblo y dej\u00f3 un legado de agua en forma de charcos y r\u00edos, que luego fue maltratado por quienes se adue\u00f1aron de ella. Finalmente, tras ser buscada por aquellos que la hab\u00edan echado, la abuela lluvia regresa al cielo, transform\u00e1ndose en lluvia, lo que permite a Jo ver caer las primeras gotas, recordando que su historia trae consigo la vida.<\/p>\n<ul class=\"ak-ul\" data-prosemirror-content-type=\"node\" data-prosemirror-node-name=\"bulletList\" data-prosemirror-node-block=\"true\">\n<li data-prosemirror-content-type=\"node\" data-prosemirror-node-name=\"listItem\" data-prosemirror-node-block=\"true\">\n<p data-prosemirror-content-type=\"node\" data-prosemirror-node-name=\"paragraph\" data-prosemirror-node-block=\"true\"><strong data-prosemirror-content-type=\"mark\" data-prosemirror-mark-name=\"strong\">Viernes 13<\/strong><\/p>\n<\/li>\n<\/ul>\n<p data-prosemirror-content-type=\"node\" data-prosemirror-node-name=\"paragraph\" data-prosemirror-node-block=\"true\">A las 19:00 horas el grupo Colibr\u00ed trae al club Sociedad Belgrano, ubicado en Avenida Leandro N. Alem 1702, la obra Erase Una Vez en la que marionetas a trav\u00e9s de las im\u00e1genes y sonidos, muestran el sentimiento del amor en diferentes momentos, espacios y personajes.<\/p>\n<ul class=\"ak-ul\" data-prosemirror-content-type=\"node\" data-prosemirror-node-name=\"bulletList\" data-prosemirror-node-block=\"true\">\n<li data-prosemirror-content-type=\"node\" data-prosemirror-node-name=\"listItem\" data-prosemirror-node-block=\"true\">\n<p data-prosemirror-content-type=\"node\" data-prosemirror-node-name=\"paragraph\" data-prosemirror-node-block=\"true\"><strong data-prosemirror-content-type=\"mark\" data-prosemirror-mark-name=\"strong\">S\u00e1bado 14<\/strong><\/p>\n<\/li>\n<\/ul>\n<p data-prosemirror-content-type=\"node\" data-prosemirror-node-name=\"paragraph\" data-prosemirror-node-block=\"true\">El grupo Retablo de las maravillas se presentar\u00e1 a las 17:00 horas en Avenida Castro Barros 1056, de barrio San Mart\u00edn, con El sue\u00f1o de Eze, que cuenta la historia sobre un ni\u00f1o que a la hora de dormir se sumerge en un sue\u00f1o que le dejar\u00e1 una lecci\u00f3n de vida. Los caminos que elegir, los problemas que afrontar y las reflexiones que tomar har\u00e1n de esta historia un sinf\u00edn de sensaciones.<\/p>\n<p data-prosemirror-content-type=\"node\" data-prosemirror-node-name=\"paragraph\" data-prosemirror-node-block=\"true\">En tanto que a las 16:00 horas en la Plaza Alberdi de barrio General Paz, el grupo Astrolabio Teatro de t\u00edteres traen Algarrobito del Perchel, en donde Charito y Arand\u00fa viven en el Paraje Sanavir\u00f3n del Perchel. Entre juegos y naturaleza , honran cada espacio del montecito. Todo se alborota con la llegada de un se\u00f1or de tierras lejanas y atuendos brillantes, quien se proclama due\u00f1o de todo. Arand\u00fa y sus amigos deciden un plan para desterrar al malvado Rufi\u00e1n.<\/p>\n<p data-prosemirror-content-type=\"node\" data-prosemirror-node-name=\"paragraph\" data-prosemirror-node-block=\"true\">Todas las funciones son con entrada libre y gratuita para que toda la familia pueda disfrutar de una jornada llena de alegr\u00eda y color.<\/p>\n","protected":false},"excerpt":{"rendered":"<p>Las jornadas buscan visibilizar y fortalecer el trabajo de las Bibliotecas en los barrios y difundir el arte titiritesco y los grupos esc\u00e9nicos de nuestra ciudad. El ciclo Bibliotecas y Retablos se realizar\u00e1 en diferentes puntos de la ciudad, a modo de incentivar la lectura y la visita a estos espacios. Durante el mes de [&hellip;]<\/p>\n","protected":false},"author":1,"featured_media":168593,"comment_status":"closed","ping_status":"closed","sticky":false,"template":"","format":"standard","meta":[],"categories":[44],"tags":[],"_links":{"self":[{"href":"http:\/\/cordobadirecto.com\/index.php\/wp-json\/wp\/v2\/posts\/168592"}],"collection":[{"href":"http:\/\/cordobadirecto.com\/index.php\/wp-json\/wp\/v2\/posts"}],"about":[{"href":"http:\/\/cordobadirecto.com\/index.php\/wp-json\/wp\/v2\/types\/post"}],"author":[{"embeddable":true,"href":"http:\/\/cordobadirecto.com\/index.php\/wp-json\/wp\/v2\/users\/1"}],"replies":[{"embeddable":true,"href":"http:\/\/cordobadirecto.com\/index.php\/wp-json\/wp\/v2\/comments?post=168592"}],"version-history":[{"count":0,"href":"http:\/\/cordobadirecto.com\/index.php\/wp-json\/wp\/v2\/posts\/168592\/revisions"}],"wp:featuredmedia":[{"embeddable":true,"href":"http:\/\/cordobadirecto.com\/index.php\/wp-json\/wp\/v2\/media\/168593"}],"wp:attachment":[{"href":"http:\/\/cordobadirecto.com\/index.php\/wp-json\/wp\/v2\/media?parent=168592"}],"wp:term":[{"taxonomy":"category","embeddable":true,"href":"http:\/\/cordobadirecto.com\/index.php\/wp-json\/wp\/v2\/categories?post=168592"},{"taxonomy":"post_tag","embeddable":true,"href":"http:\/\/cordobadirecto.com\/index.php\/wp-json\/wp\/v2\/tags?post=168592"}],"curies":[{"name":"wp","href":"https:\/\/api.w.org\/{rel}","templated":true}]}}