{"id":168644,"date":"2025-06-14T18:25:34","date_gmt":"2025-06-14T18:25:34","guid":{"rendered":"https:\/\/www.ole.com.ar\/autos\/pilotos-podrian-sancionados-tercera-practica-formula-1-gp-canada_0_7wJ64JiUEK.html"},"modified":"2025-06-14T18:25:34","modified_gmt":"2025-06-14T18:25:34","slug":"el-piloto-sancionado-y-dos-que-deben-ir-a-declarar-en-el-gp-de-canada","status":"publish","type":"post","link":"http:\/\/cordobadirecto.com\/index.php\/2025\/06\/14\/el-piloto-sancionado-y-dos-que-deben-ir-a-declarar-en-el-gp-de-canada\/","title":{"rendered":"El piloto sancionado y dos que deben ir a declarar en el GP de Canad\u00e1"},"content":{"rendered":"<p><time class=\"createDate\" datetime=\"2025-06-14T15:25:34-03:00\">14\/06\/2025 15:25hs.<\/time><\/p>\n<div id=\"storyBody\">\n<div class=\"custom-text \" readability=\"32.764890282132\">\n<p>Pas\u00f3 la tercera pr\u00e1ctica libre del GP de Canad\u00e1, y adem\u00e1s del 17\u00b0 lugar de <strong><a href=\"https:\/\/www.ole.com.ar\/tema\/franco-colapinto.html\" title=\"Franco Colapinto\" alt=\"Franco Colapinto\" class=\"slug\">Franco Colapinto<\/a><\/strong>, <a href=\"https:\/\/www.ole.com.ar\/autos\/gp-canada-formula-1-vivo-franco-colapinto-practica-3-clasificacion_0_cJG67qqw5M.html\" target=\"_self\" title=\"quien mejora pero no sale del fondo\" alt=\"quien mejora pero no sale del fondo\" rel=\"noopener\">quien mejora pero no sale del fondo<\/a>, la sesi\u00f3n dej\u00f3 tela para cortar. Puntualmente con tres pilotos que fueron llamados a declarar. Se trata de George Russell (ya recibi\u00f3 la sanci\u00f3n), <strong>Yuki Tsunoda y Gabriel Bortoleto<\/strong>.<\/p>\n<\/div>\n<div class=\"custom-text \" readability=\"37\">\n<p>La mayor\u00eda de los hechos <strong>se produjo luego de la bandera roja<\/strong>. Oscar Piastri impact\u00f3 el Muro de los Campeones con su goma trasera derecha y la pinch\u00f3. Luego, en la misma zona, Nico Hulkenberg hizo un trompo y se salv\u00f3 por poco. Por la suciedad que qued\u00f3 en la pista, se par\u00f3 la sesi\u00f3n<\/p>\n<\/div>\n<p><h2>Por qu\u00e9 los tres llamados a declarar tras el tercer libre en Canad\u00e1<\/h2>\n<\/p>\n<div class=\"custom-text \" readability=\"37\">\n<p>El problema de Russell <strong>es que cometi\u00f3 exceso de velocidad en boxes<\/strong>, 80,2 km\/h cuando el m\u00e1ximo permitido en de 80 km\/h, seg\u00fan consta en el Art\u00edculo 34.7 del Reglamento Deportivo de F\u00f3rmula 1 de la FIA.<\/p>\n<\/div>\n<div class=\"sc-e7b891c4-0 ifHnQL image-embed\"><img alt=\"Gabriel Bortoleto (EFE).\" loading=\"lazy\" width=\"720\" height=\"100\" decoding=\"async\" data-nimg=\"1\" src=\"http:\/\/cordobadirecto.com\/wp-content\/uploads\/2025\/06\/el-piloto-sancionado-y-dos-que-deben-ir-a-declarar-en-el-gp-de-canada.jpg\"><span class=\"epigraphe\">Gabriel Bortoleto (EFE).<\/span><\/div>\n<div class=\"custom-text \" readability=\"33\">\n<p>Al cabo, el hombre de Mercedes recibi\u00f3 una multa de&#8230; 100 euros.<\/p>\n<\/div>\n<div class=\"custom-text \" readability=\"36\">\n<p>En cuanto a los otros dos, se los acusa de haber cometido infracciones contra el Ap\u00e9ndice H, Art\u00edculo 2.5.4.1 b) del C\u00f3digo Deportivo Internacional, <strong>en cuanto al incumplimiento de la bandera roja.<\/strong><\/p>\n<\/div>\n<div class=\"sc-e7b891c4-0 ifHnQL image-embed\"><img alt=\"El Red Bull de Yuki Tsunoda en boxes (AP).\" loading=\"lazy\" width=\"720\" height=\"100\" decoding=\"async\" data-nimg=\"1\" src=\"http:\/\/cordobadirecto.com\/wp-content\/uploads\/2025\/06\/el-piloto-sancionado-y-dos-que-deben-ir-a-declarar-en-el-gp-de-canada-1.jpg\"><span class=\"epigraphe\">El Red Bull de Yuki Tsunoda en boxes (AP).<\/span><\/div>\n<div class=\"custom-text \" readability=\"34\">\n<p>El piloto de Red Bull y un representante del equipo fue citado para las 15.15, mientras que el brasile\u00f1o y un acompa\u00f1ante de Sauber tienen que presentarse ante los comisarios a las 15.30.<\/p>\n<\/div>\n<div class=\"custom-text \" readability=\"32\">\n<p>A las 17 se viene la qualy.<\/p>\n<\/div>\n<div class=\"sc-a7166897-0 eoLsBE\" readability=\"6.5\">\n<section readability=\"3\"><picture><img alt=\"Video: el reclamo de Lewis Hamilton para Franco Colapinto en la \u00faltima pr\u00e1ctica de la F1 en Canad\u00e1\" loading=\"lazy\" width=\"290\" height=\"290\" decoding=\"async\" data-nimg=\"1\" src=\"http:\/\/cordobadirecto.com\/wp-content\/uploads\/2025\/06\/el-piloto-sancionado-y-dos-que-deben-ir-a-declarar-en-el-gp-de-canada-2.jpg\"><\/picture>\n<p><span>Mir\u00e1 tambi\u00e9n<\/span><\/p>\n<hr>\n<h3>Video: el reclamo de Lewis Hamilton para Franco Colapinto en la \u00faltima pr\u00e1ctica de la F1 en Canad\u00e1<\/h3>\n<\/p>\n<\/section>\n<\/div>\n<div class=\"sc-a7166897-0 eoLsBE\" readability=\"6.5\">\n<section readability=\"3\"><picture><img alt=\"Franco Colapinto hizo su mejor clasificaci\u00f3n desde que volvi\u00f3 a la F\u00f3rmula 1 y largar\u00e1 desde un buen lugar en Canad\u00e1\" loading=\"lazy\" width=\"290\" height=\"290\" decoding=\"async\" data-nimg=\"1\" src=\"http:\/\/cordobadirecto.com\/wp-content\/uploads\/2025\/06\/el-piloto-sancionado-y-dos-que-deben-ir-a-declarar-en-el-gp-de-canada-3.jpg\"><\/picture>\n<p><span>Mir\u00e1 tambi\u00e9n<\/span><\/p>\n<hr>\n<h3>Franco Colapinto hizo su mejor clasificaci\u00f3n desde que volvi\u00f3 a la F\u00f3rmula 1 y largar\u00e1 desde un buen lugar en Canad\u00e1<\/h3>\n<\/p>\n<\/section>\n<\/div>\n<div class=\"sc-a7166897-0 eoLsBE\" readability=\"6.5\">\n<section readability=\"3\"><picture><img alt=\"El desconcierto de Franco Colapinto tras las pr\u00e1cticas de la F\u00f3rmula 1 en Canad\u00e1: &quot;No entiendo...&quot;\" loading=\"lazy\" width=\"290\" height=\"290\" decoding=\"async\" data-nimg=\"1\" src=\"http:\/\/cordobadirecto.com\/wp-content\/uploads\/2025\/06\/el-piloto-sancionado-y-dos-que-deben-ir-a-declarar-en-el-gp-de-canada-4.jpg\"><\/picture>\n<p><span>Mir\u00e1 tambi\u00e9n<\/span><\/p>\n<hr>\n<h3>El desconcierto de Franco Colapinto tras las pr\u00e1cticas de la F\u00f3rmula 1 en Canad\u00e1: &#8220;No entiendo&#8230;&#8221;<\/h3>\n<\/p>\n<\/section>\n<\/div>\n<\/div>\n","protected":false},"excerpt":{"rendered":"<p>14\/06\/2025 15:25hs. Pas\u00f3 la tercera pr\u00e1ctica libre del GP de Canad\u00e1, y adem\u00e1s del 17\u00b0 lugar de Franco Colapinto, quien mejora pero no sale del fondo, la sesi\u00f3n dej\u00f3 tela para cortar. Puntualmente con tres pilotos que fueron llamados a declarar. Se trata de George Russell (ya recibi\u00f3 la sanci\u00f3n), Yuki Tsunoda y Gabriel Bortoleto. [&hellip;]<\/p>\n","protected":false},"author":1,"featured_media":168645,"comment_status":"closed","ping_status":"closed","sticky":false,"template":"","format":"standard","meta":[],"categories":[21],"tags":[],"_links":{"self":[{"href":"http:\/\/cordobadirecto.com\/index.php\/wp-json\/wp\/v2\/posts\/168644"}],"collection":[{"href":"http:\/\/cordobadirecto.com\/index.php\/wp-json\/wp\/v2\/posts"}],"about":[{"href":"http:\/\/cordobadirecto.com\/index.php\/wp-json\/wp\/v2\/types\/post"}],"author":[{"embeddable":true,"href":"http:\/\/cordobadirecto.com\/index.php\/wp-json\/wp\/v2\/users\/1"}],"replies":[{"embeddable":true,"href":"http:\/\/cordobadirecto.com\/index.php\/wp-json\/wp\/v2\/comments?post=168644"}],"version-history":[{"count":0,"href":"http:\/\/cordobadirecto.com\/index.php\/wp-json\/wp\/v2\/posts\/168644\/revisions"}],"wp:featuredmedia":[{"embeddable":true,"href":"http:\/\/cordobadirecto.com\/index.php\/wp-json\/wp\/v2\/media\/168645"}],"wp:attachment":[{"href":"http:\/\/cordobadirecto.com\/index.php\/wp-json\/wp\/v2\/media?parent=168644"}],"wp:term":[{"taxonomy":"category","embeddable":true,"href":"http:\/\/cordobadirecto.com\/index.php\/wp-json\/wp\/v2\/categories?post=168644"},{"taxonomy":"post_tag","embeddable":true,"href":"http:\/\/cordobadirecto.com\/index.php\/wp-json\/wp\/v2\/tags?post=168644"}],"curies":[{"name":"wp","href":"https:\/\/api.w.org\/{rel}","templated":true}]}}