{"id":168653,"date":"2025-06-15T13:31:03","date_gmt":"2025-06-15T13:31:03","guid":{"rendered":"http:\/\/cordobadirecto.com\/index.php\/2025\/06\/15\/cordoba-busca-tomar-el-liderazgo-de-la-agenda-ambiental-en-el-pais-con-la-realizacion-de\/"},"modified":"2025-06-15T13:31:03","modified_gmt":"2025-06-15T13:31:03","slug":"cordoba-busca-tomar-el-liderazgo-de-la-agenda-ambiental-en-el-pais-con-la-realizacion-de","status":"publish","type":"post","link":"http:\/\/cordobadirecto.com\/index.php\/2025\/06\/15\/cordoba-busca-tomar-el-liderazgo-de-la-agenda-ambiental-en-el-pais-con-la-realizacion-de\/","title":{"rendered":"<b>C\u00f3rdoba<\/b> busca tomar el liderazgo de la agenda ambiental en el pa\u00eds con la realizaci\u00f3n de &#8230;"},"content":{"rendered":"<p>La Cumbre de <b>Econom\u00eda<\/b> Circular queda subsumida a un evento que pretende ocupar la vacante que dej\u00f3 el gobierno de Milei en las discusiones y el&nbsp;&#8230; <\/p>\n","protected":false},"excerpt":{"rendered":"<p>La Cumbre de Econom\u00eda Circular queda subsumida a un evento que pretende ocupar la vacante que dej\u00f3 el gobierno de Milei en las discusiones y el&nbsp;&#8230;<\/p>\n","protected":false},"author":1,"featured_media":0,"comment_status":"closed","ping_status":"closed","sticky":false,"template":"","format":"standard","meta":[],"categories":[40],"tags":[],"_links":{"self":[{"href":"http:\/\/cordobadirecto.com\/index.php\/wp-json\/wp\/v2\/posts\/168653"}],"collection":[{"href":"http:\/\/cordobadirecto.com\/index.php\/wp-json\/wp\/v2\/posts"}],"about":[{"href":"http:\/\/cordobadirecto.com\/index.php\/wp-json\/wp\/v2\/types\/post"}],"author":[{"embeddable":true,"href":"http:\/\/cordobadirecto.com\/index.php\/wp-json\/wp\/v2\/users\/1"}],"replies":[{"embeddable":true,"href":"http:\/\/cordobadirecto.com\/index.php\/wp-json\/wp\/v2\/comments?post=168653"}],"version-history":[{"count":0,"href":"http:\/\/cordobadirecto.com\/index.php\/wp-json\/wp\/v2\/posts\/168653\/revisions"}],"wp:attachment":[{"href":"http:\/\/cordobadirecto.com\/index.php\/wp-json\/wp\/v2\/media?parent=168653"}],"wp:term":[{"taxonomy":"category","embeddable":true,"href":"http:\/\/cordobadirecto.com\/index.php\/wp-json\/wp\/v2\/categories?post=168653"},{"taxonomy":"post_tag","embeddable":true,"href":"http:\/\/cordobadirecto.com\/index.php\/wp-json\/wp\/v2\/tags?post=168653"}],"curies":[{"name":"wp","href":"https:\/\/api.w.org\/{rel}","templated":true}]}}