{"id":168693,"date":"2025-06-15T20:39:11","date_gmt":"2025-06-15T20:39:11","guid":{"rendered":"https:\/\/www.ole.com.ar\/autos\/penalizaciones-canada-franco-colapinto-puede-10_0_fZGZeHZKMs.html"},"modified":"2025-06-15T20:39:11","modified_gmt":"2025-06-15T20:39:11","slug":"atentos-a-las-penalizaciones-franco-colapinto-sube-al-10-puesto-en-canada","status":"publish","type":"post","link":"http:\/\/cordobadirecto.com\/index.php\/2025\/06\/15\/atentos-a-las-penalizaciones-franco-colapinto-sube-al-10-puesto-en-canada\/","title":{"rendered":"Atentos a las penalizaciones: \u00bfFranco Colapinto sube al 10\u00b0 puesto en Canad\u00e1?"},"content":{"rendered":"<p><span class=\"createDate\">15\/06\/2025 17:39hs.<\/span><time class=\"modificatedDate\" datetime=\"2025-06-15T17:44:51-03:00\"> Actualizado al 15\/06\/2025 17:44hs.<\/time><\/p>\n<div id=\"storyBody\">\n<div class=\"custom-text \" readability=\"34.843450479233\">\n<p>Se dijo el s\u00e1bado que las carreras de <strong><a href=\"https:\/\/www.ole.com.ar\/tema\/formula-1.html\" title=\"F\u00f3rmula 1\" alt=\"F\u00f3rmula 1\" class=\"slug\">F\u00f3rmula 1<\/a><\/strong> no terminan con la bandera de cuadros, sino cuando los comisarios deportivos guardan sus carpetas luego de analizar la prueba. De hecho, <strong><a href=\"https:\/\/www.ole.com.ar\/tema\/franco-colapinto.html\" title=\"Franco Colapinto\" alt=\"Franco Colapinto\" class=\"slug\">Franco Colapinto<\/a><\/strong> hab\u00eda sido 12\u00b0 en la clasificaci\u00f3n, pero larg\u00b4o10\u00b0 por las penalizaciones a <strong>Yuki Tsunoda<\/strong> e <strong>Isack Hadjar<\/strong>.<\/p>\n<\/div>\n<div class=\"sc-e7b891c4-0 ifHnQL image-embed\"><img alt=\"Franco Colapinto.\" loading=\"lazy\" width=\"720\" height=\"100\" decoding=\"async\" data-nimg=\"1\" src=\"http:\/\/cordobadirecto.com\/wp-content\/uploads\/2025\/06\/atentos-a-las-penalizaciones-franco-colapinto-sube-al-10-puesto-en-canada.jpg\"><span class=\"epigraphe\">Franco Colapinto.<\/span><\/div>\n<div class=\"custom-text \" readability=\"36.358064516129\">\n<p>Algo similar ocurre en la carrera de este domingo, <a href=\"https:\/\/www.ole.com.ar\/autos\/franco-colapinto-gp-canada-horario-ve-carrera-vivo-hoy-tv-online_0_uhAlMzrd3D.html\" target=\"_self\" title=\"con el argentino 13\u00b0\" alt=\"con el argentino 13\u00b0\" rel=\"noopener\">con el argentino 13\u00b0<\/a>, pero no se puede confirmar que sea su ubicaci\u00f3n final, ya que la FIA mand\u00f3 una serie de advertencias. Estas se apuntan a tres pilotos que terminaron por delante de \u00e9l: <strong>Esteban Ocon (9\u00b0), Carlos Sainz (10\u00b0) y Oliver Bearman (11\u00b0) <\/strong>.<\/p>\n<\/div>\n<p><h2>Las investigaciones de la FIA que pueden mejorar la posici\u00f3n de Colapinto <\/h2>\n<\/p>\n<div class=\"custom-text \" readability=\"36\">\n<p>En cuanto a Bearman, la investigaci\u00f3n es por &#8220;presunta infracci\u00f3n del Art\u00edculo 12.2.1 i) del C\u00f3digo Deportivo Internacional e incumplimiento de la Nota del Director de Carrera (Punto 1, documento 19): <strong>reincorporaci\u00f3n a la pista en la curva 14<\/strong>&#8220;.<\/p>\n<\/div>\n<div class=\"sc-e7b891c4-0 ifHnQL image-embed\"><img alt=\"Esteban y Carlos Sainz, advertidos (EFE).\" loading=\"lazy\" width=\"720\" height=\"100\" decoding=\"async\" data-nimg=\"1\" src=\"http:\/\/cordobadirecto.com\/wp-content\/uploads\/2025\/06\/atentos-a-las-penalizaciones-franco-colapinto-sube-al-10-puesto-en-canada-1.jpg\"><span class=\"epigraphe\">Esteban y Carlos Sainz, advertidos (EFE).<\/span><\/div>\n<div class=\"custom-text \" readability=\"35\">\n<p>A Ocon y Sainz le caben la &#8220;presunta infracci\u00f3n del Ap\u00e9ndice L, Cap\u00edtulo IV, Art\u00edculo 2 e) del C\u00f3digo Deportivo Internacional. <strong>El coche circula de forma err\u00e1tica en la salida de boxes<\/strong>&#8220;.<\/p>\n<\/div>\n<div class=\"custom-text \" readability=\"38\">\n<p>Se espera que la FIA cite a los pilotos y los representantes de equipos, para escuchar sus declaraciones, y <strong>luego generar una sentencia<\/strong>. Si son culpables, pueden sufrir retrasos en l\u00f1a clasificaci\u00f3n final. Si no, la mantienen.<\/p>\n<\/div>\n<div class=\"custom-text \" readability=\"34\">\n<p>Colapinto y Alpine, que no sumaron puntos, est\u00e1n atentos. <\/p>\n<\/div>\n<div class=\"sc-a7166897-0 eoLsBE\" readability=\"6.5\">\n<section readability=\"3\"><picture><img alt=\"As\u00ed qued\u00f3 la tabla de posiciones de la F1 tras la victoria de George Russell en el GP de Canad\u00e1\" loading=\"lazy\" width=\"290\" height=\"290\" decoding=\"async\" data-nimg=\"1\" src=\"http:\/\/cordobadirecto.com\/wp-content\/uploads\/2025\/06\/atentos-a-las-penalizaciones-franco-colapinto-sube-al-10-puesto-en-canada-2.jpg\"><\/picture>\n<p><span>Mir\u00e1 tambi\u00e9n<\/span><\/p>\n<hr>\n<h3>As\u00ed qued\u00f3 la tabla de posiciones de la F1 tras la victoria de George Russell en el GP de Canad\u00e1<\/h3>\n<\/p>\n<\/section>\n<\/div>\n<div class=\"sc-a7166897-0 eoLsBE\" readability=\"6\">\n<section readability=\"2\"><picture><img alt=\"George Russell domin\u00f3 de punta a punta en el GP de Canad\u00e1\" loading=\"lazy\" width=\"290\" height=\"290\" decoding=\"async\" data-nimg=\"1\" src=\"http:\/\/cordobadirecto.com\/wp-content\/uploads\/2025\/06\/atentos-a-las-penalizaciones-franco-colapinto-sube-al-10-puesto-en-canada-3.jpg\"><\/picture>\n<p><span>Mir\u00e1 tambi\u00e9n<\/span><\/p>\n<hr>\n<h3>George Russell domin\u00f3 de punta a punta en el GP de Canad\u00e1<\/h3>\n<\/p>\n<\/section>\n<\/div>\n<div class=\"sc-a7166897-0 eoLsBE\" readability=\"7\">\n<section readability=\"4\"><picture><img alt=\"La decepci\u00f3n de Colapinto tras el GP de Canad\u00e1: la &quot;mala estrategia&quot; y &quot;el motor es una locura, no podemos pasar&quot;\" loading=\"lazy\" width=\"290\" height=\"290\" decoding=\"async\" data-nimg=\"1\" src=\"http:\/\/cordobadirecto.com\/wp-content\/uploads\/2025\/06\/atentos-a-las-penalizaciones-franco-colapinto-sube-al-10-puesto-en-canada-4.jpg\"><\/picture>\n<p><span>Mir\u00e1 tambi\u00e9n<\/span><\/p>\n<hr>\n<h3>La decepci\u00f3n de Colapinto tras el GP de Canad\u00e1: la &#8220;mala estrategia&#8221; y &#8220;el motor es una locura, no podemos pasar&#8221;<\/h3>\n<\/p>\n<\/section>\n<\/div>\n<\/div>\n","protected":false},"excerpt":{"rendered":"<p>15\/06\/2025 17:39hs. Actualizado al 15\/06\/2025 17:44hs. Se dijo el s\u00e1bado que las carreras de F\u00f3rmula 1 no terminan con la bandera de cuadros, sino cuando los comisarios deportivos guardan sus carpetas luego de analizar la prueba. De hecho, Franco Colapinto hab\u00eda sido 12\u00b0 en la clasificaci\u00f3n, pero larg\u00b4o10\u00b0 por las penalizaciones a Yuki Tsunoda e [&hellip;]<\/p>\n","protected":false},"author":1,"featured_media":168694,"comment_status":"closed","ping_status":"closed","sticky":false,"template":"","format":"standard","meta":[],"categories":[21],"tags":[],"_links":{"self":[{"href":"http:\/\/cordobadirecto.com\/index.php\/wp-json\/wp\/v2\/posts\/168693"}],"collection":[{"href":"http:\/\/cordobadirecto.com\/index.php\/wp-json\/wp\/v2\/posts"}],"about":[{"href":"http:\/\/cordobadirecto.com\/index.php\/wp-json\/wp\/v2\/types\/post"}],"author":[{"embeddable":true,"href":"http:\/\/cordobadirecto.com\/index.php\/wp-json\/wp\/v2\/users\/1"}],"replies":[{"embeddable":true,"href":"http:\/\/cordobadirecto.com\/index.php\/wp-json\/wp\/v2\/comments?post=168693"}],"version-history":[{"count":0,"href":"http:\/\/cordobadirecto.com\/index.php\/wp-json\/wp\/v2\/posts\/168693\/revisions"}],"wp:featuredmedia":[{"embeddable":true,"href":"http:\/\/cordobadirecto.com\/index.php\/wp-json\/wp\/v2\/media\/168694"}],"wp:attachment":[{"href":"http:\/\/cordobadirecto.com\/index.php\/wp-json\/wp\/v2\/media?parent=168693"}],"wp:term":[{"taxonomy":"category","embeddable":true,"href":"http:\/\/cordobadirecto.com\/index.php\/wp-json\/wp\/v2\/categories?post=168693"},{"taxonomy":"post_tag","embeddable":true,"href":"http:\/\/cordobadirecto.com\/index.php\/wp-json\/wp\/v2\/tags?post=168693"}],"curies":[{"name":"wp","href":"https:\/\/api.w.org\/{rel}","templated":true}]}}