{"id":168746,"date":"2025-06-16T19:32:07","date_gmt":"2025-06-16T19:32:07","guid":{"rendered":"https:\/\/www.ole.com.ar\/autos\/franco-colapinto-viaje-avion-pilotos-formula-1-motivo-premiere-pelicula_0_ZHSyQWjTbN.html"},"modified":"2025-06-16T19:32:07","modified_gmt":"2025-06-16T19:32:07","slug":"colapinto-de-viaje-junto-a-los-pilotos-de-la-formula-1-cual-es-el-motivo","status":"publish","type":"post","link":"http:\/\/cordobadirecto.com\/index.php\/2025\/06\/16\/colapinto-de-viaje-junto-a-los-pilotos-de-la-formula-1-cual-es-el-motivo\/","title":{"rendered":"Colapinto, de viaje junto a los pilotos de la F\u00f3rmula 1: \u00bfcu\u00e1l es el motivo?"},"content":{"rendered":"<p><span class=\"createDate\">16\/06\/2025 16:32hs.<\/span><time class=\"modificatedDate\" datetime=\"2025-06-16T17:16:08-03:00\"> Actualizado al 16\/06\/2025 17:16hs.<\/time><\/p>\n<div id=\"storyBody\">\n<div class=\"custom-text \" readability=\"40.105680317041\">\n<p>Despu\u00e9s del <strong>Gran Premio de Canad\u00e1<\/strong>, en el que se le escurrieron los puntos por una estrategia que no pag\u00f3 y las falencias propias de <a href=\"https:\/\/www.ole.com.ar\/tema\/alpine.html\" title=\"Alpine\" alt=\"Alpine\" class=\"slug\">Alpine<\/a> (el motor no acompa\u00f1a cuando hay rectas tan largas), <strong><a href=\"https:\/\/www.ole.com.ar\/autos\/colapinto-declaraciones-canada-formula-1-gran-premio-puesto-13_0_jXHT8sIdnb.html\" target=\"_self\" title=\"Franco Colapinto se mostr\u00f3 molesto con el resultado\" alt=\"Franco Colapinto se mostr\u00f3 molesto con el resultado\" rel=\"noopener\">Franco Colapinto<\/a><\/strong><a href=\"https:\/\/www.ole.com.ar\/autos\/colapinto-declaraciones-canada-formula-1-gran-premio-puesto-13_0_jXHT8sIdnb.html\" target=\"_self\" title=\"Franco Colapinto se mostr\u00f3 molesto con el resultado\" alt=\"Franco Colapinto se mostr\u00f3 molesto con el resultado\" rel=\"noopener\"> se mostr\u00f3 molesto con el resultado<\/a>, con el auto y con un presente complicado para su escuder\u00eda. Veinticuatro horas despu\u00e9s, dejado atr\u00e1s el mal trago, el argentino fue un c\u00famulo de sonrisas y alegr\u00eda. Sus colegas, esos con los que estuvo peleando al l\u00edmite en el Circuito Gilles Villeneuve, fueron la raz\u00f3n para la levantada: varios pilotos de <a href=\"https:\/\/www.ole.com.ar\/tema\/formula-1.html\" title=\"F\u00f3rmula 1\" alt=\"F\u00f3rmula 1\" class=\"slug\">F\u00f3rmula 1<\/a>, entre los que estuvo \u00e9l, aprovecharon la cercan\u00eda con Nueva York (alrededor de 550 kil\u00f3metros) y <strong>se subieron al avi\u00f3n para ir a la avant premiere de la pel\u00edcula de la M\u00e1xima.<\/strong><\/p>\n<\/div>\n<div class=\"custom-text \" readability=\"37.262057877814\">\n<p>Como si de un viaje de egresados se tratase, los corredores abordaron la aeronave, se quedaron parados entre los pasillos y empezaron con la charla. Por fortuna para Franco, dijeron presente algunos de los pilotos con los que mejor relaci\u00f3n tiene: <strong><a href=\"https:\/\/www.ole.com.ar\/tema\/lando-norris.html\" title=\"Lando Norris\" alt=\"Lando Norris\" class=\"slug\">Lando Norris<\/a><\/strong>, una fija para las risas en los desfiles previos a las carreras &#8211;<a href=\"https:\/\/www.ole.com.ar\/autos\/video-lando-norris-choque-oscar-piastri-gp-canada-abandono_0_jVHfKfITQN.html\" target=\"_self\" title=\"y de mejor humor tras el moco que se mand\u00f3 el domingo\" alt=\"y de mejor humor tras el moco que se mand\u00f3 el domingo\" rel=\"noopener\">y de mejor humor tras el moco que se mand\u00f3 el domingo<\/a>-, y <strong><a href=\"https:\/\/www.ole.com.ar\/tema\/gabriel-bortoleto.html\" title=\"Gabriel Bortoleto\" alt=\"Gabriel Bortoleto\" class=\"slug\">Gabriel Bortoleto<\/a><\/strong>, vecino brasile\u00f1o con el que se llevaba desde antes de ganarse la titularidad. A ellos se les sumaron <strong>Oliver Bearman, Isack Hadjar, Nico Hulkenberg <\/strong>y <strong>Esteban Ocon<\/strong> m\u00e1s alg\u00fan otro que estaba esperando en tierra firme.<\/p>\n<\/div>\n<div class=\"sc-e7b891c4-0 ifHnQL image-embed\"><img alt=\"Franco Colapinto junto a Lando Norris en el avi\u00f3n rumbo a Nueva York.\" loading=\"lazy\" width=\"720\" height=\"100\" decoding=\"async\" data-nimg=\"1\" src=\"http:\/\/cordobadirecto.com\/wp-content\/uploads\/2025\/06\/colapinto-de-viaje-junto-a-los-pilotos-de-la-formula-1-cual-es-el-motivo.jpg\"><span class=\"epigraphe\">Franco Colapinto junto a Lando Norris en el avi\u00f3n rumbo a Nueva York.<\/span><\/div>\n<div class=\"custom-text \" readability=\"40.979166666667\">\n<p>&#8220;Hola, chicos. Estoy en Nueva York esperando por la premiere de la pel\u00edcula de la F\u00f3rmula 1. Se pueden ver a algunos fans en el Times Square, por lo que deber\u00eda ser una linda noche&#8221;, cont\u00f3 <strong><a href=\"https:\/\/www.ole.com.ar\/tema\/george-russell.html\" title=\"George Russell\" alt=\"George Russell\" class=\"slug\">George Russell<\/a><\/strong>, la figura del GP canadiense, mientras aguardaba a que se le uniera el resto del grupo. \u00bfQu\u00e9 hac\u00edan los dem\u00e1s? Posaban frente al avi\u00f3n que los transport\u00f3 con un pasaje gigante que rezaba &#8220;desde Montreal hasta Nueva York&#8221; y le hac\u00eda publicidad a <strong>la peli que saldr\u00e1 en los cines el 26 de junio<\/strong>. Bueno, y en el caso de Franco, era memeado en las redes sociales&#8230;<\/p>\n<\/div>\n<div class=\"custom-text \" readability=\"42\">\n<p>La categor\u00eda se ri\u00f3 por un gesto de Frederic Vasseur, jefe de Ferrari, pero todas las miradas fueron hacia Colapinto, con cara de pocos amigos, distanciado del grupo y con brazo en jarra. \u00bfCansado del viaje? \u00bfCon ganas de subirse al auto e ir hacia la avant premiere? De la forma que sea, el pibe no zaf\u00f3 de los memes<strong>. &#8220;Chill de cojones&#8221;, &#8220;\u00bfFranco fue forzado?&#8221; y &#8220;el tipo de la derecha no parece querer estar ah\u00ed&#8221;<\/strong> fueron algunas de las reacciones de los fan\u00e1ticos, que despu\u00e9s de un finde positivo -no hay que olvidar que estuvo cerca de la Q3 en la clasificaci\u00f3n- ya querr\u00e1n verlo en acci\u00f3n nuevamente.<\/p>\n<\/div>\n<div class=\"sc-e7b891c4-0 ifHnQL image-embed\"><img alt=\"Por su pose graciosa, Colapinto fue objeto de memes en las redes. (@F1)\" loading=\"lazy\" width=\"720\" height=\"100\" decoding=\"async\" data-nimg=\"1\" src=\"http:\/\/cordobadirecto.com\/wp-content\/uploads\/2025\/06\/colapinto-de-viaje-junto-a-los-pilotos-de-la-formula-1-cual-es-el-motivo-1.jpg\"><span class=\"epigraphe\">Por su pose graciosa, Colapinto fue objeto de memes en las redes. (@F1)<\/span><\/div>\n<div class=\"custom-text \" readability=\"40\">\n<p>Para la pr\u00f3xima parada <strong>habr\u00e1 que esperar dos semanas<\/strong>, dado que la M\u00e1xima retornar\u00e1 a Europa y la log\u00edstica as\u00ed lo requiere. El escenario,<strong> el Red Bull Ring austr\u00edaco<\/strong>, un circuito tan simple como dificultoso para las caracter\u00edsticas del A525: cuenta con tres rectas, dos de ellas largu\u00edsimas, y no ser\u00e1 sencillo combatir contra rivales con mayor potencia.<\/p>\n<\/div>\n<p><h2>El viaje en avi\u00f3n de Colapinto y sus colegas de la F\u00f3rmula 1<\/h2>\n<\/p>\n<div class=\"sc-734b4696-1 kFfZtB\">\n<div class=\"sc-d00d9e74-0 hnHYbk vertical\" type=\"embed\">\n<div class=\"sc-d00d9e74-1 iKVbz videoText\" id=\"contentTitleembedULd6x6go\" type=\"embed\"><svg fill=\"#ffffff\"><symbol id=\"play\" viewBox=\"0 0 512 512\"><path d=\"M512 256C512 397.4 397.4 512 256 512C114.6 512 0 397.4 0 256C0 114.6 114.6 0 256 0C397.4 0 512 114.6 512 256zM176 168V344C176 352.7 180.7 360.7 188.3 364.9C195.8 369.2 205.1 369 212.5 364.5L356.5 276.5C363.6 272.1 368 264.4 368 256C368 247.6 363.6 239.9 356.5 235.5L212.5 147.5C205.1 142.1 195.8 142.8 188.3 147.1C180.7 151.3 176 159.3 176 168V168z\" \/><\/symbol><use xlink:href=\"#play\" \/><\/svg><\/p>\n<div class=\"right\">\n<p>Franco Colapinto<!-- --> &#8211; <span>&nbsp;<\/span><\/p>\n<h2 class=\"title-vid\">Con Colapinto presente, los pilotos se subieron al avi\u00f3n rumbo a Nueva York para la premiere de la pel\u00edcula de la F1<\/h2>\n<\/div>\n<\/div>\n<p><span class=\"back\" id=\"spanBackembedULd6x6go\"><\/span><\/div>\n<div class=\"JWvideoNota_title\">\n<p>Cr\u00e9dito: @F1<\/p>\n<\/div>\n<\/div>\n<div class=\"sc-e7b891c4-0 ifHnQL image-embed\"><img alt=\"Franco Colapinto viaj\u00f3 a Nueva York por la avant premiere de la pel\u00edcula de la F\u00f3rmula 1. (@F1)\" loading=\"lazy\" width=\"720\" height=\"100\" decoding=\"async\" data-nimg=\"1\" src=\"http:\/\/cordobadirecto.com\/wp-content\/uploads\/2025\/06\/colapinto-de-viaje-junto-a-los-pilotos-de-la-formula-1-cual-es-el-motivo-2.jpg\"><span class=\"epigraphe\">Franco Colapinto viaj\u00f3 a Nueva York por la avant premiere de la pel\u00edcula de la F\u00f3rmula 1. (@F1)<\/span><\/div>\n<div class=\"sc-a7166897-0 eoLsBE\" readability=\"6.5\">\n<section readability=\"3\"><picture><img alt=\"Con dedicatoria incluida, Franco Colapinto le regal\u00f3 su casco a Lionel Messi\" loading=\"lazy\" width=\"290\" height=\"290\" decoding=\"async\" data-nimg=\"1\" src=\"http:\/\/cordobadirecto.com\/wp-content\/uploads\/2025\/06\/colapinto-de-viaje-junto-a-los-pilotos-de-la-formula-1-cual-es-el-motivo-3.jpg\"><\/picture>\n<p><span>Mir\u00e1 tambi\u00e9n<\/span><\/p>\n<hr>\n<h3>Con dedicatoria incluida, Franco Colapinto le regal\u00f3 su casco a Lionel Messi<\/h3>\n<\/p>\n<\/section>\n<\/div>\n<div class=\"sc-a7166897-0 eoLsBE\" readability=\"7\">\n<section readability=\"4\"><picture><img alt=\"La conexi\u00f3n de Messi con el automovilismo: el casco de Colapinto, fotos hist\u00f3ricas y m\u00e1s\" loading=\"lazy\" width=\"290\" height=\"290\" decoding=\"async\" data-nimg=\"1\" src=\"http:\/\/cordobadirecto.com\/wp-content\/uploads\/2025\/06\/colapinto-de-viaje-junto-a-los-pilotos-de-la-formula-1-cual-es-el-motivo-4.jpg\"><\/picture>\n<p><span>Mir\u00e1 tambi\u00e9n<\/span><\/p>\n<hr>\n<h3>La conexi\u00f3n de Messi con el automovilismo: el casco de Colapinto, fotos hist\u00f3ricas y m\u00e1s<\/h3>\n<\/p>\n<\/section>\n<\/div>\n<div class=\"sc-a7166897-0 eoLsBE\" readability=\"6\">\n<section readability=\"2\"><picture><img alt=\"Fallaron los escritorios y Franco Colapinto qued\u00f3 como estaba en Canad\u00e1\" loading=\"lazy\" width=\"290\" height=\"290\" decoding=\"async\" data-nimg=\"1\" src=\"http:\/\/cordobadirecto.com\/wp-content\/uploads\/2025\/06\/colapinto-de-viaje-junto-a-los-pilotos-de-la-formula-1-cual-es-el-motivo-5.jpg\"><\/picture>\n<p><span>Mir\u00e1 tambi\u00e9n<\/span><\/p>\n<hr>\n<h3>Fallaron los escritorios y Franco Colapinto qued\u00f3 como estaba en Canad\u00e1<\/h3>\n<\/p>\n<\/section>\n<\/div>\n<div class=\"sc-a7166897-0 eoLsBE\" readability=\"6.5\">\n<section readability=\"3\"><picture><img alt=\"La cr\u00edtica de Pierre Gasly despu\u00e9s del GP de Canad\u00e1 y el silencio de Flavio Briatore\" loading=\"lazy\" width=\"290\" height=\"290\" decoding=\"async\" data-nimg=\"1\" src=\"http:\/\/cordobadirecto.com\/wp-content\/uploads\/2025\/06\/colapinto-de-viaje-junto-a-los-pilotos-de-la-formula-1-cual-es-el-motivo-6.jpg\"><\/picture>\n<p><span>Mir\u00e1 tambi\u00e9n<\/span><\/p>\n<hr>\n<h3>La cr\u00edtica de Pierre Gasly despu\u00e9s del GP de Canad\u00e1 y el silencio de Flavio Briatore<\/h3>\n<\/p>\n<\/section>\n<\/div>\n<div class=\"sc-a7166897-0 eoLsBE\" readability=\"6\">\n<section readability=\"2\"><picture><img alt=\"Renunci\u00f3 el mandam\u00e1s de Alpine: \u00bftiene consecuencias para Franco Colapinto?\" loading=\"lazy\" width=\"290\" height=\"290\" decoding=\"async\" data-nimg=\"1\" src=\"http:\/\/cordobadirecto.com\/wp-content\/uploads\/2025\/06\/colapinto-de-viaje-junto-a-los-pilotos-de-la-formula-1-cual-es-el-motivo-7.jpg\"><\/picture>\n<p><span>Mir\u00e1 tambi\u00e9n<\/span><\/p>\n<hr>\n<h3>Renunci\u00f3 el mandam\u00e1s de Alpine: \u00bftiene consecuencias para Franco Colapinto?<\/h3>\n<\/p>\n<\/section>\n<\/div>\n<\/div>\n","protected":false},"excerpt":{"rendered":"<p>16\/06\/2025 16:32hs. Actualizado al 16\/06\/2025 17:16hs. Despu\u00e9s del Gran Premio de Canad\u00e1, en el que se le escurrieron los puntos por una estrategia que no pag\u00f3 y las falencias propias de Alpine (el motor no acompa\u00f1a cuando hay rectas tan largas), Franco Colapinto se mostr\u00f3 molesto con el resultado, con el auto y con un [&hellip;]<\/p>\n","protected":false},"author":1,"featured_media":168747,"comment_status":"closed","ping_status":"closed","sticky":false,"template":"","format":"standard","meta":[],"categories":[21],"tags":[],"_links":{"self":[{"href":"http:\/\/cordobadirecto.com\/index.php\/wp-json\/wp\/v2\/posts\/168746"}],"collection":[{"href":"http:\/\/cordobadirecto.com\/index.php\/wp-json\/wp\/v2\/posts"}],"about":[{"href":"http:\/\/cordobadirecto.com\/index.php\/wp-json\/wp\/v2\/types\/post"}],"author":[{"embeddable":true,"href":"http:\/\/cordobadirecto.com\/index.php\/wp-json\/wp\/v2\/users\/1"}],"replies":[{"embeddable":true,"href":"http:\/\/cordobadirecto.com\/index.php\/wp-json\/wp\/v2\/comments?post=168746"}],"version-history":[{"count":0,"href":"http:\/\/cordobadirecto.com\/index.php\/wp-json\/wp\/v2\/posts\/168746\/revisions"}],"wp:featuredmedia":[{"embeddable":true,"href":"http:\/\/cordobadirecto.com\/index.php\/wp-json\/wp\/v2\/media\/168747"}],"wp:attachment":[{"href":"http:\/\/cordobadirecto.com\/index.php\/wp-json\/wp\/v2\/media?parent=168746"}],"wp:term":[{"taxonomy":"category","embeddable":true,"href":"http:\/\/cordobadirecto.com\/index.php\/wp-json\/wp\/v2\/categories?post=168746"},{"taxonomy":"post_tag","embeddable":true,"href":"http:\/\/cordobadirecto.com\/index.php\/wp-json\/wp\/v2\/tags?post=168746"}],"curies":[{"name":"wp","href":"https:\/\/api.w.org\/{rel}","templated":true}]}}