{"id":168748,"date":"2025-06-16T17:33:26","date_gmt":"2025-06-16T17:33:26","guid":{"rendered":"https:\/\/www.ole.com.ar\/autos\/max-vestappen-george-russell-gp-canada_0_j65juZYNQS.html"},"modified":"2025-06-16T17:33:26","modified_gmt":"2025-06-16T17:33:26","slug":"crece-la-tension-entre-max-verstappen-y-george-russell-red-bull-apunto-contra-mercedes","status":"publish","type":"post","link":"http:\/\/cordobadirecto.com\/index.php\/2025\/06\/16\/crece-la-tension-entre-max-verstappen-y-george-russell-red-bull-apunto-contra-mercedes\/","title":{"rendered":"Crece la tensi\u00f3n entre Max Verstappen y George Russell: Red Bull apunt\u00f3 contra Mercedes"},"content":{"rendered":"<p><time class=\"createDate\" datetime=\"2025-06-16T14:33:26-03:00\">16\/06\/2025 14:33hs.<\/time><\/p>\n<div id=\"storyBody\">\n<div class=\"custom-text \" readability=\"34.089887640449\">\n<p>La tensi\u00f3n entre <strong><a href=\"https:\/\/www.ole.com.ar\/tema\/max-verstappen.html\" title=\"Max Verstappen\" alt=\"Max Verstappen\" class=\"slug\">Max Verstappen<\/a><\/strong> y <strong><a href=\"https:\/\/www.ole.com.ar\/tema\/george-russell.html\" title=\"George Russell\" alt=\"George Russell\" class=\"slug\">George Russell<\/a><\/strong> no da tregua. Tras ser protagonistas de un bochornoso final en el Gran Premio de Barcelona (donde el piloto neerland\u00e9s le tir\u00f3 el auto encima a su par brit\u00e1nico en la \u00faltima vuelta), la guerra entre ambos parece no tener fin. De hecho, en Canad\u00e1 volvieron a ser el centro de la escena por una disputa.<\/p>\n<\/div>\n<div class=\"custom-text \" readability=\"36.493573264781\">\n<p>Con la carrera pr\u00e1cticamente terminada, el safety car se vio obligado a irrumpir en la pista por un choque que se dio entre <strong><a href=\"https:\/\/www.ole.com.ar\/tema\/oscar-piastri.html\" title=\"Oscar Piastri\" alt=\"Oscar Piastri\" class=\"slug\">Oscar Piastri<\/a><\/strong> y <strong><a href=\"https:\/\/www.ole.com.ar\/tema\/lando-norris.html\" title=\"Lando Norris\" alt=\"Lando Norris\" class=\"slug\">Lando Norris<\/a><\/strong> de McLaren. Inmediatamente, todos disminuyeron la velocidad para evitar un accidente. Sin embargo, para Red Bull, el corredor de Mercedes<strong> <\/strong>(quien result\u00f3 ganador) incumpli\u00f3 con las normas para perjudicar al vigente campe\u00f3n del mundo.<\/p>\n<\/div>\n<div class=\"sc-e7b891c4-0 ifHnQL image-embed\"><img alt=\"George Russell gan\u00f3 el Gran Premio de Canad\u00e1 y fue escoltado por Verstappen. (EFE)\" loading=\"lazy\" width=\"720\" height=\"100\" decoding=\"async\" data-nimg=\"1\" src=\"http:\/\/cordobadirecto.com\/wp-content\/uploads\/2025\/06\/crece-la-tension-entre-max-verstappen-y-george-russell-red-bull-apunto-contra-mercedes.jpg\"><span class=\"epigraphe\">George Russell gan\u00f3 el Gran Premio de Canad\u00e1 y fue escoltado por Verstappen. (EFE)<\/span><\/div>\n<p><h2>Por qu\u00e9 Red Bull considera que George Russell perjudic\u00f3 a Max Verstappen en el Gran Premio de Canad\u00e1<\/h2>\n<\/p>\n<div class=\"custom-text \" readability=\"35\">\n<p>Seg\u00fan explic\u00f3 la escuder\u00eda, <strong>George Russell <\/strong>condujo de forma err\u00e1tica detr\u00e1s del auto de seguridad para perjudicar a su rival, quien lo segu\u00eda de cerca.<\/p>\n<\/div>\n<div class=\"custom-text \" readability=\"40\">\n<p>&#8220;<strong>Fren\u00f3 muy bruscamente, obviamente mirando a Max por el retrovisor<\/strong>. Adem\u00e1s, claramente la distancia que dej\u00f3 detr\u00e1s del coche de seguridad era, al menos, tres veces superior a la permitida&#8221;, asegur\u00f3<strong> Christian Horner<\/strong>, jefe de Red Bull. <\/p>\n<\/div>\n<p><h2>El tenso momento que protagonizaron Max Verstappen y George Russell en el podio del Gran Premio de Canad\u00e1<\/h2>\n<\/p>\n<div class=\"custom-text \" readability=\"37\">\n<p>M\u00e1s all\u00e1 de la tensi\u00f3n que existi\u00f3 en la pista, ambos treparon al podio. Sin embargo, cuando <strong>Max Verstappen<\/strong> se acerc\u00f3 a celebrar, <strong>George Russell<\/strong> le dio la espalda y no lo mir\u00f3 en ning\u00fan momento. <\/p>\n<\/div>\n<div class=\"custom-text \" readability=\"33\">\n<p>Tal es as\u00ed que las c\u00e1maras captaron el momento exacto en el que el piloto brit\u00e1nico ve que su par neerland\u00e9s se aproxima y gira su cuerpo para ignorarlo.<\/p>\n<\/div>\n<div class=\"sc-e7b891c4-0 ifHnQL image-embed\"><img alt=\"George Russell le da la espalda a Max Verstappen en el podio. (REUTER)\" loading=\"lazy\" width=\"720\" height=\"100\" decoding=\"async\" data-nimg=\"1\" src=\"http:\/\/cordobadirecto.com\/wp-content\/uploads\/2025\/06\/crece-la-tension-entre-max-verstappen-y-george-russell-red-bull-apunto-contra-mercedes-1.jpg\"><span class=\"epigraphe\">George Russell le da la espalda a Max Verstappen en el podio. (REUTER)<\/span><\/div>\n<p><h2>Qui\u00e9n complet\u00f3 el podio en el Gran Premio de Canad\u00e1<\/h2>\n<\/p>\n<div class=\"custom-text \" readability=\"36\">\n<p><strong>Mercedes <\/strong>(que gan\u00f3 la carrera de la mano de <strong>George Russell<\/strong>) tuvo una tarde m\u00e1gica en el Gran Premio de Canad\u00e1, donde tambi\u00e9n se trep\u00f3 al podio <strong>Kimi Antonelli<\/strong>, quien consigui\u00f3 el tercer lugar y se meti\u00f3 entre los mejores por primera vez en su carrera.<\/p>\n<\/div>\n<p><h2>Cu\u00e1ndo y d\u00f3nde es la pr\u00f3xima carrera de F\u00f3rmula 1<\/h2>\n<\/p>\n<div class=\"custom-text \" readability=\"37\">\n<p>La siguiente carrera del calendario de la F\u00f3rmula 1 ser\u00e1 el <strong>Gran Premio de Austria<\/strong>, que se disputar\u00e1 en el aut\u00f3dromo Red Bull Ring. Dicho circuito se llevar\u00e1 a cabo durante el fin de semana del <strong>29 de junio<\/strong>. Por lo tanto, el piloto de Alpine tendr\u00e1 una semana libre para descansar y volver con todo.<\/p>\n<\/div>\n<div class=\"custom-text \" readability=\"37\">\n<p>La fecha ser\u00e1 tradicional, es decir, sin sprint. Adem\u00e1s, la qualy se llevar\u00e1 adelante el s\u00e1bado y la carrera el domingo, como suele ocurrir.<\/p>\n<\/div>\n<div class=\"sc-a7166897-0 eoLsBE\" readability=\"6.5\">\n<section readability=\"3\"><picture><img alt=\"Con dedicatoria incluida, Franco Colapinto le regal\u00f3 su casco a Lionel Messi\" loading=\"lazy\" width=\"290\" height=\"290\" decoding=\"async\" data-nimg=\"1\" src=\"http:\/\/cordobadirecto.com\/wp-content\/uploads\/2025\/06\/crece-la-tension-entre-max-verstappen-y-george-russell-red-bull-apunto-contra-mercedes-2.jpg\"><\/picture>\n<p><span>Mir\u00e1 tambi\u00e9n<\/span><\/p>\n<hr>\n<h3>Con dedicatoria incluida, Franco Colapinto le regal\u00f3 su casco a Lionel Messi<\/h3>\n<\/p>\n<\/section>\n<\/div>\n<div class=\"sc-a7166897-0 eoLsBE\" readability=\"7\">\n<section readability=\"4\"><picture><img alt=\"La conexi\u00f3n de Messi con el automovilismo: el casco de Colapinto, fotos hist\u00f3ricas y m\u00e1s\" loading=\"lazy\" width=\"290\" height=\"290\" decoding=\"async\" data-nimg=\"1\" src=\"http:\/\/cordobadirecto.com\/wp-content\/uploads\/2025\/06\/crece-la-tension-entre-max-verstappen-y-george-russell-red-bull-apunto-contra-mercedes-3.jpg\"><\/picture>\n<p><span>Mir\u00e1 tambi\u00e9n<\/span><\/p>\n<hr>\n<h3>La conexi\u00f3n de Messi con el automovilismo: el casco de Colapinto, fotos hist\u00f3ricas y m\u00e1s<\/h3>\n<\/p>\n<\/section>\n<\/div>\n<div class=\"sc-a7166897-0 eoLsBE\" readability=\"6\">\n<section readability=\"2\"><picture><img alt=\"Fallaron los escritorios y Franco Colapinto qued\u00f3 como estaba en Canad\u00e1\" loading=\"lazy\" width=\"290\" height=\"290\" decoding=\"async\" data-nimg=\"1\" src=\"http:\/\/cordobadirecto.com\/wp-content\/uploads\/2025\/06\/crece-la-tension-entre-max-verstappen-y-george-russell-red-bull-apunto-contra-mercedes-4.jpg\"><\/picture>\n<p><span>Mir\u00e1 tambi\u00e9n<\/span><\/p>\n<hr>\n<h3>Fallaron los escritorios y Franco Colapinto qued\u00f3 como estaba en Canad\u00e1<\/h3>\n<\/p>\n<\/section>\n<\/div>\n<\/div>\n","protected":false},"excerpt":{"rendered":"<p>16\/06\/2025 14:33hs. La tensi\u00f3n entre Max Verstappen y George Russell no da tregua. Tras ser protagonistas de un bochornoso final en el Gran Premio de Barcelona (donde el piloto neerland\u00e9s le tir\u00f3 el auto encima a su par brit\u00e1nico en la \u00faltima vuelta), la guerra entre ambos parece no tener fin. De hecho, en Canad\u00e1 [&hellip;]<\/p>\n","protected":false},"author":1,"featured_media":168749,"comment_status":"closed","ping_status":"closed","sticky":false,"template":"","format":"standard","meta":[],"categories":[21],"tags":[],"_links":{"self":[{"href":"http:\/\/cordobadirecto.com\/index.php\/wp-json\/wp\/v2\/posts\/168748"}],"collection":[{"href":"http:\/\/cordobadirecto.com\/index.php\/wp-json\/wp\/v2\/posts"}],"about":[{"href":"http:\/\/cordobadirecto.com\/index.php\/wp-json\/wp\/v2\/types\/post"}],"author":[{"embeddable":true,"href":"http:\/\/cordobadirecto.com\/index.php\/wp-json\/wp\/v2\/users\/1"}],"replies":[{"embeddable":true,"href":"http:\/\/cordobadirecto.com\/index.php\/wp-json\/wp\/v2\/comments?post=168748"}],"version-history":[{"count":0,"href":"http:\/\/cordobadirecto.com\/index.php\/wp-json\/wp\/v2\/posts\/168748\/revisions"}],"wp:featuredmedia":[{"embeddable":true,"href":"http:\/\/cordobadirecto.com\/index.php\/wp-json\/wp\/v2\/media\/168749"}],"wp:attachment":[{"href":"http:\/\/cordobadirecto.com\/index.php\/wp-json\/wp\/v2\/media?parent=168748"}],"wp:term":[{"taxonomy":"category","embeddable":true,"href":"http:\/\/cordobadirecto.com\/index.php\/wp-json\/wp\/v2\/categories?post=168748"},{"taxonomy":"post_tag","embeddable":true,"href":"http:\/\/cordobadirecto.com\/index.php\/wp-json\/wp\/v2\/tags?post=168748"}],"curies":[{"name":"wp","href":"https:\/\/api.w.org\/{rel}","templated":true}]}}