{"id":168800,"date":"2025-06-17T10:12:39","date_gmt":"2025-06-17T10:12:39","guid":{"rendered":"https:\/\/cordoba.gob.ar\/?p=78666"},"modified":"2025-06-17T10:12:39","modified_gmt":"2025-06-17T10:12:39","slug":"donde-retirar-la-sube-esta-semana-16-cpc-palacio-6-de-julio-concejo-deliberante-y-boleterias-en-la-terminal","status":"publish","type":"post","link":"http:\/\/cordobadirecto.com\/index.php\/2025\/06\/17\/donde-retirar-la-sube-esta-semana-16-cpc-palacio-6-de-julio-concejo-deliberante-y-boleterias-en-la-terminal\/","title":{"rendered":"D\u00f3nde retirar la SUBE esta semana: 16 CPC, Palacio 6 de Julio, Concejo Deliberante y boleter\u00edas en la Terminal"},"content":{"rendered":"<div><img src=\"http:\/\/cordobadirecto.com\/wp-content\/uploads\/2025\/06\/donde-retirar-la-sube-esta-semana-16-cpc-palacio-6-de-julio-concejo-deliberante-y-boleterias-en-la-terminal.jpg\" class=\"ff-og-image-inserted\"><\/div>\n<ul>\n<li><strong> Se podr\u00e1 realizar el tr\u00e1mite de martes a jueves.<\/strong><\/li>\n<li><strong>La tarjeta tiene un costo de $1500 que se acredita como saldo negativo.<\/strong><\/li>\n<\/ul>\n<hr>\n<p>Los vecinos y vecinas de C\u00f3rdoba podr\u00e1n realizar el tr\u00e1mite para tener la SUBE esta semana en los puntos habituales de la ciudad.<\/p>\n<p>En todos los casos, debido a los feriados nacionales, la atenci\u00f3n estar\u00e1 concentrada entre los d\u00edas martes 17 y jueves 19 de junio. Durante esos d\u00edas, los vecinos que deseen adquirir el pl\u00e1stico deben concurrir \u00fanicamente con su DNI en mano. La tarjeta tiene un costo de $1500 que se acredita como saldo negativo autom\u00e1ticamente en la tarjeta.<\/p>\n<p>Quienes quieran retirar su sube en los pr\u00f3ximos d\u00edas pueden hacerlo en el Palacio 6 de Julio, el Concejo Deliberante, las boleter\u00edas de Fam, Tamsau y Coniferal en las terminales de \u00f3mnibus y 16 CPC de la ciudad (todos menos Mercado de la Ciudad).<\/p>\n<p>En estos \u00faltimos, la atenci\u00f3n ser\u00e1 como es habitual de 8 a 14 horas, mientras que en aquellos ubicados en Arg\u00fcello, Rancagua, Empalme y Jard\u00edn, el horario de servicio se extender\u00e1 hasta las 18 horas.<\/p>\n<p>La franja horaria de 8 a 14 horas tambi\u00e9n ser\u00e1 el per\u00edodo para realizar el tr\u00e1mite en el Palacio 6 de Julio y el Concejo Deliberante.<\/p>\n<p>Por \u00faltimo, en la Terminal de \u00d3mnibus T1 estar\u00e1n las boleter\u00edas 40 y 41 de Grupo FAM de 8 a 18 horas; y la boleter\u00eda 45 de Coniferal de 9 a 16 horas. En la Terminal de \u00d3mnibus T2, la ventanilla 85 correspondiente a la empresa TAMSAU atender\u00e1 tr\u00e1mites de 9 a 16 horas.<\/p>\n<p>M\u00e1s de 110 mil personas ya viajan en el transporte p\u00fablico de la ciudad con este nuevo sistema, que permite a algunos sectores acceder a hasta un 55% de descuento en sus viajes.<\/p>\n<p>Este beneficio se aplica a jubilados y pensionados, monotributistas sociales, personal dom\u00e9stico, becados del Progresar y veteranos de Malvinas, entre otros.<\/p>\n","protected":false},"excerpt":{"rendered":"<p>Se podr\u00e1 realizar el tr\u00e1mite de martes a jueves. La tarjeta tiene un costo de $1500 que se acredita como saldo negativo. Los vecinos y vecinas de C\u00f3rdoba podr\u00e1n realizar el tr\u00e1mite para tener la SUBE esta semana en los puntos habituales de la ciudad. En todos los casos, debido a los feriados nacionales, la [&hellip;]<\/p>\n","protected":false},"author":1,"featured_media":168801,"comment_status":"closed","ping_status":"closed","sticky":false,"template":"","format":"standard","meta":[],"categories":[44],"tags":[],"_links":{"self":[{"href":"http:\/\/cordobadirecto.com\/index.php\/wp-json\/wp\/v2\/posts\/168800"}],"collection":[{"href":"http:\/\/cordobadirecto.com\/index.php\/wp-json\/wp\/v2\/posts"}],"about":[{"href":"http:\/\/cordobadirecto.com\/index.php\/wp-json\/wp\/v2\/types\/post"}],"author":[{"embeddable":true,"href":"http:\/\/cordobadirecto.com\/index.php\/wp-json\/wp\/v2\/users\/1"}],"replies":[{"embeddable":true,"href":"http:\/\/cordobadirecto.com\/index.php\/wp-json\/wp\/v2\/comments?post=168800"}],"version-history":[{"count":0,"href":"http:\/\/cordobadirecto.com\/index.php\/wp-json\/wp\/v2\/posts\/168800\/revisions"}],"wp:featuredmedia":[{"embeddable":true,"href":"http:\/\/cordobadirecto.com\/index.php\/wp-json\/wp\/v2\/media\/168801"}],"wp:attachment":[{"href":"http:\/\/cordobadirecto.com\/index.php\/wp-json\/wp\/v2\/media?parent=168800"}],"wp:term":[{"taxonomy":"category","embeddable":true,"href":"http:\/\/cordobadirecto.com\/index.php\/wp-json\/wp\/v2\/categories?post=168800"},{"taxonomy":"post_tag","embeddable":true,"href":"http:\/\/cordobadirecto.com\/index.php\/wp-json\/wp\/v2\/tags?post=168800"}],"curies":[{"name":"wp","href":"https:\/\/api.w.org\/{rel}","templated":true}]}}