{"id":168802,"date":"2025-06-17T20:57:06","date_gmt":"2025-06-17T20:57:06","guid":{"rendered":"https:\/\/www.ole.com.ar\/autos\/formula-1-franco-colapinto-alpine-perdedor-gran-premio-canada_0_YQlejLsKuB.html"},"modified":"2025-06-17T20:57:06","modified_gmt":"2025-06-17T20:57:06","slug":"para-la-formula-1-franco-colapinto-corrio-bien-y-alpine-fue-uno-de-los-perdedores-del-ultimo-gran-premio","status":"publish","type":"post","link":"http:\/\/cordobadirecto.com\/index.php\/2025\/06\/17\/para-la-formula-1-franco-colapinto-corrio-bien-y-alpine-fue-uno-de-los-perdedores-del-ultimo-gran-premio\/","title":{"rendered":"Para la F\u00f3rmula 1, Franco Colapinto corri\u00f3 bien y Alpine fue uno de los perdedores del \u00faltimo Gran Premio"},"content":{"rendered":"<p><time class=\"createDate\" datetime=\"2025-06-17T17:57:06-03:00\">17\/06\/2025 17:57hs.<\/time><\/p>\n<div id=\"storyBody\">\n<div class=\"custom-text \" readability=\"36.055147058824\">\n<p>Ya pasaron algunos d\u00edas del Gran Premio de Canad\u00e1, en el que <strong><a href=\"https:\/\/www.ole.com.ar\/tema\/franco-colapinto.html\" title=\"Franco Colapinto\" alt=\"Franco Colapinto\" class=\"slug\">Franco Colapinto<\/a> result\u00f3 13\u00b0<\/strong> y qued\u00f3 ah\u00ed nom\u00e1s de los puntos, pero sigue en boca de todos. Los hinchas, que estuvieron a la expectativa de que el argentino <a href=\"https:\/\/www.ole.com.ar\/autos\/franco-colapinto-mantuvo-puesto-canada-formula-1_0_NdzjqjVrWR.html\" target=\"_self\" title=\"ganara alg\u00fan puesto por sanciones\" alt=\"ganara alg\u00fan puesto por sanciones\" rel=\"noopener\">ganara alg\u00fan puesto por sanciones<\/a>; los pilotos, con Alexander Albon <a href=\"https:\/\/www.ole.com.ar\/autos\/reclamo-alex-albon-franco-colapinto-largada-gran-premio-canada-solto-freno_0_D96dQNpICZ.html\" target=\"_self\" title=\"quej\u00e1ndose de una maniobra\" alt=\"quej\u00e1ndose de una maniobra\" rel=\"noopener\">quej\u00e1ndose de una maniobra<\/a> del pibe de 22 a\u00f1os, <strong>y hasta la propia F\u00f3rmula 1, que evalu\u00f3 los rendimientos de corredores y escuder\u00edas<\/strong>. \u00bfSu conclusi\u00f3n? La figurita de Alpine hizo un buen trabajo, pero el equipo fue uno de los grandes perdedores&#8230;<\/p>\n<\/div>\n<div class=\"custom-text \" readability=\"38\">\n<p>Como sucede despu\u00e9s de cada carrera, la M\u00e1xima lanz\u00f3 los <strong>Power Rankings<\/strong>, una tabla elaborada por los jueces de la categor\u00eda en la que se valora la producci\u00f3n de los pilotos. En esta planilla, <strong>Colapinto ocup\u00f3 el 10\u00b0 lugar entre los 20 posibles<\/strong>, posicion\u00e1ndose como uno de los m\u00e1s destacados. <\/p>\n<\/div>\n<div class=\"sc-e7b891c4-0 ifHnQL image-embed\"><img alt=\"Los Power Rankings de la F\u00f3rmula 1 tras el GP de Canad\u00e1, con Franco Colapinto en el 10\u00b0 lugar. (@F1)\" loading=\"lazy\" width=\"720\" height=\"100\" decoding=\"async\" data-nimg=\"1\" src=\"http:\/\/cordobadirecto.com\/wp-content\/uploads\/2025\/06\/para-la-formula-1-franco-colapinto-corrio-bien-y-alpine-fue-uno-de-los-perdedores-del-ultimo-gran-premio.jpg\"><span class=\"epigraphe\">Los Power Rankings de la F\u00f3rmula 1 tras el GP de Canad\u00e1, con Franco Colapinto en el 10\u00b0 lugar. (@F1)<\/span><\/div>\n<div class=\"custom-text \" readability=\"52\">\n<p><strong>La puntuaci\u00f3n del argentino fue de 6,6, muy cerquita de Charles Leclerc (6,8), quien termin\u00f3 5\u00b0 a bordo de una Ferrari<\/strong>. El resto, yendo del 1\u00b0 al 8\u00b0, fue elegido de la siguiente manera: George Russell (10), Kimi Antonelli (8,8), Fernando Alonso (8,8), Nico Hulkenberg (8,6), Max Verstappen (8,4), Esteban Ocon (8), Oscar Piastri (7,6) y Oliver Bearman (7).<\/p>\n<\/div>\n<p><h2>Alpine, uno de los grandes perdedores del Gran Premio de Canad\u00e1<\/h2>\n<\/p>\n<div class=\"custom-text \" readability=\"36\">\n<p>As\u00ed como lanz\u00f3 este ranking, la F\u00f3rmula 1 tambi\u00e9n eligi\u00f3 a los <strong>cinco ganadores y perdedores<\/strong> de la carrera en Montreal. No hace falta decir en qu\u00e9 lugar se ubic\u00f3 a Alpine, que no posicion\u00f3 a ninguno de sus autos en el top 10&#8230;<\/p>\n<\/div>\n<div class=\"sc-e7b891c4-0 ifHnQL image-embed\"><img alt=\"Colapinto no lleg\u00f3 a los puntos y Alpine no logra salir de su mal momento. (David Kirouac-Imagn Images)\" loading=\"lazy\" width=\"720\" height=\"100\" decoding=\"async\" data-nimg=\"1\" src=\"http:\/\/cordobadirecto.com\/wp-content\/uploads\/2025\/06\/para-la-formula-1-franco-colapinto-corrio-bien-y-alpine-fue-uno-de-los-perdedores-del-ultimo-gran-premio-1.jpg\"><span class=\"epigraphe\">Colapinto no lleg\u00f3 a los puntos y Alpine no logra salir de su mal momento. (David Kirouac-Imagn Images)<\/span><\/div>\n<div class=\"custom-text \" readability=\"37\">\n<p>&#8220;<strong>Alpine sigue estancado en el \u00faltimo lugar del campeonato de constructores<\/strong> despu\u00e9s de no lograr puntuar por octava vez en diez fines de semana de carrera. Pierre Gasly no pudo recuperarse desde su salida en boxes, <strong>mientras que Franco Colapinto no tuvo el ritmo para que su d\u00e9cimo puesto de salida se convirtiera en unidades<\/strong>&#8220;, fue la evaluaci\u00f3n de la M\u00e1xima.<\/p>\n<\/div>\n<div class=\"custom-text \" readability=\"41\">\n<p>Al margen de la escuder\u00eda francesa, <strong>los otros perdedores fueron Lando Norris, Alexander Albon, Ferrari y Liam Lawson<\/strong>. En tanto, los ganadores fueron George Russell, Kimi Antonelli, Fernando Alonso, Nico Hulkenberg (pele\u00f3 con Franco por los puntos) y Esteban Ocon.<\/p>\n<\/div>\n<div class=\"sc-a7166897-0 eoLsBE\" readability=\"6.5\">\n<section readability=\"3\"><picture><img alt=\"Franco Colapinto en la premiere de la pel\u00edcula de la F1: saludo con Brad Pitt y sorpresa con el Times Square\" loading=\"lazy\" width=\"290\" height=\"290\" decoding=\"async\" data-nimg=\"1\" src=\"http:\/\/cordobadirecto.com\/wp-content\/uploads\/2025\/06\/para-la-formula-1-franco-colapinto-corrio-bien-y-alpine-fue-uno-de-los-perdedores-del-ultimo-gran-premio-2.jpg\"><\/picture>\n<p><span>Mir\u00e1 tambi\u00e9n<\/span><\/p>\n<hr>\n<h3>Franco Colapinto en la premiere de la pel\u00edcula de la F1: saludo con Brad Pitt y sorpresa con el Times Square<\/h3>\n<\/p>\n<\/section>\n<\/div>\n<div class=\"sc-a7166897-0 eoLsBE\" readability=\"6\">\n<section readability=\"2\"><picture><img alt=\"Los mejores memes de Franco Colapinto en la premiere de la pel\u00edcula de la F1\" loading=\"lazy\" width=\"290\" height=\"290\" decoding=\"async\" data-nimg=\"1\" src=\"http:\/\/cordobadirecto.com\/wp-content\/uploads\/2025\/06\/para-la-formula-1-franco-colapinto-corrio-bien-y-alpine-fue-uno-de-los-perdedores-del-ultimo-gran-premio-3.jpg\"><\/picture>\n<p><span>Mir\u00e1 tambi\u00e9n<\/span><\/p>\n<hr>\n<h3>Los mejores memes de Franco Colapinto en la premiere de la pel\u00edcula de la F1<\/h3>\n<\/p>\n<\/section>\n<\/div>\n<div class=\"sc-a7166897-0 eoLsBE\" readability=\"6\">\n<section readability=\"2\"><picture><img alt=\"Por qu\u00e9 Max Verstappen no fue a la presentaci\u00f3n de la pel\u00edcula de la F\u00f3rmula 1\" loading=\"lazy\" width=\"290\" height=\"290\" decoding=\"async\" data-nimg=\"1\" src=\"http:\/\/cordobadirecto.com\/wp-content\/uploads\/2025\/06\/para-la-formula-1-franco-colapinto-corrio-bien-y-alpine-fue-uno-de-los-perdedores-del-ultimo-gran-premio-4.jpg\"><\/picture>\n<p><span>Mir\u00e1 tambi\u00e9n<\/span><\/p>\n<hr>\n<h3>Por qu\u00e9 Max Verstappen no fue a la presentaci\u00f3n de la pel\u00edcula de la F\u00f3rmula 1<\/h3>\n<\/p>\n<\/section>\n<\/div>\n<div class=\"sc-a7166897-0 eoLsBE\" readability=\"6.5\">\n<section readability=\"3\"><picture><img alt=\"Franco Colapinto: m\u00e1s fotos y videos que quedaron del evento de la F\u00f3rmula 1 en Nueva York\" loading=\"lazy\" width=\"290\" height=\"290\" decoding=\"async\" data-nimg=\"1\" src=\"http:\/\/cordobadirecto.com\/wp-content\/uploads\/2025\/06\/para-la-formula-1-franco-colapinto-corrio-bien-y-alpine-fue-uno-de-los-perdedores-del-ultimo-gran-premio-5.jpg\"><\/picture>\n<p><span>Mir\u00e1 tambi\u00e9n<\/span><\/p>\n<hr>\n<h3>Franco Colapinto: m\u00e1s fotos y videos que quedaron del evento de la F\u00f3rmula 1 en Nueva York<\/h3>\n<\/p>\n<\/section>\n<\/div>\n<div class=\"sc-a7166897-0 eoLsBE\" readability=\"6.5\">\n<section readability=\"3\"><picture><img alt=\"El reclamo de Alex Albon a Franco Colapinto por la largada del Gran Premio de Canad\u00e1: &quot;Solt\u00f3 el freno&quot;\" loading=\"lazy\" width=\"290\" height=\"290\" decoding=\"async\" data-nimg=\"1\" src=\"http:\/\/cordobadirecto.com\/wp-content\/uploads\/2025\/06\/para-la-formula-1-franco-colapinto-corrio-bien-y-alpine-fue-uno-de-los-perdedores-del-ultimo-gran-premio-6.jpg\"><\/picture>\n<p><span>Mir\u00e1 tambi\u00e9n<\/span><\/p>\n<hr>\n<h3>El reclamo de Alex Albon a Franco Colapinto por la largada del Gran Premio de Canad\u00e1: &#8220;Solt\u00f3 el freno&#8221;<\/h3>\n<\/p>\n<\/section>\n<\/div>\n<\/div>\n","protected":false},"excerpt":{"rendered":"<p>17\/06\/2025 17:57hs. Ya pasaron algunos d\u00edas del Gran Premio de Canad\u00e1, en el que Franco Colapinto result\u00f3 13\u00b0 y qued\u00f3 ah\u00ed nom\u00e1s de los puntos, pero sigue en boca de todos. Los hinchas, que estuvieron a la expectativa de que el argentino ganara alg\u00fan puesto por sanciones; los pilotos, con Alexander Albon quej\u00e1ndose de una [&hellip;]<\/p>\n","protected":false},"author":1,"featured_media":168803,"comment_status":"closed","ping_status":"closed","sticky":false,"template":"","format":"standard","meta":[],"categories":[21],"tags":[],"_links":{"self":[{"href":"http:\/\/cordobadirecto.com\/index.php\/wp-json\/wp\/v2\/posts\/168802"}],"collection":[{"href":"http:\/\/cordobadirecto.com\/index.php\/wp-json\/wp\/v2\/posts"}],"about":[{"href":"http:\/\/cordobadirecto.com\/index.php\/wp-json\/wp\/v2\/types\/post"}],"author":[{"embeddable":true,"href":"http:\/\/cordobadirecto.com\/index.php\/wp-json\/wp\/v2\/users\/1"}],"replies":[{"embeddable":true,"href":"http:\/\/cordobadirecto.com\/index.php\/wp-json\/wp\/v2\/comments?post=168802"}],"version-history":[{"count":0,"href":"http:\/\/cordobadirecto.com\/index.php\/wp-json\/wp\/v2\/posts\/168802\/revisions"}],"wp:featuredmedia":[{"embeddable":true,"href":"http:\/\/cordobadirecto.com\/index.php\/wp-json\/wp\/v2\/media\/168803"}],"wp:attachment":[{"href":"http:\/\/cordobadirecto.com\/index.php\/wp-json\/wp\/v2\/media?parent=168802"}],"wp:term":[{"taxonomy":"category","embeddable":true,"href":"http:\/\/cordobadirecto.com\/index.php\/wp-json\/wp\/v2\/categories?post=168802"},{"taxonomy":"post_tag","embeddable":true,"href":"http:\/\/cordobadirecto.com\/index.php\/wp-json\/wp\/v2\/tags?post=168802"}],"curies":[{"name":"wp","href":"https:\/\/api.w.org\/{rel}","templated":true}]}}