{"id":168804,"date":"2025-06-17T20:28:08","date_gmt":"2025-06-17T20:28:08","guid":{"rendered":"https:\/\/www.ole.com.ar\/autos\/franco-colapinto-imagenes-fotos-premiere-pelicula-f1-formula-1-nueva-york_0_VGNCse8Uu7.html"},"modified":"2025-06-17T20:28:08","modified_gmt":"2025-06-17T20:28:08","slug":"franco-colapinto-mas-fotos-y-videos-que-quedaron-del-evento-de-la-formula-1-en-nueva-york","status":"publish","type":"post","link":"http:\/\/cordobadirecto.com\/index.php\/2025\/06\/17\/franco-colapinto-mas-fotos-y-videos-que-quedaron-del-evento-de-la-formula-1-en-nueva-york\/","title":{"rendered":"Franco Colapinto: m\u00e1s fotos y videos que quedaron del evento de la F\u00f3rmula 1 en Nueva York"},"content":{"rendered":"<p><span class=\"createDate\">17\/06\/2025 17:28hs.<\/span><time class=\"modificatedDate\" datetime=\"2025-06-17T17:34:34-03:00\"> Actualizado al 17\/06\/2025 17:34hs.<\/time><\/p>\n<div id=\"storyBody\">\n<div class=\"custom-text \" readability=\"35.94578313253\">\n<p>Este lunes, una buena parte de la parrilla de la <strong><a href=\"https:\/\/www.ole.com.ar\/tema\/formula-1.html\" title=\"F\u00f3rmula 1\" alt=\"F\u00f3rmula 1\" class=\"slug\">F\u00f3rmula 1<\/a> <\/strong>estuvo presente en la <strong>avant premiere de la pel\u00edcula de la categor\u00eda<\/strong>, en el Times Square de Nueva York. Rodeado de otras<strong> <\/strong>estrellas, no solo del automovilismo sino tambi\u00e9n de <strong>Hollywood<\/strong>, <strong><a href=\"https:\/\/www.ole.com.ar\/tema\/franco-colapinto.html\" title=\"Franco Colapinto\" alt=\"Franco Colapinto\" class=\"slug\">Franco Colapinto<\/a><\/strong> mostr\u00f3 una vez m\u00e1s su carisma y las fotos no tardaron en aparecer.<\/p>\n<\/div>\n<div class=\"custom-text \" readability=\"30.337448559671\">\n<p>Adem\u00e1s de<strong><a href=\"https:\/\/www.ole.com.ar\/autos\/franco-colapinto-premiere-pelicula-f1-formula-1-times-square-brad-pitt_0_VLEUIIQLv6.html\" target=\"_self\" title=\" su momento con Brad Pitt -protagonista de la cinta- y la entrevista que le realizaron en el stage\" alt=\" su momento con Brad Pitt -protagonista de la cinta- y la entrevista que le realizaron en el stage\" rel=\"noopener\"> su momento con Brad Pitt<\/a><a href=\"https:\/\/www.ole.com.ar\/autos\/franco-colapinto-premiere-pelicula-f1-formula-1-times-square-brad-pitt_0_VLEUIIQLv6.html\" target=\"_self\" title=\", \" alt=\", \" rel=\"noopener\">, <\/a><\/strong><a href=\"https:\/\/www.ole.com.ar\/autos\/franco-colapinto-premiere-pelicula-f1-formula-1-times-square-brad-pitt_0_VLEUIIQLv6.html\" target=\"_self\" title=\" su momento con Brad Pitt -protagonista de la cinta- y la entrevista que le realizaron en el stage\" alt=\" su momento con Brad Pitt -protagonista de la cinta- y la entrevista que le realizaron en el stage\" rel=\"noopener\">protagonista de la cinta<\/a>, y la entrevista que le realizaron en el main stage, el argentino protagoniz\u00f3 varios momentos con pilotos, fans y hasta un jefe de equipo de la M\u00e1xima que no es Flavio Briatore&#8230;<\/p>\n<\/div>\n<div class=\"sc-e7b891c4-0 ifHnQL image-embed\"><img alt=\"La foto grupal de algunos de los pilotos que asistieron a la premiere. (@F1)\" loading=\"lazy\" width=\"720\" height=\"100\" decoding=\"async\" data-nimg=\"1\" src=\"http:\/\/cordobadirecto.com\/wp-content\/uploads\/2025\/06\/franco-colapinto-mas-fotos-y-videos-que-quedaron-del-evento-de-la-formula-1-en-nueva-york.jpg\"><span class=\"epigraphe\">La foto grupal de algunos de los pilotos que asistieron a la premiere. (@F1)<\/span><\/div>\n<p><h2>Su encuentro con un argentino y la buena onda con los pilotos<\/h2>\n<\/p>\n<div class=\"custom-text \" readability=\"36\">\n<p>Est\u00e9 donde est\u00e9, <strong>Franco Colapinto no se olvida de tomarse un ratito para los fans que se acercan a apoyarlo. <\/strong>Como siempre, hay alguno que otro argentino presente y no hubo excepciones en el Times Square: al piloto se lo vio autografiando una camiseta de la Selecci\u00f3n Argentina en la gala.<\/p>\n<\/div>\n<div class=\"custom-text \" readability=\"37\">\n<p>Su p\u00fablico no es el \u00fanico que goza de su carisma. Los pilotos de la categor\u00eda, que comparten con el argentino en el d\u00eda a d\u00eda, tambi\u00e9n disfrutaron de la figura de Colapinto, <strong>con dos momentos que se destacaron por sobre el resto.<\/strong><\/p>\n<\/div>\n<div class=\"sc-e7b891c4-0 ifHnQL image-embed\"><img alt=\"Colapinto firmando una casaca de Argentina en medio de la premiere.\" loading=\"lazy\" width=\"720\" height=\"100\" decoding=\"async\" data-nimg=\"1\" src=\"http:\/\/cordobadirecto.com\/wp-content\/uploads\/2025\/06\/franco-colapinto-mas-fotos-y-videos-que-quedaron-del-evento-de-la-formula-1-en-nueva-york-1.jpg\"><span class=\"epigraphe\">Colapinto firmando una casaca de Argentina en medio de la premiere.<\/span><\/div>\n<p><h3>El divertido momento de Colapinto con Gasly<\/h3>\n<\/p>\n<div class=\"custom-text \" readability=\"40.6875\">\n<p>Su dupla en <strong>Alpine<\/strong>, <strong><a href=\"https:\/\/www.ole.com.ar\/tema\/pierre-gasly.html\" title=\"Pierre Gasly\" alt=\"Pierre Gasly\" class=\"slug\">Pierre Gasly<\/a><\/strong>, fue su compa\u00f1\u00eda durante la mayor parte del evento de presentaci\u00f3n, e incluso subieron juntos al escenario para ser entrevistados. De todas las im\u00e1genes en las que se los pudo ver juntos, hay una que llam\u00f3 la atenci\u00f3n en las redes sociales: <strong>Colapinto, en modo asistente, y les sostuvo las mochilas al franc\u00e9s y a Kika Cerqueira Gomes<\/strong>, su novia.<\/p>\n<\/div>\n<div class=\"sc-e7b891c4-0 ifHnQL image-embed\"><img alt=\"Colapinto, el asistente de Gasly y su novia.\" loading=\"lazy\" width=\"720\" height=\"100\" decoding=\"async\" data-nimg=\"1\" src=\"http:\/\/cordobadirecto.com\/wp-content\/uploads\/2025\/06\/franco-colapinto-mas-fotos-y-videos-que-quedaron-del-evento-de-la-formula-1-en-nueva-york-2.jpg\"><span class=\"epigraphe\">Colapinto, el asistente de Gasly y su novia.<\/span><\/div>\n<p><h3>Entre risas, Norris y Colapinto se encontraron en Nueva York<\/h3>\n<\/p>\n<div class=\"custom-text \" readability=\"39.71875\">\n<p><strong><a href=\"https:\/\/www.ole.com.ar\/tema\/lando-norris.html\" title=\"Lando Norris\" alt=\"Lando Norris\" class=\"slug\">Lando Norris<\/a><\/strong> (McLaren), segundo en la tabla de pilotos de esta temporada, declar\u00f3 hace poquito que <strong>es un &#8220;gran amigo&#8221; de Colapinto<\/strong> e incluso le pidi\u00f3 a los hinchas argentinos que alienten por \u00e9l. Semana a semana, y a medida que van compartiendo m\u00e1s eventos, queda a la vista la<strong> <\/strong>buena relaci\u00f3n que mantienen.<strong> El lunes, en la avant premiere, se cruzaron y se los vio riendo juntos.<\/strong><\/p>\n<\/div>\n<div class=\"sc-734b4696-1 kFfZtB\" readability=\"6\">\n<div class=\"sc-d00d9e74-0 hnHYbk vertical\" type=\"embed\">\n<div class=\"sc-d00d9e74-1 iKVbz videoText\" id=\"contentTitleembed5k7ZpwAN\" type=\"embed\"><svg fill=\"#ffffff\"><symbol id=\"play\" viewBox=\"0 0 512 512\"><path d=\"M512 256C512 397.4 397.4 512 256 512C114.6 512 0 397.4 0 256C0 114.6 114.6 0 256 0C397.4 0 512 114.6 512 256zM176 168V344C176 352.7 180.7 360.7 188.3 364.9C195.8 369.2 205.1 369 212.5 364.5L356.5 276.5C363.6 272.1 368 264.4 368 256C368 247.6 363.6 239.9 356.5 235.5L212.5 147.5C205.1 142.1 195.8 142.8 188.3 147.1C180.7 151.3 176 159.3 176 168V168z\" \/><\/symbol><use xlink:href=\"#play\" \/><\/svg><\/p>\n<div class=\"right\">\n<p>Franco Colapinto<!-- --> &#8211; <span>&nbsp;<\/span><\/p>\n<h2 class=\"title-vid\">El saludo y la buena onda entre Franco Colapinto y Lando Norris en la premiere<\/h2>\n<\/div>\n<\/div>\n<p><span class=\"back\" id=\"spanBackembed5k7ZpwAN\"><\/span><\/div>\n<div class=\"JWvideoNota_title\" readability=\"7\">\n<p>Cr\u00e9ditos: @ColapintoFiles.<\/p>\n<\/div>\n<\/div>\n<p><h2>Colapinto no lleg\u00f3 solo a la gala&#8230; \u00a1lo hizo con el T\u00edo James!<\/h2>\n<\/p>\n<div class=\"custom-text \" readability=\"40\">\n<p>Cuando el pilarense tuvo la chance de estrenarse en la F\u00f3rmula 1 para Williams, fue clave la confianza y el apoyo de <strong>James Vowles, el jefe de equipo de la escuder\u00eda<\/strong>. El lunes, <strong>El T\u00edo<\/strong> -como se lo apod\u00f3 con cari\u00f1o en Argentina- tambi\u00e9n estuvo presente en el evento, y no solo eso, <strong>sino que se lo vio acompa\u00f1ado de Franco en su llegada al centro neoyorquino.<\/strong><\/p>\n<\/div>\n<div class=\"sc-734b4696-1 kFfZtB\" readability=\"6\">\n<div class=\"sc-d00d9e74-0 hnHYbk\" type=\"embed\">\n<div class=\"sc-d00d9e74-1 iKVbz videoText\" id=\"contentTitleembedRuwMe83K\" type=\"embed\"><svg fill=\"#ffffff\"><symbol id=\"play\" viewBox=\"0 0 512 512\"><path d=\"M512 256C512 397.4 397.4 512 256 512C114.6 512 0 397.4 0 256C0 114.6 114.6 0 256 0C397.4 0 512 114.6 512 256zM176 168V344C176 352.7 180.7 360.7 188.3 364.9C195.8 369.2 205.1 369 212.5 364.5L356.5 276.5C363.6 272.1 368 264.4 368 256C368 247.6 363.6 239.9 356.5 235.5L212.5 147.5C205.1 142.1 195.8 142.8 188.3 147.1C180.7 151.3 176 159.3 176 168V168z\" \/><\/symbol><use xlink:href=\"#play\" \/><\/svg><\/p>\n<div class=\"right\">\n<p>Franco Colapinto<!-- --> &#8211; <span>&nbsp;<\/span><\/p>\n<h2 class=\"title-vid\">Franco Colapinto y James Vowles llegando juntos a la premiere de la pel\u00edcula de F1<\/h2>\n<\/div>\n<\/div>\n<p><span class=\"back\" id=\"spanBackembedRuwMe83K\"><\/span><\/div>\n<div class=\"JWvideoNota_title\" readability=\"7\">\n<p>Cr\u00e9ditos: @dailycolapinto.<\/p>\n<\/div>\n<\/div>\n<div class=\"sc-a7166897-0 eoLsBE\" readability=\"6.5\">\n<section readability=\"3\"><picture><img alt=\"La cr\u00edtica de Pierre Gasly despu\u00e9s del GP de Canad\u00e1 y el silencio de Flavio Briatore\" loading=\"lazy\" width=\"290\" height=\"290\" decoding=\"async\" data-nimg=\"1\" src=\"http:\/\/cordobadirecto.com\/wp-content\/uploads\/2025\/06\/franco-colapinto-mas-fotos-y-videos-que-quedaron-del-evento-de-la-formula-1-en-nueva-york-3.jpg\"><\/picture>\n<p><span>Mir\u00e1 tambi\u00e9n<\/span><\/p>\n<hr>\n<h3>La cr\u00edtica de Pierre Gasly despu\u00e9s del GP de Canad\u00e1 y el silencio de Flavio Briatore<\/h3>\n<\/p>\n<\/section>\n<\/div>\n<div class=\"sc-a7166897-0 eoLsBE\" readability=\"6.5\">\n<section readability=\"3\"><picture><img alt=\"Franco Colapinto en la premiere de la pel\u00edcula de la F1: saludo con Brad Pitt y sorpresa con el Times Square\" loading=\"lazy\" width=\"290\" height=\"290\" decoding=\"async\" data-nimg=\"1\" src=\"http:\/\/cordobadirecto.com\/wp-content\/uploads\/2025\/06\/franco-colapinto-mas-fotos-y-videos-que-quedaron-del-evento-de-la-formula-1-en-nueva-york-4.jpg\"><\/picture>\n<p><span>Mir\u00e1 tambi\u00e9n<\/span><\/p>\n<hr>\n<h3>Franco Colapinto en la premiere de la pel\u00edcula de la F1: saludo con Brad Pitt y sorpresa con el Times Square<\/h3>\n<\/p>\n<\/section>\n<\/div>\n<div class=\"sc-a7166897-0 eoLsBE\" readability=\"6\">\n<section readability=\"2\"><picture><img alt=\"Fallaron los escritorios y Franco Colapinto qued\u00f3 como estaba en Canad\u00e1\" loading=\"lazy\" width=\"290\" height=\"290\" decoding=\"async\" data-nimg=\"1\" src=\"http:\/\/cordobadirecto.com\/wp-content\/uploads\/2025\/06\/franco-colapinto-mas-fotos-y-videos-que-quedaron-del-evento-de-la-formula-1-en-nueva-york-5.jpg\"><\/picture>\n<p><span>Mir\u00e1 tambi\u00e9n<\/span><\/p>\n<hr>\n<h3>Fallaron los escritorios y Franco Colapinto qued\u00f3 como estaba en Canad\u00e1<\/h3>\n<\/p>\n<\/section>\n<\/div>\n<\/div>\n","protected":false},"excerpt":{"rendered":"<p>17\/06\/2025 17:28hs. Actualizado al 17\/06\/2025 17:34hs. Este lunes, una buena parte de la parrilla de la F\u00f3rmula 1 estuvo presente en la avant premiere de la pel\u00edcula de la categor\u00eda, en el Times Square de Nueva York. Rodeado de otras estrellas, no solo del automovilismo sino tambi\u00e9n de Hollywood, Franco Colapinto mostr\u00f3 una vez m\u00e1s [&hellip;]<\/p>\n","protected":false},"author":1,"featured_media":168805,"comment_status":"closed","ping_status":"closed","sticky":false,"template":"","format":"standard","meta":[],"categories":[21],"tags":[],"_links":{"self":[{"href":"http:\/\/cordobadirecto.com\/index.php\/wp-json\/wp\/v2\/posts\/168804"}],"collection":[{"href":"http:\/\/cordobadirecto.com\/index.php\/wp-json\/wp\/v2\/posts"}],"about":[{"href":"http:\/\/cordobadirecto.com\/index.php\/wp-json\/wp\/v2\/types\/post"}],"author":[{"embeddable":true,"href":"http:\/\/cordobadirecto.com\/index.php\/wp-json\/wp\/v2\/users\/1"}],"replies":[{"embeddable":true,"href":"http:\/\/cordobadirecto.com\/index.php\/wp-json\/wp\/v2\/comments?post=168804"}],"version-history":[{"count":0,"href":"http:\/\/cordobadirecto.com\/index.php\/wp-json\/wp\/v2\/posts\/168804\/revisions"}],"wp:featuredmedia":[{"embeddable":true,"href":"http:\/\/cordobadirecto.com\/index.php\/wp-json\/wp\/v2\/media\/168805"}],"wp:attachment":[{"href":"http:\/\/cordobadirecto.com\/index.php\/wp-json\/wp\/v2\/media?parent=168804"}],"wp:term":[{"taxonomy":"category","embeddable":true,"href":"http:\/\/cordobadirecto.com\/index.php\/wp-json\/wp\/v2\/categories?post=168804"},{"taxonomy":"post_tag","embeddable":true,"href":"http:\/\/cordobadirecto.com\/index.php\/wp-json\/wp\/v2\/tags?post=168804"}],"curies":[{"name":"wp","href":"https:\/\/api.w.org\/{rel}","templated":true}]}}