{"id":168806,"date":"2025-06-17T21:50:44","date_gmt":"2025-06-17T21:50:44","guid":{"rendered":"https:\/\/www.ole.com.ar\/futbol-ascenso\/ascenso-primera-nacional-quilmes-kaprof-river-libertadores_0_TpvPUBa3Dk.html"},"modified":"2025-06-17T21:50:44","modified_gmt":"2025-06-17T21:50:44","slug":"salio-de-river-hizo-un-gol-en-una-final-fue-campeon-de-la-libertadores-y-es-nuevo-refuerzo-de-quilmes","status":"publish","type":"post","link":"http:\/\/cordobadirecto.com\/index.php\/2025\/06\/17\/salio-de-river-hizo-un-gol-en-una-final-fue-campeon-de-la-libertadores-y-es-nuevo-refuerzo-de-quilmes\/","title":{"rendered":"Sali\u00f3 de River, hizo un gol en una final, fue campe\u00f3n de la Libertadores y es nuevo refuerzo de Quilmes"},"content":{"rendered":"<p><span class=\"createDate\">17\/06\/2025 17:57hs.<\/span><time class=\"modificatedDate\" datetime=\"2025-06-17T18:02:32-03:00\"> Actualizado al 17\/06\/2025 18:02hs.<\/time><\/p>\n<div id=\"storyBody\">\n<div class=\"custom-text \" readability=\"37.634961439589\">\n<p>Horas turbulentas se viven en <a href=\"https:\/\/www.ole.com.ar\/tema\/quilmes.html\" title=\"Quilmes\" alt=\"Quilmes\" class=\"slug\">Quilmes<\/a>. Y no es para menos, porque el Cervecero no gana hace ocho partidos, est\u00e1 afuera del Reducido de la <a href=\"https:\/\/www.ole.com.ar\/tema\/primera-nacional.html\" title=\"Primera Nacional\" alt=\"Primera Nacional\" class=\"slug\">Primera Nacional<\/a> y, tras la derrota del viernes por 2-1 ante Gimnasia y Tiro de Salta, Sergio Rondina dej\u00f3 de ser el entrenador luego de casi un a\u00f1o en el cargo. A la par de que se sigue en busca de un det\u00e9,<strong> hay movimientos en el mercado de pases<\/strong>. <\/p>\n<\/div>\n<div class=\"custom-text \" readability=\"34.642570281124\">\n<p>S\u00ed, es que, en b\u00fasqueda de cambiar la cara y revertir el mal momento, en el Sur del conurbano bonaerense <strong>se cerr\u00f3 la llegada de <a href=\"https:\/\/www.ole.com.ar\/tema\/juan-cruz-kaprof.html\" title=\"Juan Cruz Kaprof\" alt=\"Juan Cruz Kaprof\" class=\"slug\">Juan Cruz Kaprof<\/a><\/strong><a href=\"https:\/\/www.ole.com.ar\/tema\/juan-cruz-kaprof.html\" title=\"Juan Cruz Kaprof\" alt=\"Juan Cruz Kaprof\" class=\"slug\">,<\/a> delantero de 30 a\u00f1os con pasado en <a href=\"https:\/\/www.ole.com.ar\/tema\/river-plate.html\" title=\"River Plate\" alt=\"River Plate\" class=\"slug\">River<\/a> y de \u00faltimo paso por el Fotbal Club Boto\u0219ani de Rumania. <\/p>\n<\/div>\n<div class=\"custom-text \" readability=\"37\">\n<p>La incorporaci\u00f3n del atacante que supo vestir los colores del Metz de Francia, Atl\u00e9tico Tucum\u00e1n, entre otros, se hizo oficial el pasado lunes mediante las redes oficiales de la instituci\u00f3n.<strong> Arrib\u00f3 en condici\u00f3n de agente libre y puso la firma hasta diciembre del 2026. <\/strong><\/p>\n<\/div>\n<div class=\"custom-embedhtml\" readability=\"7.2283464566929\">\n<blockquote class=\"twitter-tweet\" readability=\"8.8346456692913\">\n<p lang=\"es\" dir=\"ltr\">\u270d\ud83c\udffb Juan Kaprof, nuevo jugador del Quilmes Atl\u00e9tico Club <\/p>\n<p>\u25ab\ufe0fEl delantero lleg\u00f3 libre y firm\u00f3 su v\u00ednculo hasta diciembre de 2026. <\/p>\n<p>\ud83e\udef1\ud83c\udffb\u200d\ud83e\udef2\ud83c\udffc \u00a1\u00c9xitos, <a href=\"https:\/\/twitter.com\/juankaprof?ref_src=twsrc%5Etfw\">@juankaprof<\/a>! <a href=\"https:\/\/t.co\/l6v9I9wk7J\">pic.twitter.com\/l6v9I9wk7J<\/a><\/p>\n<p>\u2014 Quilmes A.C. (@qacoficial) <a href=\"https:\/\/twitter.com\/qacoficial\/status\/1934688362834616444?ref_src=twsrc%5Etfw\">June 16, 2025<\/a><\/p><\/blockquote><\/div>\n<p><h2><strong>El paso de Juan Cruz Kaprof por River<\/strong><\/h2>\n<\/p>\n<div class=\"custom-text \" readability=\"40\">\n<p>El punta realiz\u00f3 todas las divisiones formativas e inferiores en el club de N\u00fa\u00f1ez y tuvo su estreno como profesional con la Banda en 2013, en un aburrido empate sin goles frente a Godoy Cruz. Permaneci\u00f3 en el Millonario hasta 2015: en el medio, lo dirigieron Ram\u00f3n D\u00edaz y Marcelo Gallardo, <strong>gan\u00f3 el Torneo 2014, Copa Sudamericana 2014, Recopa Sudamericana y Copa Libertadores 2015. <\/strong><\/p>\n<\/div>\n<div class=\"sc-e7b891c4-0 ifHnQL image-embed\"><img alt=\"Kaprof (primero a la izquierda de Gallardo) en una pretemporada en River.\" loading=\"lazy\" width=\"720\" height=\"100\" decoding=\"async\" data-nimg=\"1\" src=\"http:\/\/cordobadirecto.com\/wp-content\/uploads\/2025\/06\/salio-de-river-hizo-un-gol-en-una-final-fue-campeon-de-la-libertadores-y-es-nuevo-refuerzo-de-quilmes.jpg\"><span class=\"epigraphe\">Kaprof (primero a la izquierda de Gallardo) en una pretemporada en River.<\/span><\/div>\n<div class=\"custom-text \" readability=\"43\">\n<p>Sin embargo, <strong>lo m\u00e1s recordado de Juan Cruz Kaprof con la casaca de River se dio en el duelo frente a Sevilla en el Monumental, por la Supercopa Euroamericana 2015<\/strong>, que se disput\u00f3 entre el Millo, campe\u00f3n de la Sudamericana 2014, y el cuadro andaluz, ganador de la Europa League. No fue un torneo oficial, pero el que por esos a\u00f1os era un pibe, le dio el triunfo ag\u00f3nico a CARP con un gol de taco. <\/p>\n<\/div>\n<div class=\"sc-734b4696-1 kFfZtB\" readability=\"6\">\n<div class=\"sc-d00d9e74-0 hnHYbk\" type=\"embed\">\n<div class=\"sc-d00d9e74-1 iKVbz videoText\" id=\"contentTitleembedBYwud9PE\" type=\"embed\"><svg fill=\"#ffffff\"><symbol id=\"play\" viewBox=\"0 0 512 512\"><path d=\"M512 256C512 397.4 397.4 512 256 512C114.6 512 0 397.4 0 256C0 114.6 114.6 0 256 0C397.4 0 512 114.6 512 256zM176 168V344C176 352.7 180.7 360.7 188.3 364.9C195.8 369.2 205.1 369 212.5 364.5L356.5 276.5C363.6 272.1 368 264.4 368 256C368 247.6 363.6 239.9 356.5 235.5L212.5 147.5C205.1 142.1 195.8 142.8 188.3 147.1C180.7 151.3 176 159.3 176 168V168z\" \/><\/symbol><use xlink:href=\"#play\" \/><\/svg><\/p>\n<div class=\"right\">\n<p>gol<!-- --> &#8211; <span>&nbsp;<\/span><\/p>\n<h2 class=\"title-vid\"> Kaprof puso en ventaja a River<\/h2>\n<\/div>\n<\/div>\n<p><span class=\"back\" id=\"spanBackembedBYwud9PE\"><\/span><\/div>\n<div class=\"JWvideoNota_title\" readability=\"7\">\n<p>Gol de Kaprof(R). River 1 &#8211; Sevilla 0. Supercopa Euroamericana 2015. (Fuente:Youtube)<\/p>\n<\/div>\n<\/div>\n<p><h2><strong>El mercado de pases de Quilmes<\/strong><\/h2>\n<\/p>\n<div class=\"custom-text \" readability=\"38\">\n<p>Sumado a la mencionada incorporaci\u00f3n de Juan Cruz Kaprof, <strong>el Cervecero tambi\u00e9n anunci\u00f3 a Mariano Santiago,<\/strong> volante de 24 a\u00f1os proveniente en calidad de pr\u00e9stamo hasta fines del 2026. Mientras no se oficialice al nuevo entrenador (Anibal Biggeri, Ariel Broggi y Rodrigo Bra\u00f1a son candidatos) parece d\u00edficil que haya novedades y hay tiempo hasta el jueves 19 de junio a las 18 horas. <\/p>\n<\/div>\n<div class=\"sc-e7b891c4-0 ifHnQL image-embed\"><img alt=\"Mariano Santiago es refuerzo del Cervecero (Foto: Prensa Quilmes)\" loading=\"lazy\" width=\"720\" height=\"100\" decoding=\"async\" data-nimg=\"1\" src=\"http:\/\/cordobadirecto.com\/wp-content\/uploads\/2025\/06\/salio-de-river-hizo-un-gol-en-una-final-fue-campeon-de-la-libertadores-y-es-nuevo-refuerzo-de-quilmes-1.jpg\"><span class=\"epigraphe\">Mariano Santiago es refuerzo del Cervecero (Foto: Prensa Quilmes)<\/span><\/div>\n<div class=\"sc-a7166897-0 eoLsBE\" readability=\"6\">\n<section readability=\"2\"><picture><img alt=\"Video: el primer gol de River en el Mundial de Clubes\" loading=\"lazy\" width=\"290\" height=\"290\" decoding=\"async\" data-nimg=\"1\" src=\"http:\/\/cordobadirecto.com\/wp-content\/uploads\/2025\/06\/salio-de-river-hizo-un-gol-en-una-final-fue-campeon-de-la-libertadores-y-es-nuevo-refuerzo-de-quilmes-2.jpg\"><\/picture>\n<p><span>Mir\u00e1 tambi\u00e9n<\/span><\/p>\n<hr>\n<h3>Video: el primer gol de River en el Mundial de Clubes<\/h3>\n<\/p>\n<\/section>\n<\/div>\n<div class=\"sc-a7166897-0 eoLsBE\" readability=\"6\">\n<section readability=\"2\"><picture><img alt=\"Video: la reacci\u00f3n de los hinchas de River con Mastantuono\" loading=\"lazy\" width=\"290\" height=\"290\" decoding=\"async\" data-nimg=\"1\" src=\"http:\/\/cordobadirecto.com\/wp-content\/uploads\/2025\/06\/salio-de-river-hizo-un-gol-en-una-final-fue-campeon-de-la-libertadores-y-es-nuevo-refuerzo-de-quilmes-3.jpg\"><\/picture>\n<p><span>Mir\u00e1 tambi\u00e9n<\/span><\/p>\n<hr>\n<h3>Video: la reacci\u00f3n de los hinchas de River con Mastantuono<\/h3>\n<\/p>\n<\/section>\n<\/div>\n<\/div>\n","protected":false},"excerpt":{"rendered":"<p>17\/06\/2025 17:57hs. Actualizado al 17\/06\/2025 18:02hs. Horas turbulentas se viven en Quilmes. Y no es para menos, porque el Cervecero no gana hace ocho partidos, est\u00e1 afuera del Reducido de la Primera Nacional y, tras la derrota del viernes por 2-1 ante Gimnasia y Tiro de Salta, Sergio Rondina dej\u00f3 de ser el entrenador luego [&hellip;]<\/p>\n","protected":false},"author":1,"featured_media":168807,"comment_status":"closed","ping_status":"closed","sticky":false,"template":"","format":"standard","meta":[],"categories":[21],"tags":[],"_links":{"self":[{"href":"http:\/\/cordobadirecto.com\/index.php\/wp-json\/wp\/v2\/posts\/168806"}],"collection":[{"href":"http:\/\/cordobadirecto.com\/index.php\/wp-json\/wp\/v2\/posts"}],"about":[{"href":"http:\/\/cordobadirecto.com\/index.php\/wp-json\/wp\/v2\/types\/post"}],"author":[{"embeddable":true,"href":"http:\/\/cordobadirecto.com\/index.php\/wp-json\/wp\/v2\/users\/1"}],"replies":[{"embeddable":true,"href":"http:\/\/cordobadirecto.com\/index.php\/wp-json\/wp\/v2\/comments?post=168806"}],"version-history":[{"count":0,"href":"http:\/\/cordobadirecto.com\/index.php\/wp-json\/wp\/v2\/posts\/168806\/revisions"}],"wp:featuredmedia":[{"embeddable":true,"href":"http:\/\/cordobadirecto.com\/index.php\/wp-json\/wp\/v2\/media\/168807"}],"wp:attachment":[{"href":"http:\/\/cordobadirecto.com\/index.php\/wp-json\/wp\/v2\/media?parent=168806"}],"wp:term":[{"taxonomy":"category","embeddable":true,"href":"http:\/\/cordobadirecto.com\/index.php\/wp-json\/wp\/v2\/categories?post=168806"},{"taxonomy":"post_tag","embeddable":true,"href":"http:\/\/cordobadirecto.com\/index.php\/wp-json\/wp\/v2\/tags?post=168806"}],"curies":[{"name":"wp","href":"https:\/\/api.w.org\/{rel}","templated":true}]}}