{"id":168858,"date":"2025-06-18T17:10:36","date_gmt":"2025-06-18T17:10:36","guid":{"rendered":"https:\/\/www.ole.com.ar\/autos\/preocupacion-gasly-companero-colapinto-renuncia-ceo-alpine-necesito-comprender-significa-equipo_0_sP3hyv9VOV.html"},"modified":"2025-06-18T17:10:36","modified_gmt":"2025-06-18T17:10:36","slug":"la-preocupacion-de-gasly-el-companero-de-colapinto-tras-la-renuncia-del-ceo-de-alpine-necesito-comprender-que-significa-esto-para-el-equipo","status":"publish","type":"post","link":"http:\/\/cordobadirecto.com\/index.php\/2025\/06\/18\/la-preocupacion-de-gasly-el-companero-de-colapinto-tras-la-renuncia-del-ceo-de-alpine-necesito-comprender-que-significa-esto-para-el-equipo\/","title":{"rendered":"La preocupaci\u00f3n de Gasly, el compa\u00f1ero de Colapinto, tras la renuncia del CEO de Alpine: \u201cNecesito comprender qu\u00e9 significa esto para el equipo&#8221;"},"content":{"rendered":"<p><time class=\"createDate\" datetime=\"2025-06-18T14:10:36-03:00\">18\/06\/2025 14:10hs.<\/time><\/p>\n<div id=\"storyBody\">\n<div class=\"custom-text \" readability=\"33.880239520958\">\n<p>Mientras se disputaba el <strong>Gran Premio de Canad\u00e1 de la <a href=\"https:\/\/www.ole.com.ar\/tema\/formula-1.html\" title=\"F\u00f3rmula 1\" alt=\"F\u00f3rmula 1\" class=\"slug\">F\u00f3rmula 1<\/a><\/strong>, cita que tuvo como ganador a <strong><a href=\"https:\/\/www.ole.com.ar\/tema\/george-russell.html\" title=\"George Russell\" alt=\"George Russell\" class=\"slug\">George Russell<\/a><\/strong> (Mercedes), <strong>Renault <\/strong>sorprendi\u00f3 al anunciar<strong> la renuncia <\/strong>de <strong>Luca de Meo como CEO del Grupo<\/strong>. Un bombazo para<strong> <a href=\"https:\/\/www.ole.com.ar\/tema\/alpine.html\" title=\"Alpine\" alt=\"Alpine\" class=\"slug\">Alpine<\/a><\/strong>, la rama deportiva de la marca francesa e, inevitablemente, para sus pilotos, <strong><a href=\"https:\/\/www.ole.com.ar\/tema\/franco-colapinto.html\" title=\"Franco Colapinto\" alt=\"Franco Colapinto\" class=\"slug\">Franco Colapinto<\/a><\/strong> y <strong><a href=\"https:\/\/www.ole.com.ar\/tema\/pierre-gasly.html\" title=\"Pierre Gasly\" alt=\"Pierre Gasly\" class=\"slug\">Pierre Gasly<\/a><\/strong>.<\/p>\n<\/div>\n<div class=\"custom-text \" readability=\"36\">\n<p>Y quien se refiri\u00f3 al tema fue justamente Gasly, quien no s\u00f3lo expres\u00f3 su tristeza por la salida de De Meo, sino que tambi\u00e9n <strong>admiti\u00f3 su necesidad de conocer los motivos de su renuncia y saber c\u00f3mo repercutir\u00e1 este cambio en el equipo. <\/strong><\/p>\n<\/div>\n<div class=\"custom-text \" readability=\"41\">\n<p>\u201cAntes que nada, creo que <strong>necesito tener toda la informaci\u00f3n. <\/strong>Obviamente, <strong>tengo una muy buena relaci\u00f3n con Luca. Fue \u00e9l quien me trajo al equipo<\/strong> y creo que es una persona muy inspiradora, as\u00ed que, obviamente, mi primera reacci\u00f3n es que<strong> me entristece mucho su marcha<\/strong>\u201d, expres\u00f3 Gasly en di\u00e1logo con la prensa. <\/p>\n<\/div>\n<div class=\"custom-text \" readability=\"39\">\n<p>Por otro lado, destac\u00f3: \u201c<strong>Estoy seguro de que tiene buenas razones,<\/strong> y creo que, al final, para <strong>nosotros como equipo<\/strong>, aunque no todo vaya bien ahora mismo, <strong>debemos mantener el enfoque<\/strong>\u201d.<\/p>\n<\/div>\n<div class=\"custom-text \" readability=\"39\">\n<p>Puntualmente sobre c\u00f3mo impactar\u00e1 en el equipo la salida del ex CEO, reconoci\u00f3: <strong>&#8220;Necesito reunirme con la direcci\u00f3n y comprender mejor qu\u00e9 significa esto para el equipo.<\/strong> Pero al final, todos tenemos nuestro trabajo, nuestro rol, y debemos concentrarnos en lo que tenemos que hacer y hacerlo lo mejor posible. <strong>Me reunir\u00e9 con todos&#8221;. <\/strong><\/p>\n<\/div>\n<p><h2><strong>Renunci\u00f3 el mandam\u00e1s de Alpine: \u00bftiene consecuencias para Franco Colapinto?<\/strong><\/h2>\n<\/p>\n<div class=\"custom-text \" readability=\"39.009900990099\">\n<p>Mientras todos los ojos de los hinchas de la F\u00f3rmula 1 estaban puestos en el Gran Premio de Canad\u00e1 -que finalmente gan\u00f3 George Russell con su Mercedes-, <strong>Renault sorprendi\u00f3 en medio de la carrera al anunciar la renuncia de Luca de Meo como CEO del Grupo<\/strong>. El empresario italiano fue una figura clave en la llegada de <strong><a href=\"https:\/\/www.ole.com.ar\/tema\/flavio-briatore.html\" title=\"Flavio Briatore\" alt=\"Flavio Briatore\" class=\"slug\">Flavio Briatore<\/a><\/strong> a Alpine, y este, a su vez, fue quien impuls\u00f3 la incorporaci\u00f3n de Franco Colapinto. Al momento de su arribo a la escuder\u00eda, el propio De Meo hab\u00eda elogiado p\u00fablicamente al pilarense. Su salida podr\u00eda implicar la p\u00e9rdida de un respaldo importante para el pilarense.<\/p>\n<\/div>\n<div class=\"custom-text \" readability=\"39\">\n<p>Mediante este comunicado se anunci\u00f3 la salida del ex mandam\u00e1s: <strong>&#8220;Despu\u00e9s de 5 a\u00f1os al frente del Grupo Renault, Luca de Meo ha anunciado su decisi\u00f3n de dejar el cargo para emprender nuevos retos fuera del sector del autom\u00f3vil<\/strong>. El Consejo de Administraci\u00f3n, presidido por Jean-Dominique Senard, agradeci\u00f3 a Luca de Meo el giro y la transformaci\u00f3n del Grupo Renault, y ha acordado que su marcha se haga efectiva el 15 de julio de 2025. <strong>Luca de Meo seguir\u00e1 desempe\u00f1ando sus funciones hasta esa fecha&#8221;.<\/strong><\/p>\n<\/div>\n<p><h2><strong>\u00bfC\u00f3mo quedar\u00e1 ahora la situaci\u00f3n de Colapinto dentro del equipo?<\/strong><\/h2>\n<\/p>\n<div class=\"custom-text \" readability=\"42\">\n<p>Colapinto, seg\u00fan lo anunciado oficialmente por Alpine en su momento, ten\u00eda previsto manejar el A525 en solo cinco Grandes Premios:<strong> Imola, M\u00f3naco, Barcelona, Canad\u00e1 y Austria<\/strong> (este \u00faltimo del 27 al 29 de junio). Luego de esa tanda, se evaluar\u00e1 su rendimiento para definir si continuar\u00eda en el rol de piloto titular. En ese contexto, <strong>la salida de De Meo -quien fue clave al incorporar a Briatore con el objetivo de devolver a la escuder\u00eda francesa a la lucha por ambos campeonatos del mundo- no representa una buena noticia para los intereses del argentino.<\/strong><\/p>\n<\/div>\n<div class=\"custom-text \" readability=\"40\">\n<p>El ex CEO del Grupo Renault respald\u00f3 la decisi\u00f3n del actual jefe de Alpine de ascender al pilarense como piloto titular,<strong> desplazando a Jack Doohan tras su flojo rendimiento en las primeras presentaciones del a\u00f1o.<\/strong> Incluso, al anunciarse la noticia, elogi\u00f3 p\u00fablicamente al #43: &#8220;Colapinto es un chico incre\u00edble, es muy talentoso, con garra; me gusta mucho&#8221;.<\/p>\n<\/div>\n<p><h2>Qu\u00e9 hab\u00eda dicho De Meo cuando arrib\u00f3 Colapinto a Alpine<\/h2>\n<\/p>\n<div class=\"custom-text \" readability=\"42\">\n<p>En una entrevista para Renault Argentina, el empresario italiano dijo esto sobre Colapinto: <strong>&#8220;Me encanta tener a Franco en el equipo. Creo que es un chico muy talentoso, con ganas y con mucha hambre de ganar. Nuestro trabajo es ponerlo en las mejores condiciones<\/strong>, que vaya agarrando la experiencia necesaria. Est\u00e1 en un buen lugar para obtener todo eso, porque tenemos un proyecto s\u00f3lido. <strong>\u00c9l tiene los medios y todo el apoyo del Grupo Renault. Briatore eligi\u00f3 bien.<\/strong> Vamos a impulsar todo su potencial para que, en el futuro, pueda ser uno de los pilotos de la F\u00f3rmula 1. Los argentinos lo quieren, entonces vamos a aprovechar tambi\u00e9n esa popularidad porque es algo bueno para la marca&#8221;.<\/p>\n<\/div>\n<p><h2><strong>Cu\u00e1ndo vuelve a correr Colapinto en la F1<\/strong><\/h2>\n<\/p>\n<div class=\"custom-text \" readability=\"39\">\n<p>La pr\u00f3xima carrera del calendario de la F\u00f3rmula 1 ser\u00e1 el Gran Premio de Austria, que se disputar\u00e1 en el aut\u00f3dromo Red Bull Ring durante <strong>el fin de semana del 29 de junio<\/strong>, tras una semana libre luego del GP de Canad\u00e1. Ser\u00e1 una fecha tradicional, sin sprint: <strong>la clasificaci\u00f3n se llevar\u00e1 a cabo el s\u00e1bado y la carrera principal, el domingo. <\/strong>Toda la actividad podr\u00e1 seguirse en vivo por Fox Sports y Disney + Premium.<\/p>\n<\/div>\n<div class=\"sc-a7166897-0 eoLsBE\" readability=\"7\">\n<section readability=\"4\"><picture><img alt=\"Para la F\u00f3rmula 1, Franco Colapinto corri\u00f3 bien y Alpine fue uno de los perdedores del \u00faltimo Gran Premio\" loading=\"lazy\" width=\"290\" height=\"290\" decoding=\"async\" data-nimg=\"1\" src=\"http:\/\/cordobadirecto.com\/wp-content\/uploads\/2025\/06\/la-preocupacion-de-gasly-el-companero-de-colapinto-tras-la-renuncia-del-ceo-de-alpine-necesito-comprender-que-significa-esto-para-el-equipo.jpg\"><\/picture>\n<p><span>Mir\u00e1 tambi\u00e9n<\/span><\/p>\n<hr>\n<h3>Para la F\u00f3rmula 1, Franco Colapinto corri\u00f3 bien y Alpine fue uno de los perdedores del \u00faltimo Gran Premio<\/h3>\n<\/p>\n<\/section>\n<\/div>\n<div class=\"sc-a7166897-0 eoLsBE\" readability=\"6\">\n<section readability=\"2\"><picture><img alt=\"Por qu\u00e9 Max Verstappen no fue a la presentaci\u00f3n de la pel\u00edcula de la F\u00f3rmula 1\" loading=\"lazy\" width=\"290\" height=\"290\" decoding=\"async\" data-nimg=\"1\" src=\"http:\/\/cordobadirecto.com\/wp-content\/uploads\/2025\/06\/la-preocupacion-de-gasly-el-companero-de-colapinto-tras-la-renuncia-del-ceo-de-alpine-necesito-comprender-que-significa-esto-para-el-equipo-1.jpg\"><\/picture>\n<p><span>Mir\u00e1 tambi\u00e9n<\/span><\/p>\n<hr>\n<h3>Por qu\u00e9 Max Verstappen no fue a la presentaci\u00f3n de la pel\u00edcula de la F\u00f3rmula 1<\/h3>\n<\/p>\n<\/section>\n<\/div>\n<div class=\"sc-a7166897-0 eoLsBE\" readability=\"6.5\">\n<section readability=\"3\"><picture><img alt=\"Franco Colapinto: m\u00e1s fotos y videos que quedaron del evento de la F\u00f3rmula 1 en Nueva York\" loading=\"lazy\" width=\"290\" height=\"290\" decoding=\"async\" data-nimg=\"1\" src=\"http:\/\/cordobadirecto.com\/wp-content\/uploads\/2025\/06\/la-preocupacion-de-gasly-el-companero-de-colapinto-tras-la-renuncia-del-ceo-de-alpine-necesito-comprender-que-significa-esto-para-el-equipo-2.jpg\"><\/picture>\n<p><span>Mir\u00e1 tambi\u00e9n<\/span><\/p>\n<hr>\n<h3>Franco Colapinto: m\u00e1s fotos y videos que quedaron del evento de la F\u00f3rmula 1 en Nueva York<\/h3>\n<\/p>\n<\/section>\n<\/div>\n<\/div>\n","protected":false},"excerpt":{"rendered":"<p>18\/06\/2025 14:10hs. Mientras se disputaba el Gran Premio de Canad\u00e1 de la F\u00f3rmula 1, cita que tuvo como ganador a George Russell (Mercedes), Renault sorprendi\u00f3 al anunciar la renuncia de Luca de Meo como CEO del Grupo. Un bombazo para Alpine, la rama deportiva de la marca francesa e, inevitablemente, para sus pilotos, Franco Colapinto [&hellip;]<\/p>\n","protected":false},"author":1,"featured_media":168859,"comment_status":"closed","ping_status":"closed","sticky":false,"template":"","format":"standard","meta":[],"categories":[21],"tags":[],"_links":{"self":[{"href":"http:\/\/cordobadirecto.com\/index.php\/wp-json\/wp\/v2\/posts\/168858"}],"collection":[{"href":"http:\/\/cordobadirecto.com\/index.php\/wp-json\/wp\/v2\/posts"}],"about":[{"href":"http:\/\/cordobadirecto.com\/index.php\/wp-json\/wp\/v2\/types\/post"}],"author":[{"embeddable":true,"href":"http:\/\/cordobadirecto.com\/index.php\/wp-json\/wp\/v2\/users\/1"}],"replies":[{"embeddable":true,"href":"http:\/\/cordobadirecto.com\/index.php\/wp-json\/wp\/v2\/comments?post=168858"}],"version-history":[{"count":0,"href":"http:\/\/cordobadirecto.com\/index.php\/wp-json\/wp\/v2\/posts\/168858\/revisions"}],"wp:featuredmedia":[{"embeddable":true,"href":"http:\/\/cordobadirecto.com\/index.php\/wp-json\/wp\/v2\/media\/168859"}],"wp:attachment":[{"href":"http:\/\/cordobadirecto.com\/index.php\/wp-json\/wp\/v2\/media?parent=168858"}],"wp:term":[{"taxonomy":"category","embeddable":true,"href":"http:\/\/cordobadirecto.com\/index.php\/wp-json\/wp\/v2\/categories?post=168858"},{"taxonomy":"post_tag","embeddable":true,"href":"http:\/\/cordobadirecto.com\/index.php\/wp-json\/wp\/v2\/tags?post=168858"}],"curies":[{"name":"wp","href":"https:\/\/api.w.org\/{rel}","templated":true}]}}