{"id":168860,"date":"2025-06-18T00:12:13","date_gmt":"2025-06-18T00:12:13","guid":{"rendered":"https:\/\/www.ole.com.ar\/autos\/f1-the-movie-pelicula-formula-1-estreno-trata-trama-sinopsis-cine-trailer_0_FzQy9QUBIG.html"},"modified":"2025-06-18T00:12:13","modified_gmt":"2025-06-18T00:12:13","slug":"de-que-se-trata-la-pelicula-de-la-f1-con-brad-pitt-como-piloto-veterano","status":"publish","type":"post","link":"http:\/\/cordobadirecto.com\/index.php\/2025\/06\/18\/de-que-se-trata-la-pelicula-de-la-f1-con-brad-pitt-como-piloto-veterano\/","title":{"rendered":"De qu\u00e9 se trata la pel\u00edcula de la F1, con Brad Pitt como piloto veterano"},"content":{"rendered":"<p><time class=\"createDate\" datetime=\"2025-06-17T21:12:13-03:00\">17\/06\/2025 21:12hs.<\/time><\/p>\n<div id=\"storyBody\">\n<div class=\"custom-text \" readability=\"40.37212863706\">\n<p>La <strong><a href=\"https:\/\/www.ole.com.ar\/tema\/formula-1.html\" title=\"F\u00f3rmula 1\" alt=\"F\u00f3rmula 1\" class=\"slug\">F\u00f3rmula 1<\/a><\/strong> se prepara para cruzar una de las l\u00edneas de meta m\u00e1s ambiciosas de su historia y, a la par, Hollywood se mete de lleno en el mundo del automovilismo con una superproducci\u00f3n que buscar\u00e1 capturar la velocidad, el v\u00e9rtigo y la emoci\u00f3n de cada Gran Premio en la gran pantalla. <strong>F1 The Movie<\/strong> (La Pel\u00edcula) cuenta con una de las figuras m\u00e1s importantes del cine: <strong>Brad Pitt<\/strong>, quien protagoniza la cinta dirigida por Joseph Kosinski (Top Gun: Maverick) y acompa\u00f1a en la producci\u00f3n a Jerry Bruckheimer y Lewis Hamilton, el heptacampe\u00f3n de la M\u00e1xima. <strong>\u00bfDe qu\u00e9 trata el filme, que estar\u00e1 en todos los cines del pa\u00eds desde el 26 de junio?<\/strong><\/p>\n<\/div>\n<div class=\"sc-e7b891c4-0 ifHnQL image-embed\"><img alt=\"El arte promocional del largometraje. (Foto: Apple TV+\/AP)\" loading=\"lazy\" width=\"720\" height=\"100\" decoding=\"async\" data-nimg=\"1\" src=\"http:\/\/cordobadirecto.com\/wp-content\/uploads\/2025\/06\/de-que-se-trata-la-pelicula-de-la-f1-con-brad-pitt-como-piloto-veterano.jpg\"><span class=\"epigraphe\">El arte promocional del largometraje. (Foto: Apple TV+\/AP)<\/span><\/div>\n<div class=\"custom-text \" readability=\"42\">\n<p><strong>Sonny Hayes<\/strong> (Brad Pitt) es un popular piloto estadounidense que corri\u00f3 en la categor\u00eda durante la d\u00e9cada de 1990 <strong>hasta que un accidente lo oblig\u00f3 a retirarse<\/strong>, pasarse a otras competiciones y, finalmente, abandonar el oficio por completo. La trama comienza cuando Rub\u00e9n Cervantes (Javier Bardem), ex compa\u00f1ero del protagonista, se pone en contacto con \u00e9l y le propone ser parte de su escuder\u00eda (Apex Grand Prix), <strong>donde actuar\u00e1 como mentor un joven prodigio, el brit\u00e1nico Joshua Pearce<\/strong> (Damson Idris).<\/p>\n<\/div>\n<div class=\"custom-text \" readability=\"40\">\n<p>Por lo que se puede observar en el segundo adelanto que public\u00f3 Warner Bros en sus redes, <strong>el novato no respeta al veterano y lo rebaja por su edad<\/strong>. Por lo tanto, Hayes no s\u00f3lo deber\u00e1 luchar con su retorno<strong> <\/strong>a la F\u00f3rmula 1 y demostrar que a\u00fan est\u00e1 a la altura, sino que<strong> lo har\u00e1 con un compa\u00f1ero conflictivo<\/strong> <strong>al que, adem\u00e1s, deber\u00e1 instruir<\/strong>.<\/p>\n<\/div>\n<div class=\"sc-e7b891c4-0 ifHnQL image-embed\"><img alt=\"Joshua Pearce (Damson Idris) y Brad Pitt (Sonny Hayes). (Foto: Apple TV+\/AP)\" loading=\"lazy\" width=\"720\" height=\"100\" decoding=\"async\" data-nimg=\"1\" src=\"http:\/\/cordobadirecto.com\/wp-content\/uploads\/2025\/06\/de-que-se-trata-la-pelicula-de-la-f1-con-brad-pitt-como-piloto-veterano-1.jpg\"><span class=\"epigraphe\">Joshua Pearce (Damson Idris) y Brad Pitt (Sonny Hayes). (Foto: Apple TV+\/AP)<\/span><\/div>\n<p><h2><strong>De principio a fin, el segundo trailer de la pel\u00edcula de la F1<\/strong><\/h2>\n<\/p>\n<div class=\"sc-734b4696-1 kFfZtB\">\n<div class=\"sc-d00d9e74-0 hnHYbk\" type=\"embed\">\n<div class=\"sc-d00d9e74-1 iKVbz videoText\" id=\"contentTitleembeddTGJL9A1\" type=\"embed\"><svg fill=\"#ffffff\"><symbol id=\"play\" viewBox=\"0 0 512 512\"><path d=\"M512 256C512 397.4 397.4 512 256 512C114.6 512 0 397.4 0 256C0 114.6 114.6 0 256 0C397.4 0 512 114.6 512 256zM176 168V344C176 352.7 180.7 360.7 188.3 364.9C195.8 369.2 205.1 369 212.5 364.5L356.5 276.5C363.6 272.1 368 264.4 368 256C368 247.6 363.6 239.9 356.5 235.5L212.5 147.5C205.1 142.1 195.8 142.8 188.3 147.1C180.7 151.3 176 159.3 176 168V168z\" \/><\/symbol><use xlink:href=\"#play\" \/><\/svg><\/p>\n<div class=\"right\">\n<p>F\u00f3rmula 1<!-- --> &#8211; <span>&nbsp;<\/span><\/p>\n<h2 class=\"title-vid\">El avance oficial de la pel\u00edcula de la F1<\/h2>\n<\/div>\n<\/div>\n<p><span class=\"back\" id=\"spanBackembeddTGJL9A1\"><\/span><\/div>\n<div class=\"JWvideoNota_title\">\n<p>Cr\u00e9ditos: Warner Bros.<\/p>\n<\/div>\n<\/div>\n<p><h2><strong>Varios de los pilotos actuales y de la temporada pasada saldr\u00e1n en la pel\u00edcula: \u00bfqui\u00e9nes son?<\/strong><\/h2>\n<\/p>\n<div class=\"custom-text \" readability=\"39.122710622711\">\n<p>En el mencionado avance, una de las escenas que m\u00e1s llam\u00f3 la atenci\u00f3n de los espectadores fue cuando Hayes y Pearce se plantaron en la tradicional fila que forman los pilotos al momento de escuchar el himno del pa\u00eds en el que corren. A la derecha de estos, se puede ver a los volantes de Red Bull del a\u00f1o pasado, <strong>Max Verstappen y Sergio P\u00e9rez<\/strong>, adem\u00e1s de <strong>Fernando Alonso<\/strong> y los dos de Ferrari, <strong>Carlos Sainz y Charles Leclerc<\/strong>. M\u00e1s al fondo est\u00e1 <strong>Alexander Albon<\/strong>, ex compa\u00f1ero de un Franco Colapinto que asisti\u00f3 al <a href=\"https:\/\/www.ole.com.ar\/autos\/franco-colapinto-premiere-pelicula-f1-formula-1-times-square-brad-pitt_0_VLEUIIQLv6.html\" target=\"_self\" title=\"quien dijo presente en la avant premiere del filme.\" alt=\"quien dijo presente en la avant premiere del filme.\" rel=\"noopener\">avant premiere del filme.<\/a><\/p>\n<\/div>\n<div class=\"sc-e7b891c4-0 ifHnQL image-embed\"><img alt=\"Verstappen, Checo, Alonso, Sainz, Leclerc y Albon, presentes en la pel\u00edcula. (Foto: Warner Bros)\" loading=\"lazy\" width=\"720\" height=\"100\" decoding=\"async\" data-nimg=\"1\" src=\"http:\/\/cordobadirecto.com\/wp-content\/uploads\/2025\/06\/de-que-se-trata-la-pelicula-de-la-f1-con-brad-pitt-como-piloto-veterano-2.jpg\"><span class=\"epigraphe\">Verstappen, Checo, Alonso, Sainz, Leclerc y Albon, presentes en la pel\u00edcula. (Foto: Warner Bros)<\/span><\/div>\n<div class=\"custom-text \" readability=\"51\">\n<p>En el adelanto que public\u00f3 Warner Bros China, el cual es levemente diferente al de occidente,<strong> se lo puede ver a Sainz caminando junto a los protagonistas.<\/strong> Adem\u00e1s del espa\u00f1ol, se prev\u00e9 que hagan su debut en la gran pantalla Lewis Hamilton, George Russell, Lando Norris, Oscar Piastri, Lance Stroll, Pierre Gasly (compa\u00f1ero de Colapinto en Alpine), Esteban Ocon, Yuki Tsunoda, Liam Lawson, Nicolas Hulkenberg y algunos que ya no forman parte de la grilla, como <strong>Daniel Ricciardo, Valtteri Bottas, Zhou Guanyu, Kevin Magnussen y Logan Sargeant.<\/strong><\/p>\n<\/div>\n<div class=\"sc-e7b891c4-0 ifHnQL image-embed\"><img alt=\"Sainz, detr\u00e1s de Brad Pitt y Damson Idris. (Foto: Warner Bros China)\" loading=\"lazy\" width=\"720\" height=\"100\" decoding=\"async\" data-nimg=\"1\" src=\"http:\/\/cordobadirecto.com\/wp-content\/uploads\/2025\/06\/de-que-se-trata-la-pelicula-de-la-f1-con-brad-pitt-como-piloto-veterano-3.jpg\"><span class=\"epigraphe\">Sainz, detr\u00e1s de Brad Pitt y Damson Idris. (Foto: Warner Bros China)<\/span><\/div>\n<div class=\"sc-a7166897-0 eoLsBE\" readability=\"7\">\n<section readability=\"4\"><picture><img alt=\"Para la F\u00f3rmula 1, Franco Colapinto corri\u00f3 bien y Alpine fue uno de los perdedores del \u00faltimo Gran Premio\" loading=\"lazy\" width=\"290\" height=\"290\" decoding=\"async\" data-nimg=\"1\" src=\"http:\/\/cordobadirecto.com\/wp-content\/uploads\/2025\/06\/de-que-se-trata-la-pelicula-de-la-f1-con-brad-pitt-como-piloto-veterano-4.jpg\"><\/picture>\n<p><span>Mir\u00e1 tambi\u00e9n<\/span><\/p>\n<hr>\n<h3>Para la F\u00f3rmula 1, Franco Colapinto corri\u00f3 bien y Alpine fue uno de los perdedores del \u00faltimo Gran Premio<\/h3>\n<\/p>\n<\/section>\n<\/div>\n<div class=\"sc-a7166897-0 eoLsBE\" readability=\"6.5\">\n<section readability=\"3\"><picture><img alt=\"Franco Colapinto: m\u00e1s fotos y videos que quedaron del evento de la F\u00f3rmula 1 en Nueva York\" loading=\"lazy\" width=\"290\" height=\"290\" decoding=\"async\" data-nimg=\"1\" src=\"http:\/\/cordobadirecto.com\/wp-content\/uploads\/2025\/06\/de-que-se-trata-la-pelicula-de-la-f1-con-brad-pitt-como-piloto-veterano-5.jpg\"><\/picture>\n<p><span>Mir\u00e1 tambi\u00e9n<\/span><\/p>\n<hr>\n<h3>Franco Colapinto: m\u00e1s fotos y videos que quedaron del evento de la F\u00f3rmula 1 en Nueva York<\/h3>\n<\/p>\n<\/section>\n<\/div>\n<div class=\"sc-a7166897-0 eoLsBE\" readability=\"6\">\n<section readability=\"2\"><picture><img alt=\"Por qu\u00e9 Max Verstappen no fue a la presentaci\u00f3n de la pel\u00edcula de la F\u00f3rmula 1\" loading=\"lazy\" width=\"290\" height=\"290\" decoding=\"async\" data-nimg=\"1\" src=\"http:\/\/cordobadirecto.com\/wp-content\/uploads\/2025\/06\/de-que-se-trata-la-pelicula-de-la-f1-con-brad-pitt-como-piloto-veterano-6.jpg\"><\/picture>\n<p><span>Mir\u00e1 tambi\u00e9n<\/span><\/p>\n<hr>\n<h3>Por qu\u00e9 Max Verstappen no fue a la presentaci\u00f3n de la pel\u00edcula de la F\u00f3rmula 1<\/h3>\n<\/p>\n<\/section>\n<\/div>\n<\/div>\n","protected":false},"excerpt":{"rendered":"<p>17\/06\/2025 21:12hs. La F\u00f3rmula 1 se prepara para cruzar una de las l\u00edneas de meta m\u00e1s ambiciosas de su historia y, a la par, Hollywood se mete de lleno en el mundo del automovilismo con una superproducci\u00f3n que buscar\u00e1 capturar la velocidad, el v\u00e9rtigo y la emoci\u00f3n de cada Gran Premio en la gran pantalla. [&hellip;]<\/p>\n","protected":false},"author":1,"featured_media":168861,"comment_status":"closed","ping_status":"closed","sticky":false,"template":"","format":"standard","meta":[],"categories":[21],"tags":[],"_links":{"self":[{"href":"http:\/\/cordobadirecto.com\/index.php\/wp-json\/wp\/v2\/posts\/168860"}],"collection":[{"href":"http:\/\/cordobadirecto.com\/index.php\/wp-json\/wp\/v2\/posts"}],"about":[{"href":"http:\/\/cordobadirecto.com\/index.php\/wp-json\/wp\/v2\/types\/post"}],"author":[{"embeddable":true,"href":"http:\/\/cordobadirecto.com\/index.php\/wp-json\/wp\/v2\/users\/1"}],"replies":[{"embeddable":true,"href":"http:\/\/cordobadirecto.com\/index.php\/wp-json\/wp\/v2\/comments?post=168860"}],"version-history":[{"count":0,"href":"http:\/\/cordobadirecto.com\/index.php\/wp-json\/wp\/v2\/posts\/168860\/revisions"}],"wp:featuredmedia":[{"embeddable":true,"href":"http:\/\/cordobadirecto.com\/index.php\/wp-json\/wp\/v2\/media\/168861"}],"wp:attachment":[{"href":"http:\/\/cordobadirecto.com\/index.php\/wp-json\/wp\/v2\/media?parent=168860"}],"wp:term":[{"taxonomy":"category","embeddable":true,"href":"http:\/\/cordobadirecto.com\/index.php\/wp-json\/wp\/v2\/categories?post=168860"},{"taxonomy":"post_tag","embeddable":true,"href":"http:\/\/cordobadirecto.com\/index.php\/wp-json\/wp\/v2\/tags?post=168860"}],"curies":[{"name":"wp","href":"https:\/\/api.w.org\/{rel}","templated":true}]}}