{"id":168876,"date":"2025-06-19T15:30:40","date_gmt":"2025-06-19T15:30:40","guid":{"rendered":"https:\/\/cordoba.gob.ar\/?p=78751"},"modified":"2025-06-19T15:30:40","modified_gmt":"2025-06-19T15:30:40","slug":"museo-de-la-industria-exposicion-de-motos-pumas-a-73-anos-de-las-primeras-unidades","status":"publish","type":"post","link":"http:\/\/cordobadirecto.com\/index.php\/2025\/06\/19\/museo-de-la-industria-exposicion-de-motos-pumas-a-73-anos-de-las-primeras-unidades\/","title":{"rendered":"Museo de la Industria: exposici\u00f3n de \u201cMotos Pumas\u201d a 73 a\u00f1os de las primeras unidades"},"content":{"rendered":"<div><img src=\"http:\/\/cordobadirecto.com\/wp-content\/uploads\/2025\/06\/museo-de-la-industria-exposicion-de-motos-pumas-a-73-anos-de-las-primeras-unidades.jpg\" class=\"ff-og-image-inserted\"><\/div>\n<ul class=\"ak-ul\" data-prosemirror-content-type=\"node\" data-prosemirror-node-name=\"bulletList\" data-prosemirror-node-block=\"true\" readability=\"2\">\n<li data-prosemirror-content-type=\"node\" data-prosemirror-node-name=\"listItem\" data-prosemirror-node-block=\"true\" readability=\"1\">\n<p data-prosemirror-content-type=\"node\" data-prosemirror-node-name=\"paragraph\" data-prosemirror-node-block=\"true\"><strong>Ser\u00e1 este viernes, s\u00e1bado y domingo de 9:00 a 19:00 horas, con acceso p\u00fablico y gratuito.<\/strong><\/p>\n<\/li>\n<li data-prosemirror-content-type=\"node\" data-prosemirror-node-name=\"listItem\" data-prosemirror-node-block=\"true\" readability=\"3\">\n<p data-prosemirror-content-type=\"node\" data-prosemirror-node-name=\"paragraph\" data-prosemirror-node-block=\"true\"><strong>Adem\u00e1s se podr\u00e1 disfrutar de la muestra \u201cOficios en dos ruedas\u201d, que transita los 100 a\u00f1os de historia de la bicicleta y sus diferentes usos como el panadero, el afilador de cuchillo y el cartero.<\/strong><\/p>\n<\/li>\n<\/ul>\n<hr>\n<p data-prosemirror-content-type=\"node\" data-prosemirror-node-name=\"paragraph\" data-prosemirror-node-block=\"true\">El Museo de la Industria de la Municipalidad de C\u00f3rdoba ofrecer\u00e1 este fin de semana largo la \u201cExposici\u00f3n Est\u00e1tica de Motos Pumas y Especial Sport Justicialista\u201d. La misma destaca la historia de la moto Puma, una mezcla de innovaci\u00f3n, adaptaci\u00f3n y el impacto de las pol\u00edticas econ\u00f3micas y sociales de su tiempo.<\/p>\n<p data-prosemirror-content-type=\"node\" data-prosemirror-node-name=\"paragraph\" data-prosemirror-node-block=\"true\">Est\u00e1 abierta en el horario de 9:00 a 19:00 horas en la sede del Museo (Libertad 1130) con entrada libre y gratuita.<\/p>\n<p data-prosemirror-content-type=\"node\" data-prosemirror-node-name=\"paragraph\" data-prosemirror-node-block=\"true\">La actividad se da con motivo de con motivo de cumplirse este mes de junio 73 a\u00f1os del comienzo de su producci\u00f3n, desde las primeras 20 pre-series, para su posterior an\u00e1lisis y evaluaci\u00f3n, hasta su producci\u00f3n en masa en la f\u00e1brica de \u00abMotos Pumas\u00bb, ubicada en la ruta de camino a Villa Carlos Paz.<\/p>\n<p data-prosemirror-content-type=\"node\" data-prosemirror-node-name=\"paragraph\" data-prosemirror-node-block=\"true\">De all\u00ed nace la primera serie de Puma, que ten\u00eda como objetivo convertirse en la mejor alternativa de movilidad para los trabajadores de la \u00e9poca.<\/p>\n<p data-prosemirror-content-type=\"node\" data-prosemirror-node-name=\"paragraph\" data-prosemirror-node-block=\"true\">Estar\u00e1n exhibidas 30 motocicletas de la Asociaci\u00f3n Civil Motoclub Puma C\u00f3rdoba, en la que podr\u00e1n apreciarse dos pre-series del 1952 (la n\u00famero 7 y la n\u00famero 18).<\/p>\n<p data-prosemirror-content-type=\"node\" data-prosemirror-node-name=\"paragraph\" data-prosemirror-node-block=\"true\">Asimismo, acompa\u00f1an en esa exposici\u00f3n un \u00abSport justicialista\u00bb, un veh\u00edculo desarrollado de avanzada para su \u00e9poca con carrocer\u00eda de pol\u00edmeros compuestos de muy bajo peso y alta resistencia.<\/p>\n<p data-prosemirror-content-type=\"node\" data-prosemirror-node-name=\"paragraph\" data-prosemirror-node-block=\"true\"><strong data-prosemirror-content-type=\"mark\" data-prosemirror-mark-name=\"strong\">Oficios en dos ruedas<\/strong><\/p>\n<p data-prosemirror-content-type=\"node\" data-prosemirror-node-name=\"paragraph\" data-prosemirror-node-block=\"true\">A su vez conviven en esta muestra transitoria la exposici\u00f3n de oficios en dos ruedas del arquitecto Dar\u00edo Nastrai. La muestra recupera casi 100 a\u00f1os de historia de la bicicleta, exponiendo m\u00e1s de una veintena de bicicletas dedicadas al deporte la competici\u00f3n, el paseo, recreaci\u00f3n y oficios.<\/p>\n<p data-prosemirror-content-type=\"node\" data-prosemirror-node-name=\"paragraph\" data-prosemirror-node-block=\"true\">El panadero, el afilador de cuchillo, el cartero, y un peque\u00f1o sector que recrea un taller de bicicletas, complementa esta muestra est\u00e1tica pasando por distintos modelos y estilos de bicicletas (inglesas, italianas, entre otros pa\u00edses) y una bicicleta automoto, id\u00e9ntica a la ganadora del tour de France, en los a\u00f1os 1924, 25 y 26.<\/p>\n","protected":false},"excerpt":{"rendered":"<p>Ser\u00e1 este viernes, s\u00e1bado y domingo de 9:00 a 19:00 horas, con acceso p\u00fablico y gratuito. Adem\u00e1s se podr\u00e1 disfrutar de la muestra \u201cOficios en dos ruedas\u201d, que transita los 100 a\u00f1os de historia de la bicicleta y sus diferentes usos como el panadero, el afilador de cuchillo y el cartero. El Museo de la [&hellip;]<\/p>\n","protected":false},"author":1,"featured_media":168877,"comment_status":"closed","ping_status":"closed","sticky":false,"template":"","format":"standard","meta":[],"categories":[44],"tags":[],"_links":{"self":[{"href":"http:\/\/cordobadirecto.com\/index.php\/wp-json\/wp\/v2\/posts\/168876"}],"collection":[{"href":"http:\/\/cordobadirecto.com\/index.php\/wp-json\/wp\/v2\/posts"}],"about":[{"href":"http:\/\/cordobadirecto.com\/index.php\/wp-json\/wp\/v2\/types\/post"}],"author":[{"embeddable":true,"href":"http:\/\/cordobadirecto.com\/index.php\/wp-json\/wp\/v2\/users\/1"}],"replies":[{"embeddable":true,"href":"http:\/\/cordobadirecto.com\/index.php\/wp-json\/wp\/v2\/comments?post=168876"}],"version-history":[{"count":0,"href":"http:\/\/cordobadirecto.com\/index.php\/wp-json\/wp\/v2\/posts\/168876\/revisions"}],"wp:featuredmedia":[{"embeddable":true,"href":"http:\/\/cordobadirecto.com\/index.php\/wp-json\/wp\/v2\/media\/168877"}],"wp:attachment":[{"href":"http:\/\/cordobadirecto.com\/index.php\/wp-json\/wp\/v2\/media?parent=168876"}],"wp:term":[{"taxonomy":"category","embeddable":true,"href":"http:\/\/cordobadirecto.com\/index.php\/wp-json\/wp\/v2\/categories?post=168876"},{"taxonomy":"post_tag","embeddable":true,"href":"http:\/\/cordobadirecto.com\/index.php\/wp-json\/wp\/v2\/tags?post=168876"}],"curies":[{"name":"wp","href":"https:\/\/api.w.org\/{rel}","templated":true}]}}