{"id":168878,"date":"2025-06-18T22:40:41","date_gmt":"2025-06-18T22:40:41","guid":{"rendered":"https:\/\/cordoba.gob.ar\/?p=78746"},"modified":"2025-06-18T22:40:41","modified_gmt":"2025-06-18T22:40:41","slug":"tablada-park-con-mayor-y-mejor-iluminacion-passerini-inauguro-la-obra-led-junto-a-vecinos-y-vecinas","status":"publish","type":"post","link":"http:\/\/cordobadirecto.com\/index.php\/2025\/06\/18\/tablada-park-con-mayor-y-mejor-iluminacion-passerini-inauguro-la-obra-led-junto-a-vecinos-y-vecinas\/","title":{"rendered":"Tablada Park, con mayor y mejor iluminaci\u00f3n: Passerini inaugur\u00f3 la obra LED junto a vecinos y vecinas"},"content":{"rendered":"<div><img src=\"http:\/\/cordobadirecto.com\/wp-content\/uploads\/2025\/06\/tablada-park-con-mayor-y-mejor-iluminacion-passerini-inauguro-la-obra-led-junto-a-vecinos-y-vecinas.jpg\" class=\"ff-og-image-inserted\"><\/div>\n<p>El intendente Daniel Passerini estuvo presente en la zona noroeste, acompa\u00f1ado de cordobesas y cordobeses de barrio Tablada Park. En el lugar, inaugur\u00f3 las obras de alumbrado p\u00fablico que forman parte del plan de recambio de l\u00e1mparas de sodio por LED que se ejecuta en distintos puntos de la ciudad.<\/p>\n<p>Las 34 cuadras del sector ahora tienen mejor luminosidad. Tablada Park se encuentra en la zona noroeste de la ciudad, delimitado por las calles Rodr\u00edguez del Busto, Juan Batlle Planas, Lino Spilimbergo, Gregorio de Laferrere, Av. Rafael N\u00fa\u00f1ez y Emilio Pettoruti.<\/p>\n<p>Las LED brindan mayor luminosidad, incrementando el atractivo de un cuadrante con numerosos espacios gastron\u00f3micos y aportando a la seguridad en los alrededores de espacios concurridos como la instituci\u00f3n de salud C\u00f3rdoba Medical Center, el servicios de urgencias M\u00e1rquez Salud, el jard\u00edn maternal \u201cRuth Harf\u201d, escuelas de ingl\u00e9s, establecimientos deportivos, la plaza Luz Vieira M\u00e9ndez, entre otras que dan vida al sector.<\/p>\n<p>Los trabajos comprendieron la instalaci\u00f3n de 134 nuevas luminarias LED y postes de madera, y la proyecci\u00f3n de tres nuevos tableros el\u00e9ctricos, garantizando un sistema de alumbrado m\u00e1s moderno, eficiente y seguro.<\/p>\n<p>En la inauguraci\u00f3n estuvo presente el ministro de Seguridad de la Provincia de C\u00f3rdoba, Juan Pablo Quinteros.<\/p>\n<p>Estas obras no solo mejoran la calidad del servicio, sino que tambi\u00e9n fortalecen la seguridad en la v\u00eda p\u00fablica, promueven el ahorro energ\u00e9tico y elevan la calidad de vida de los vecinos.<\/p>\n","protected":false},"excerpt":{"rendered":"<p>El intendente Daniel Passerini estuvo presente en la zona noroeste, acompa\u00f1ado de cordobesas y cordobeses de barrio Tablada Park. En el lugar, inaugur\u00f3 las obras de alumbrado p\u00fablico que forman parte del plan de recambio de l\u00e1mparas de sodio por LED que se ejecuta en distintos puntos de la ciudad. Las 34 cuadras del sector [&hellip;]<\/p>\n","protected":false},"author":1,"featured_media":168879,"comment_status":"closed","ping_status":"closed","sticky":false,"template":"","format":"standard","meta":[],"categories":[44],"tags":[],"_links":{"self":[{"href":"http:\/\/cordobadirecto.com\/index.php\/wp-json\/wp\/v2\/posts\/168878"}],"collection":[{"href":"http:\/\/cordobadirecto.com\/index.php\/wp-json\/wp\/v2\/posts"}],"about":[{"href":"http:\/\/cordobadirecto.com\/index.php\/wp-json\/wp\/v2\/types\/post"}],"author":[{"embeddable":true,"href":"http:\/\/cordobadirecto.com\/index.php\/wp-json\/wp\/v2\/users\/1"}],"replies":[{"embeddable":true,"href":"http:\/\/cordobadirecto.com\/index.php\/wp-json\/wp\/v2\/comments?post=168878"}],"version-history":[{"count":0,"href":"http:\/\/cordobadirecto.com\/index.php\/wp-json\/wp\/v2\/posts\/168878\/revisions"}],"wp:featuredmedia":[{"embeddable":true,"href":"http:\/\/cordobadirecto.com\/index.php\/wp-json\/wp\/v2\/media\/168879"}],"wp:attachment":[{"href":"http:\/\/cordobadirecto.com\/index.php\/wp-json\/wp\/v2\/media?parent=168878"}],"wp:term":[{"taxonomy":"category","embeddable":true,"href":"http:\/\/cordobadirecto.com\/index.php\/wp-json\/wp\/v2\/categories?post=168878"},{"taxonomy":"post_tag","embeddable":true,"href":"http:\/\/cordobadirecto.com\/index.php\/wp-json\/wp\/v2\/tags?post=168878"}],"curies":[{"name":"wp","href":"https:\/\/api.w.org\/{rel}","templated":true}]}}