{"id":168914,"date":"2025-06-19T20:02:22","date_gmt":"2025-06-19T20:02:22","guid":{"rendered":"https:\/\/www.ole.com.ar\/autos\/franco-colapinto-analiza-gp-austria-puntos-fuertes-debiles-alpine_0_ulakIqTR4x.html"},"modified":"2025-06-19T20:02:22","modified_gmt":"2025-06-19T20:02:22","slug":"colapinto-analiza-el-gp-de-austria-puntos-fuertes-y-debiles-del-alpine","status":"publish","type":"post","link":"http:\/\/cordobadirecto.com\/index.php\/2025\/06\/19\/colapinto-analiza-el-gp-de-austria-puntos-fuertes-y-debiles-del-alpine\/","title":{"rendered":"Colapinto analiza el GP de Austria: puntos fuertes y d\u00e9biles del Alpine"},"content":{"rendered":"<p><time class=\"createDate\" datetime=\"2025-06-19T17:02:22-03:00\">19\/06\/2025 17:02hs.<\/time><\/p>\n<div id=\"storyBody\">\n<div class=\"custom-text \" readability=\"38\">\n<p><strong>Franco Colapinto vivi\u00f3 su mejor fin de semana a bordo del <\/strong>Alpine en t\u00e9rminos de rendimiento, durante el reciente Gran Premio de Canad\u00e1 en el circuito Gilles Villeneuve. Ah\u00ed, el pilarense destac\u00f3 lo exigente que fue tanto atacar como defenderse en un trazado que premia la potencia del motor, <strong>aunque rescat\u00f3 un punto positivo del auto que podr\u00eda repetirse en la pr\u00f3xima cita del calendario.<\/strong><\/p>\n<\/div>\n<div class=\"custom-text \" readability=\"39\">\n<p>De cara al Gran Premio de Austria, que se correr\u00e1 del 27- 29 de junio en el Red Bull Ring, el panorama para el team frans\u00e9s se presenta desafiante debido a las tres largas rectas en el inicio del circuito. <strong>Sin embargo, Colapinto conf\u00eda en que ciertas caracter\u00edsticas del monoplaza pueden marcar la diferencia,<\/strong> en un trazado donde adem\u00e1s supo brillar en su etapa formativa antes de llegar a la F\u00f3rmula 1.<\/p>\n<\/div>\n<p><h2><strong>Qu\u00e9 dijo Colapinto del GP de Austria<\/strong><\/h2>\n<\/p>\n<div class=\"custom-text \" readability=\"39\">\n<p><strong>Colapinto remarc\u00f3 los puntos positivos que presenta el Alpine<\/strong> de cara a los pr\u00f3ximos circuitos del calendario.<strong> \u201cCreo que se vienen fines de semana mejores\u201d, <\/strong>expres\u00f3 el pilarense quien asegur\u00f3 que prefiere \u201cenfocarse en lo positivo de este fin de semana que pas\u00f3 en Canad\u00e1\u201d. Adem\u00e1s, destac\u00f3 que las giros r\u00e1pidos son un aspecto del auto del que pueden sacar ventaja.<strong> \u201cCreo que somos muy fuertes en las curvas r\u00e1pidas, y Austria est\u00e1 llena de curvas r\u00e1pidas\u201d, subray\u00f3.<\/strong><\/p>\n<\/div>\n<div class=\"sc-e7b891c4-0 ifHnQL image-embed\"><img alt=\"Franco Colapinto en el GP de Canad\u00e1. (FOTO: Alpine)\" loading=\"lazy\" width=\"720\" height=\"100\" decoding=\"async\" data-nimg=\"1\" src=\"http:\/\/cordobadirecto.com\/wp-content\/uploads\/2025\/06\/colapinto-analiza-el-gp-de-austria-puntos-fuertes-y-debiles-del-alpine.jpg\"><span class=\"epigraphe\">Franco Colapinto en el GP de Canad\u00e1. (FOTO: Alpine)<\/span><\/div>\n<div class=\"custom-text \" readability=\"38\">\n<p><strong>A modo de cierre,<\/strong> el #43 analiz\u00f3 el panorama general del equipo: <strong>\u201cSeremos buenos en algunas sectores y en otros no tanto. Solo necesitamos sacar el m\u00e1ximo rendimiento a nuestro paquete y ya veremos\u201d, se\u00f1al\u00f3<\/strong>. Y agreg\u00f3: \u201cCreo que en algunos circuitos llegamos muy fuertes y tenemos un gran fin de semana, y en otros sabemos que vamos a estar un poco por detr\u00e1s y <strong>tenemos que trabajar m\u00e1s duro\u201d.<\/strong><\/p>\n<\/div>\n<p><h2><strong>Cu\u00e1ndo y por d\u00f3nde ver el GP de Austria<\/strong><\/h2>\n<\/p>\n<div class=\"custom-text \" readability=\"38\">\n<p><strong>La actividad del GP de Austria comenzar\u00e1 el viernes 28 de junio con los primeros entrenamientos: <\/strong>la FP1 ser\u00e1 a las 8.30 y la FP2 a las 12. El s\u00e1bado continuar\u00e1 con la FP3 desde las 7.30 <strong>y la clasificaci\u00f3n, siempre exigente, a partir de las 11. <\/strong>Finalmente,<strong> la carrera se disputar\u00e1 el domingo 29 a las 10. <\/strong>Toda la acci\u00f3n podr\u00e1 verse en vivo <strong>por Fox Sports y Disney+.<\/strong><\/p>\n<\/div>\n<div class=\"sc-e7b891c4-0 ifHnQL image-embed\"><img alt=\"Colapinto durante la clasificaci\u00f3n del GP de Canad\u00e1.\nFoto:@AlpineF1Team - FTP CLARIN @AlpineF1Team.jpg Z Bairo\" loading=\"lazy\" width=\"720\" height=\"100\" decoding=\"async\" data-nimg=\"1\" src=\"http:\/\/cordobadirecto.com\/wp-content\/uploads\/2025\/06\/colapinto-analiza-el-gp-de-austria-puntos-fuertes-y-debiles-del-alpine-1.jpg\"><span class=\"epigraphe\">Colapinto durante la clasificaci\u00f3n del GP de Canad\u00e1.<br \/>\nFoto:@AlpineF1Team &#8211; FTP CLARIN @AlpineF1Team.jpg Z Bairo<\/span><\/div>\n<div class=\"sc-a7166897-0 eoLsBE\" readability=\"6.5\">\n<section readability=\"3\"><picture><img alt=\"Checo P\u00e9rez rompi\u00f3 el silencio en medio de los rumores que lo vinculan con Alpine: qu\u00e9 dijo de Colapinto\" loading=\"lazy\" width=\"290\" height=\"290\" decoding=\"async\" data-nimg=\"1\" src=\"http:\/\/cordobadirecto.com\/wp-content\/uploads\/2025\/06\/colapinto-analiza-el-gp-de-austria-puntos-fuertes-y-debiles-del-alpine-2.jpg\"><\/picture>\n<p><span>Mir\u00e1 tambi\u00e9n<\/span><\/p>\n<hr>\n<h3>Checo P\u00e9rez rompi\u00f3 el silencio en medio de los rumores que lo vinculan con Alpine: qu\u00e9 dijo de Colapinto<\/h3>\n<\/p>\n<\/section>\n<\/div>\n<div class=\"sc-a7166897-0 eoLsBE\" readability=\"7.5\">\n<section readability=\"5\"><picture><img alt=\"La preocupaci\u00f3n de Gasly, el compa\u00f1ero de Colapinto, tras la renuncia del CEO de Alpine: \u201cNecesito comprender qu\u00e9 significa esto para el equipo&quot;\" loading=\"lazy\" width=\"290\" height=\"290\" decoding=\"async\" data-nimg=\"1\" src=\"http:\/\/cordobadirecto.com\/wp-content\/uploads\/2025\/06\/colapinto-analiza-el-gp-de-austria-puntos-fuertes-y-debiles-del-alpine-3.jpg\"><\/picture>\n<p><span>Mir\u00e1 tambi\u00e9n<\/span><\/p>\n<hr>\n<h3>La preocupaci\u00f3n de Gasly, el compa\u00f1ero de Colapinto, tras la renuncia del CEO de Alpine: \u201cNecesito comprender qu\u00e9 significa esto para el equipo&#8221;<\/h3>\n<\/p>\n<\/section>\n<\/div>\n<div class=\"sc-a7166897-0 eoLsBE\" readability=\"6.5\">\n<section readability=\"3\"><picture><img alt=\"De qu\u00e9 se trata la pel\u00edcula de la F1, con Brad Pitt como piloto veterano\" loading=\"lazy\" width=\"290\" height=\"290\" decoding=\"async\" data-nimg=\"1\" src=\"http:\/\/cordobadirecto.com\/wp-content\/uploads\/2025\/06\/colapinto-analiza-el-gp-de-austria-puntos-fuertes-y-debiles-del-alpine-4.jpg\"><\/picture>\n<p><span>Mir\u00e1 tambi\u00e9n<\/span><\/p>\n<hr>\n<h3>De qu\u00e9 se trata la pel\u00edcula de la F1, con Brad Pitt como piloto veterano<\/h3>\n<\/p>\n<\/section>\n<\/div>\n<\/div>\n","protected":false},"excerpt":{"rendered":"<p>19\/06\/2025 17:02hs. Franco Colapinto vivi\u00f3 su mejor fin de semana a bordo del Alpine en t\u00e9rminos de rendimiento, durante el reciente Gran Premio de Canad\u00e1 en el circuito Gilles Villeneuve. Ah\u00ed, el pilarense destac\u00f3 lo exigente que fue tanto atacar como defenderse en un trazado que premia la potencia del motor, aunque rescat\u00f3 un punto [&hellip;]<\/p>\n","protected":false},"author":1,"featured_media":168915,"comment_status":"closed","ping_status":"closed","sticky":false,"template":"","format":"standard","meta":[],"categories":[21],"tags":[],"_links":{"self":[{"href":"http:\/\/cordobadirecto.com\/index.php\/wp-json\/wp\/v2\/posts\/168914"}],"collection":[{"href":"http:\/\/cordobadirecto.com\/index.php\/wp-json\/wp\/v2\/posts"}],"about":[{"href":"http:\/\/cordobadirecto.com\/index.php\/wp-json\/wp\/v2\/types\/post"}],"author":[{"embeddable":true,"href":"http:\/\/cordobadirecto.com\/index.php\/wp-json\/wp\/v2\/users\/1"}],"replies":[{"embeddable":true,"href":"http:\/\/cordobadirecto.com\/index.php\/wp-json\/wp\/v2\/comments?post=168914"}],"version-history":[{"count":0,"href":"http:\/\/cordobadirecto.com\/index.php\/wp-json\/wp\/v2\/posts\/168914\/revisions"}],"wp:featuredmedia":[{"embeddable":true,"href":"http:\/\/cordobadirecto.com\/index.php\/wp-json\/wp\/v2\/media\/168915"}],"wp:attachment":[{"href":"http:\/\/cordobadirecto.com\/index.php\/wp-json\/wp\/v2\/media?parent=168914"}],"wp:term":[{"taxonomy":"category","embeddable":true,"href":"http:\/\/cordobadirecto.com\/index.php\/wp-json\/wp\/v2\/categories?post=168914"},{"taxonomy":"post_tag","embeddable":true,"href":"http:\/\/cordobadirecto.com\/index.php\/wp-json\/wp\/v2\/tags?post=168914"}],"curies":[{"name":"wp","href":"https:\/\/api.w.org\/{rel}","templated":true}]}}