{"id":168918,"date":"2025-06-19T22:01:22","date_gmt":"2025-06-19T22:01:22","guid":{"rendered":"https:\/\/www.ole.com.ar\/futbol-ascenso\/ascenso-primera-nacional-nueva-chicago-independiente-mercado-pases_0_g2JiFO8yRU.html"},"modified":"2025-06-19T22:01:22","modified_gmt":"2025-06-19T22:01:22","slug":"la-joya-de-independiente-que-jugara-en-chicago","status":"publish","type":"post","link":"http:\/\/cordobadirecto.com\/index.php\/2025\/06\/19\/la-joya-de-independiente-que-jugara-en-chicago\/","title":{"rendered":"La joya de Independiente que jugar\u00e1 en Chicago"},"content":{"rendered":"<p><time class=\"createDate\" datetime=\"2025-06-19T17:57:28-03:00\">19\/06\/2025 17:57hs.<\/time><\/p>\n<div id=\"storyBody\">\n<div class=\"custom-text \" readability=\"34.519553072626\">\n<p>Lo que hasta esta hora eran rumores, ya es oficial: <a href=\"https:\/\/www.ole.com.ar\/tema\/nueva-chicago.html\" title=\"Nueva Chicago\" alt=\"Nueva Chicago\" class=\"slug\">Chicago<\/a> lleg\u00f3 a un <strong>acuerdo para que Sergio Ortiz sea nuevo jugador de la instituci\u00f3n<\/strong> en este mercado de pases. El Torito negoci\u00f3 directamente con Independiente, due\u00f1o del pase del volante de 24 a\u00f1os y de \u00faltimo paso por <a href=\"https:\/\/www.ole.com.ar\/tema\/deportivo-riestra.html\" title=\"Deportivo Riestra\" alt=\"Deportivo Riestra\" class=\"slug\">Deportivo Riestra<\/a>. Ya fue<strong> oficializado en las redes sociales de la instituci\u00f3n.<\/strong><\/p>\n<\/div>\n<div class=\"custom-embedhtml\" readability=\"8.0084745762712\">\n<blockquote class=\"twitter-tweet\" readability=\"9.7881355932203\">\n<p lang=\"es\" dir=\"ltr\">\u270d\ud83c\udffc El jugador Sergio Ortiz firm\u00f3 contrato con nuestra instituci\u00f3n.<\/p>\n<p>\u26bd El volante central llega a presentar desde el Club Atl\u00e9tico Independiente y permanecer\u00e1 en Nueva Chicago hasta el 31 de diciembre&nbsp;de&nbsp;2026.<\/p>\n<p>\u00a1Bienvenido Melli, el mayor de los \u00e9xitos! \ud83d\udcaa\ud83c\udffb\ud83d\udc9a\ud83d\udda4 <a href=\"https:\/\/t.co\/hcweYDBfYq\">pic.twitter.com\/hcweYDBfYq<\/a><\/p>\n<p>\u2014 Nueva Chicago (@NuevaChicago) <a href=\"https:\/\/twitter.com\/NuevaChicago\/status\/1935491120630202784?ref_src=twsrc%5Etfw\">June 19, 2025<\/a><\/p><\/blockquote><\/div>\n<div class=\"custom-text \" readability=\"35.660167130919\">\n<p>Sin lugar en el equipo de <a href=\"https:\/\/www.ole.com.ar\/tema\/julio-vaccari.html\" title=\"Julio Vaccari\" alt=\"Julio Vaccari\" class=\"slug\">Julio Vaccari<\/a>, e<strong>l Melli llega a Mataderos para reforzar el mediocampo<\/strong> de un Torito que no la est\u00e1 pasando bien en el Nacional (se ubica 14\u00b0 en la Zona B y mira de reojo el descenso). <strong>Firm\u00f3 contrato por 18 meses, sin cargo y con opci\u00f3n de compra de U$S 800.000 por el 50%<\/strong> y repesca tanto en diciembre del 2025 como junio del 2026. <\/p>\n<\/div>\n<p><h2><strong>La carrera de Sergio Ort\u00edz <\/strong><\/h2>\n<\/p>\n<div class=\"custom-text \" readability=\"36.895238095238\">\n<p>Tras realizar todas las divisiones juveniles y aparecer como una de las joyas del Rey de Copas, el 21 de julio de 2022 debut\u00f3 ante Defensa y Justicia bajo el mandato de <strong><a href=\"https:\/\/www.ole.com.ar\/tema\/ricardo-zielinski.html\" title=\"Ricardo Zielinski\" alt=\"Ricardo Zielinski\" class=\"slug\">Ricardo Zielinski<\/a>, quien fue uno de los det\u00e9s que lo tuvo en cuenta<\/strong>, lo acompa\u00f1\u00f3 en su crecimiento,<strong> <\/strong>pero no pudo permanecer en la titularidad.<\/p>\n<\/div>\n<div class=\"sc-e7b891c4-0 ifHnQL image-embed\"><img alt=\"Postal de Sergio Ortiz en Independiente (CAI)\" loading=\"lazy\" width=\"720\" height=\"100\" decoding=\"async\" data-nimg=\"1\" src=\"http:\/\/cordobadirecto.com\/wp-content\/uploads\/2025\/06\/la-joya-de-independiente-que-jugara-en-chicago.jpg\"><span class=\"epigraphe\">Postal de Sergio Ortiz en Independiente (CAI)<\/span><\/div>\n<div class=\"custom-text \" readability=\"36.977777777778\">\n<p>Sin rodaje en CAI, pas\u00f3 a pr\u00e9stamo por Atl\u00e9tico Tucum\u00e1n, donde tampoco logr\u00f3 asentarse. Por tal motivo, regres\u00f3 al due\u00f1o de su pase y nuevamente, fue cedido, en este caso<strong>, a <a href=\"https:\/\/www.ole.com.ar\/tema\/deportivo-riestra.html\" title=\"Deportivo Riestra\" alt=\"Deportivo Riestra\" class=\"slug\">Deportivo Riestra <\/a>pero tampoco tuvo minutos.<\/strong><\/p>\n<\/div>\n<div class=\"sc-e7b891c4-0 ifHnQL image-embed\"><img alt=\"Sergio Ortiz, con la camiseta del Malevo.\" loading=\"lazy\" width=\"720\" height=\"100\" decoding=\"async\" data-nimg=\"1\" src=\"http:\/\/cordobadirecto.com\/wp-content\/uploads\/2025\/06\/la-joya-de-independiente-que-jugara-en-chicago-1.jpg\"><span class=\"epigraphe\">Sergio Ortiz, con la camiseta del Malevo.<\/span><\/div>\n<p><h2><strong>El mercado de pases de Chicago<\/strong><\/h2>\n<\/p>\n<div class=\"custom-text \" readability=\"36\">\n<p>El Torito ya se movi\u00f3 en el mercado y sum\u00f3 a tres jugadores. <strong>Cerr\u00f3 los fichajes de Juan Mendoza (Brown de Adrogu\u00e9), Francisco Nouet (Trist\u00e1n Su\u00e1rez) y Daniel Abello (Racing de C\u00f3rdoba).<\/strong> Por otro lado, sufri\u00f3 las desvinculaciones contractuales de Gonzalo Soto y Nahuel R\u00f3ldan.<\/p>\n<\/div>\n<div class=\"sc-a7166897-0 eoLsBE\" readability=\"7\">\n<section readability=\"4\"><picture><img alt=\"Resumen, goles y suspensi\u00f3n en Pachuca vs. RB Salzburg, por el Mundial de Clubes\" loading=\"lazy\" width=\"290\" height=\"290\" decoding=\"async\" data-nimg=\"1\" src=\"http:\/\/cordobadirecto.com\/wp-content\/uploads\/2025\/06\/la-joya-de-independiente-que-jugara-en-chicago-2.jpg\"><\/picture>\n<p><span>Mir\u00e1 tambi\u00e9n<\/span><\/p>\n<hr>\n<h3>Resumen, goles y suspensi\u00f3n en Pachuca vs. RB Salzburg, por el Mundial de Clubes<\/h3>\n<\/p>\n<\/section>\n<\/div>\n<div class=\"sc-a7166897-0 eoLsBE\" readability=\"6.5\">\n<section readability=\"3\"><picture><img alt=\"Ranking de entradas del Mundial de Clubes 2025: los partidos m\u00e1s y menos vistos de la fecha 1\" loading=\"lazy\" width=\"290\" height=\"290\" decoding=\"async\" data-nimg=\"1\" src=\"http:\/\/cordobadirecto.com\/wp-content\/uploads\/2025\/06\/la-joya-de-independiente-que-jugara-en-chicago-3.jpg\"><\/picture>\n<p><span>Mir\u00e1 tambi\u00e9n<\/span><\/p>\n<hr>\n<h3>Ranking de entradas del Mundial de Clubes 2025: los partidos m\u00e1s y menos vistos de la fecha 1<\/h3>\n<\/p>\n<\/section>\n<\/div>\n<\/div>\n","protected":false},"excerpt":{"rendered":"<p>19\/06\/2025 17:57hs. Lo que hasta esta hora eran rumores, ya es oficial: Chicago lleg\u00f3 a un acuerdo para que Sergio Ortiz sea nuevo jugador de la instituci\u00f3n en este mercado de pases. El Torito negoci\u00f3 directamente con Independiente, due\u00f1o del pase del volante de 24 a\u00f1os y de \u00faltimo paso por Deportivo Riestra. Ya fue [&hellip;]<\/p>\n","protected":false},"author":1,"featured_media":168919,"comment_status":"closed","ping_status":"closed","sticky":false,"template":"","format":"standard","meta":[],"categories":[21],"tags":[],"_links":{"self":[{"href":"http:\/\/cordobadirecto.com\/index.php\/wp-json\/wp\/v2\/posts\/168918"}],"collection":[{"href":"http:\/\/cordobadirecto.com\/index.php\/wp-json\/wp\/v2\/posts"}],"about":[{"href":"http:\/\/cordobadirecto.com\/index.php\/wp-json\/wp\/v2\/types\/post"}],"author":[{"embeddable":true,"href":"http:\/\/cordobadirecto.com\/index.php\/wp-json\/wp\/v2\/users\/1"}],"replies":[{"embeddable":true,"href":"http:\/\/cordobadirecto.com\/index.php\/wp-json\/wp\/v2\/comments?post=168918"}],"version-history":[{"count":0,"href":"http:\/\/cordobadirecto.com\/index.php\/wp-json\/wp\/v2\/posts\/168918\/revisions"}],"wp:featuredmedia":[{"embeddable":true,"href":"http:\/\/cordobadirecto.com\/index.php\/wp-json\/wp\/v2\/media\/168919"}],"wp:attachment":[{"href":"http:\/\/cordobadirecto.com\/index.php\/wp-json\/wp\/v2\/media?parent=168918"}],"wp:term":[{"taxonomy":"category","embeddable":true,"href":"http:\/\/cordobadirecto.com\/index.php\/wp-json\/wp\/v2\/categories?post=168918"},{"taxonomy":"post_tag","embeddable":true,"href":"http:\/\/cordobadirecto.com\/index.php\/wp-json\/wp\/v2\/tags?post=168918"}],"curies":[{"name":"wp","href":"https:\/\/api.w.org\/{rel}","templated":true}]}}