{"id":168928,"date":"2025-06-20T15:50:34","date_gmt":"2025-06-20T15:50:34","guid":{"rendered":"https:\/\/puntoapunto.com.ar\/?p=374166"},"modified":"2025-06-20T15:50:34","modified_gmt":"2025-06-20T15:50:34","slug":"pymes-en-modo-supervivencia-oportunidades-riesgos-y-las-claves-para-aumentar-la-competitividad","status":"publish","type":"post","link":"http:\/\/cordobadirecto.com\/index.php\/2025\/06\/20\/pymes-en-modo-supervivencia-oportunidades-riesgos-y-las-claves-para-aumentar-la-competitividad\/","title":{"rendered":"PyMEs en modo supervivencia: oportunidades, riesgos y las claves para aumentar la competitividad"},"content":{"rendered":"<p>&nbsp;<!-- \u00a1O bien no hay banners, estan desactivados o no estan programados para esta ubicaci\u00f3n! -->\n<\/p>\n<p>&nbsp;\n<\/p>\n<p>La situaci\u00f3n actual de las PyMEs argentinas genera diagn\u00f3sticos tan contrastantes como reveladores. Por un lado, <strong>Humberto Spaccesi, presidente de <a href=\"https:\/\/apymecordoba.com.ar\/\">Apyme C\u00f3rdoba<\/a>, describe un escenario cr\u00edtico y de emergencia econ\u00f3mica.<\/strong> Por el otro,<strong> Alberto Ragazzani, titular de la C\u00e1mara Argentina de la Micro, Peque\u00f1a y Mediana Empresa (<a href=\"https:\/\/mpm.org.ar\/\">MPM<\/a>), reconoce las dificultades, pero apuesta a una mirada m\u00e1s pragm\u00e1tica,<\/strong> donde la resiliencia y la innovaci\u00f3n se vuelven obligatorias ante un Estado cada vez m\u00e1s ausente.\n<\/p>\n<p>Ambas miradas coinciden en un punto central: el presente PyME est\u00e1 marcado por la transformaci\u00f3n profunda de sus condiciones de supervivencia, y su futuro depender\u00e1 de decisiones pol\u00edticas clave en los pr\u00f3ximos meses.\n<\/p>\n<p><img decoding=\"async\" class=\"size-full wp-image-374167 alignleft\" src=\"http:\/\/cordobadirecto.com\/wp-content\/uploads\/2025\/06\/pymes-en-modo-supervivencia-oportunidades-riesgos-y-las-claves-para-aumentar-la-competitividad.jpg\" alt width=\"230\" height=\"296\" loading=\"lazy\">Desde C\u00f3rdoba, Spaccesi no disimula su alarma. \u201c<strong>La pyme es el reflejo de la sociedad. Si la gente no <a href=\"https:\/\/puntoapunto.com.ar\/el-consumo-no-repunta-comercios-registran-fuertes-caidas-en-ventas-y-rentabilidad\/\">consume<\/a>, nosotros no vendemos\u201d<\/strong>, sentencia. Con el poder adquisitivo en retroceso y una inflaci\u00f3n que a\u00fan golpea los bolsillos, el mercado interno se ha reducido dr\u00e1sticamente. <strong>\u201cNo tenemos a qui\u00e9n vender\u201d,<\/strong> resume.<!-- \u00a1O bien no hay banners, estan desactivados o no estan programados para esta ubicaci\u00f3n! -->\n<\/p>\n<p>Las consecuencias ya se sienten: cierre de emprendimientos, recortes de producci\u00f3n, despidos. Seg\u00fan datos que maneja Apyme, desde el cambio de gobierno ya han cerrado m\u00e1s de <strong>13.000 empresas<\/strong> y se han perdido m\u00e1s de <strong>100.000 <a href=\"https:\/\/puntoapunto.com.ar\/mercado-laboral-argentina-tiene-las-expectativas-de-empleo-mas-bajas-de-la-region\/\">empleos<\/a> formales<\/strong>. \u201cLa destrucci\u00f3n es silenciosa pero sistem\u00e1tica. Est\u00e1n demoliendo la clase media argentina\u201d, denuncia.<\/p>\n<h4><strong>La otra cara de la apertura: oportunidades y riesgos<\/strong><\/h4>\n<p><img loading=\"lazy\" decoding=\"async\" class=\" wp-image-374168 alignleft\" src=\"http:\/\/cordobadirecto.com\/wp-content\/uploads\/2025\/06\/pymes-en-modo-supervivencia-oportunidades-riesgos-y-las-claves-para-aumentar-la-competitividad-1.jpg\" alt width=\"228\" height=\"293\" srcset=\"http:\/\/cordobadirecto.com\/wp-content\/uploads\/2025\/06\/pymes-en-modo-supervivencia-oportunidades-riesgos-y-las-claves-para-aumentar-la-competitividad-1.jpg 253w, http:\/\/cordobadirecto.com\/wp-content\/uploads\/2025\/06\/pymes-en-modo-supervivencia-oportunidades-riesgos-y-las-claves-para-aumentar-la-competitividad-3.jpg 233w\" sizes=\"auto, (max-width: 228px) 100vw, 228px\">Desde MPM, Ragazzani reconoce los desaf\u00edos, pero elige ver en la actual apertura comercial un \u201ccambio de paradigma\u201d que, si bien expone a las PyMEs a una competencia internacional feroz, tambi\u00e9n puede traducirse en beneficios. \u201c<strong>Tenemos acceso a insumos m\u00e1s baratos y una oportunidad de buscar mercados externos.<\/strong> Pero hay que estar en alerta permanente y reinventarse\u201d, explica. \u201cYa no sirve esperar que el Estado resuelva. La mentalidad de depender de subsidios se termin\u00f3\u201d.\n<\/p>\n<p><strong>Competencia desigual y costos que asfixian<\/strong>\n<\/p>\n<p>Spaccesi, en cambio, es contundente al advertir sobre las consecuencias de la <strong>liberalizaci\u00f3n comercial sin control<\/strong>. \u201cNo tenemos miedo a competir en calidad, pero s\u00ed cuando las condiciones son totalmente desiguales\u201d, afirma. Adem\u00e1s, denuncia un incremento \u201cindiscriminado\u201d de los costos energ\u00e9ticos, que muchas PyMEs ya no pueden afrontar.\n<\/p>\n<p>A este panorama se suma \u2014seg\u00fan el dirigente de Apyme\u2014 una <strong>pol\u00edtica econ\u00f3mica que privilegia la especulaci\u00f3n financiera<\/strong> y un modelo extractivista \u201cque entrega los recursos naturales sin dejar nada\u201d.\n<\/p>\n<p><strong>Reformas necesarias y caminos para la competitividad<\/strong>\n<\/p>\n<p>Ambos ejecutivos coinciden en la necesidad urgente de <strong>reformas estructurales<\/strong>:\n<\/p>\n<ul>\n<li>Una <strong>reforma tributaria<\/strong> que alivie la carga sobre la producci\u00f3n.<\/li>\n<li>Una <strong>revisi\u00f3n del impuesto a los ingresos brutos<\/strong>, a\u00fan intocable en muchas provincias.<\/li>\n<li>Una <strong>reforma laboral<\/strong> con reglas claras que incentive la contrataci\u00f3n formal.<\/li>\n<li><strong>Acceso real al cr\u00e9dito<\/strong>, todav\u00eda restringido por tasas altas.<\/li>\n<\/ul>\n<p><img loading=\"lazy\" decoding=\"async\" class=\"aligncenter size-full wp-image-374170\" src=\"http:\/\/cordobadirecto.com\/wp-content\/uploads\/2025\/06\/pymes-en-modo-supervivencia-oportunidades-riesgos-y-las-claves-para-aumentar-la-competitividad-2.jpg\" alt width=\"1280\" height=\"853\" srcset=\"http:\/\/cordobadirecto.com\/wp-content\/uploads\/2025\/06\/pymes-en-modo-supervivencia-oportunidades-riesgos-y-las-claves-para-aumentar-la-competitividad-2.jpg 1280w, http:\/\/cordobadirecto.com\/wp-content\/uploads\/2025\/06\/pymes-en-modo-supervivencia-oportunidades-riesgos-y-las-claves-para-aumentar-la-competitividad-4.jpg 300w, http:\/\/cordobadirecto.com\/wp-content\/uploads\/2025\/06\/pymes-en-modo-supervivencia-oportunidades-riesgos-y-las-claves-para-aumentar-la-competitividad-5.jpg 1024w, http:\/\/cordobadirecto.com\/wp-content\/uploads\/2025\/06\/pymes-en-modo-supervivencia-oportunidades-riesgos-y-las-claves-para-aumentar-la-competitividad-6.jpg 768w, http:\/\/cordobadirecto.com\/wp-content\/uploads\/2025\/06\/pymes-en-modo-supervivencia-oportunidades-riesgos-y-las-claves-para-aumentar-la-competitividad-7.jpg 750w, http:\/\/cordobadirecto.com\/wp-content\/uploads\/2025\/06\/pymes-en-modo-supervivencia-oportunidades-riesgos-y-las-claves-para-aumentar-la-competitividad-8.jpg 1140w\" sizes=\"auto, (max-width: 1280px) 100vw, 1280px\">\n<\/p>\n<p>Mientras Spaccesi reclama que el Estado \u201cdefienda la producci\u00f3n y el trabajo\u201d, Ragazzani se\u00f1ala que, ante la menor asistencia estatal, las PyMEs deben enfocarse en la <strong>mejora de la competitividad<\/strong> mediante innovaci\u00f3n tecnol\u00f3gica, digitalizaci\u00f3n, automatizaci\u00f3n y trabajo colaborativo en cl\u00fasteres regionales. \u201cSi no podemos solos, hag\u00e1moslo entre nosotros. Hay que dejar de fregar\u201d, sintetiza.\n<\/p>\n<p><strong>Expectativas y se\u00f1ales en disputa<\/strong>\n<\/p>\n<p>Ambos observan con atenci\u00f3n las se\u00f1ales del mercado. Ragazzani celebra una incipiente <strong>baja de <a href=\"https:\/\/puntoapunto.com.ar\/somos-caros-el-extrano-mapa-de-precios-y-el-costo-de-vivir-en-argentina\/\">precios<\/a><\/strong> que podr\u00eda mejorar el poder adquisitivo y reactivar el consumo. Ve con buenos ojos el intento de incentivar la circulaci\u00f3n de d\u00f3lares informales, aunque reconoce que <strong>la confianza a\u00fan no est\u00e1 consolidada<\/strong>.\n<\/p>\n<p>Spaccesi, por su parte, desconf\u00eda de esas medidas, a las que califica de \u201cdesesperadas\u201d ante la falta de reservas. Cree que, sin un giro profundo en la pol\u00edtica econ\u00f3mica, el pa\u00eds podr\u00eda consolidar un modelo de exclusi\u00f3n que deje fuera a millones.\n<\/p>\n<div class=\"g g-38\">\n<div class=\"g-dyn a-12 c-1\"><a class=\"gofollow\" data-track=\"MTIsMzgsMSw2MA==\" href=\"https:\/\/www.farmaciashpfarma.com.ar\/blog\/institucional\/beneficios-corporativos-en-campana-antigripal.html\" target=\"_blank\" rel=\"noopener\"><img src=\"http:\/\/cordobadirecto.com\/wp-content\/uploads\/2025\/06\/pymes-en-modo-supervivencia-oportunidades-riesgos-y-las-claves-para-aumentar-la-competitividad.gif\" loading=\"lazy\"><\/a><\/div>\n<\/div>\n","protected":false},"excerpt":{"rendered":"<p>&nbsp; &nbsp; La situaci\u00f3n actual de las PyMEs argentinas genera diagn\u00f3sticos tan contrastantes como reveladores. Por un lado, Humberto Spaccesi, presidente de Apyme C\u00f3rdoba, describe un escenario cr\u00edtico y de emergencia econ\u00f3mica. Por el otro, Alberto Ragazzani, titular de la C\u00e1mara Argentina de la Micro, Peque\u00f1a y Mediana Empresa (MPM), reconoce las dificultades, pero apuesta [&hellip;]<\/p>\n","protected":false},"author":1,"featured_media":168929,"comment_status":"closed","ping_status":"closed","sticky":false,"template":"","format":"standard","meta":[],"categories":[25],"tags":[],"_links":{"self":[{"href":"http:\/\/cordobadirecto.com\/index.php\/wp-json\/wp\/v2\/posts\/168928"}],"collection":[{"href":"http:\/\/cordobadirecto.com\/index.php\/wp-json\/wp\/v2\/posts"}],"about":[{"href":"http:\/\/cordobadirecto.com\/index.php\/wp-json\/wp\/v2\/types\/post"}],"author":[{"embeddable":true,"href":"http:\/\/cordobadirecto.com\/index.php\/wp-json\/wp\/v2\/users\/1"}],"replies":[{"embeddable":true,"href":"http:\/\/cordobadirecto.com\/index.php\/wp-json\/wp\/v2\/comments?post=168928"}],"version-history":[{"count":0,"href":"http:\/\/cordobadirecto.com\/index.php\/wp-json\/wp\/v2\/posts\/168928\/revisions"}],"wp:featuredmedia":[{"embeddable":true,"href":"http:\/\/cordobadirecto.com\/index.php\/wp-json\/wp\/v2\/media\/168929"}],"wp:attachment":[{"href":"http:\/\/cordobadirecto.com\/index.php\/wp-json\/wp\/v2\/media?parent=168928"}],"wp:term":[{"taxonomy":"category","embeddable":true,"href":"http:\/\/cordobadirecto.com\/index.php\/wp-json\/wp\/v2\/categories?post=168928"},{"taxonomy":"post_tag","embeddable":true,"href":"http:\/\/cordobadirecto.com\/index.php\/wp-json\/wp\/v2\/tags?post=168928"}],"curies":[{"name":"wp","href":"https:\/\/api.w.org\/{rel}","templated":true}]}}