{"id":168942,"date":"2025-06-20T19:20:14","date_gmt":"2025-06-20T19:20:14","guid":{"rendered":"https:\/\/www.ole.com.ar\/autos\/relacion-franco-colapinto-pierre-gasly-alpine-video-redes-sociales_0_y2Og37RWlW.html"},"modified":"2025-06-20T19:20:14","modified_gmt":"2025-06-20T19:20:14","slug":"la-relacion-entre-colapinto-y-gasly-segun-alpine","status":"publish","type":"post","link":"http:\/\/cordobadirecto.com\/index.php\/2025\/06\/20\/la-relacion-entre-colapinto-y-gasly-segun-alpine\/","title":{"rendered":"La relaci\u00f3n entre Colapinto y Gasly seg\u00fan Alpine"},"content":{"rendered":"<p><span class=\"createDate\">20\/06\/2025 16:20hs.<\/span><time class=\"modificatedDate\" datetime=\"2025-06-20T16:21:19-03:00\"> Actualizado al 20\/06\/2025 16:21hs.<\/time><\/p>\n<div id=\"storyBody\">\n<div class=\"custom-text \" readability=\"38\">\n<p><strong>A exactamente una semana del inicio de la 11\u00aa fecha de la temporada de F\u00f3rmula 1<\/strong>, que se disputar\u00e1 del 27 al 29 de junio en el Gran Premio de Austria, <strong>Alpine sorprendi\u00f3 con una serie de posteos divertidos sobre la relaci\u00f3n entre Franco Colapinto y Pierre Gasly.<\/strong> En esta nota de Ol\u00e9, todos los detalles.<\/p>\n<\/div>\n<div class=\"custom-text \" readability=\"39\">\n<p><strong>Si bien en el automovilismo se suele decir que el primer y principal rival es el compa\u00f1ero de equipo,<\/strong> <strong>Colapinto y Gasly lograron construir una relaci\u00f3n de amistad fuera de la pista.<\/strong> Sin embargo, cuando se bajan la visera del casco, cada uno busca imponerse sobre quien est\u00e1 del otro lado del box, ya que la forma m\u00e1s justa de evaluar el rendimiento de un piloto es compararlo con alguien que cuenta con las mismas herramientas.<\/p>\n<\/div>\n<p><h2><strong>C\u00f3mo es la relaci\u00f3n entre Colapinto y Gasly<\/strong><\/h2>\n<\/p>\n<div class=\"custom-text \" readability=\"38\">\n<p><strong>En uno de los posteos que Alpin<\/strong>e comparti\u00f3 en sus redes sociales se muestra la relaci\u00f3n que forjaron Colapinto y Gasly. <strong>En el video se los puede ver participando de un divertido juego de preguntas y respuestas, tambi\u00e9n en las fan zones. <\/strong>Otro de los momentos entretenidos los muestra sentados sobre neum\u00e1ticos con banda amarilla (los medios), posando para las fotos con el nuevo traje que estrenaron en el GP de Barcelona, en homenaje a los 70 a\u00f1os que celebr\u00f3 la escuder\u00eda francesa ese fin de semana<\/p>\n<\/div>\n<div class=\"sc-734b4696-1 kFfZtB\" readability=\"6\">\n<div class=\"sc-d00d9e74-0 hnHYbk vertical\" type=\"embed\">\n<div class=\"sc-d00d9e74-1 iKVbz videoText\" id=\"contentTitleembed5XGtgEQI\" type=\"embed\"><svg fill=\"#ffffff\"><symbol id=\"play\" viewBox=\"0 0 512 512\"><path d=\"M512 256C512 397.4 397.4 512 256 512C114.6 512 0 397.4 0 256C0 114.6 114.6 0 256 0C397.4 0 512 114.6 512 256zM176 168V344C176 352.7 180.7 360.7 188.3 364.9C195.8 369.2 205.1 369 212.5 364.5L356.5 276.5C363.6 272.1 368 264.4 368 256C368 247.6 363.6 239.9 356.5 235.5L212.5 147.5C205.1 142.1 195.8 142.8 188.3 147.1C180.7 151.3 176 159.3 176 168V168z\" \/><\/symbol><use xlink:href=\"#play\" \/><\/svg><\/p>\n<div class=\"right\">\n<p>Franco Colapinto<!-- --> &#8211; <span>&nbsp;<\/span><\/p>\n<h2 class=\"title-vid\">As\u00ed es la relaci\u00f3n de amistad entre Franco Colapinto y Pierre Gasly<\/h2>\n<\/div>\n<\/div>\n<p><span class=\"back\" id=\"spanBackembed5XGtgEQI\"><\/span><\/div>\n<div class=\"JWvideoNota_title\" readability=\"7\">\n<p>Cr\u00e9ditos: @alpinef1team en IG<\/p>\n<\/div>\n<\/div>\n<div class=\"custom-text \" readability=\"38\">\n<p><strong>A su vez, la escuder\u00eda con sede en Enstone comparti\u00f3 otro divertido pos<\/strong>teo en el que se puede ver a ambos pilotos cuando eran ni\u00f1os, repasando su v\u00ednculo con el deporte motor a lo largo de los a\u00f1os. La publicaci\u00f3n estuvo acompa\u00f1ada por la leyenda: <strong>&#8220;Pilotos desde la cuna, en un camino destinado a la F1&#8221;.<\/strong><\/p>\n<\/div>\n<div class=\"sc-e7b891c4-0 ifHnQL image-embed\"><img alt=\"Franco Colapinto cuando era un nene con un antifaz.\" loading=\"lazy\" width=\"720\" height=\"100\" decoding=\"async\" data-nimg=\"1\" src=\"http:\/\/cordobadirecto.com\/wp-content\/uploads\/2025\/06\/la-relacion-entre-colapinto-y-gasly-segun-alpine.jpg\"><span class=\"epigraphe\">Franco Colapinto cuando era un nene con un antifaz.<\/span><\/div>\n<div class=\"custom-text \" readability=\"37\">\n<p>Otro de los posteos, en tono de broma, hace referencia a la cl\u00e1sica reacci\u00f3n cuando la profesora avisa un examen sorpresa: &#8220;saquen una hoja&#8221;. En este posteo de fotos se lo ve a Colapinto llev\u00e1ndose las manos al rostro y luego cubri\u00e9ndose la cara, en una expresi\u00f3n de sorpresa y resignaci\u00f3n.<\/p>\n<\/div>\n<p><h2><strong>Cu\u00e1ndo corre Colapinto en el GP de Austria<\/strong><\/h2>\n<\/p>\n<div class=\"custom-text \" readability=\"38\">\n<p><strong>La actividad del GP de Austria largar\u00e1 el viernes 28 de junio<\/strong> con los primeros entrenamientos: la FP1 ser\u00e1 a las 8.30 y la FP2 a las 12. <strong>El s\u00e1bad<\/strong>o continuar\u00e1 con la FP3 desde las 7.30 y<strong> la clasificaci\u00f3n, siempre exigente, a partir de las 11. <\/strong>Finalmente, la carrera se disputar\u00e1 <strong>el domingo 29 a las 10. <\/strong>Toda la acci\u00f3n podr\u00e1 verse en vivo <strong>por Fox Sports y Disney+.<\/strong><\/p>\n<\/div>\n<div class=\"sc-e7b891c4-0 ifHnQL image-embed\"><img alt=\"El divertido posteo de la cara que se le queda a Colapinto cuando la profesora dice que saquen una hoja para un examen sorpresa.\" loading=\"lazy\" width=\"720\" height=\"100\" decoding=\"async\" data-nimg=\"1\" src=\"http:\/\/cordobadirecto.com\/wp-content\/uploads\/2025\/06\/la-relacion-entre-colapinto-y-gasly-segun-alpine-1.jpg\"><span class=\"epigraphe\">El divertido posteo de la cara que se le queda a Colapinto cuando la profesora dice que saquen una hoja para un examen sorpresa.<\/span><\/div>\n<div class=\"sc-a7166897-0 eoLsBE\" readability=\"6\">\n<section readability=\"2\"><picture><img alt=\"Colapinto analiza el GP de Austria: puntos fuertes y d\u00e9biles del Alpine \" loading=\"lazy\" width=\"290\" height=\"290\" decoding=\"async\" data-nimg=\"1\" src=\"http:\/\/cordobadirecto.com\/wp-content\/uploads\/2025\/06\/la-relacion-entre-colapinto-y-gasly-segun-alpine-2.jpg\"><\/picture>\n<p><span>Mir\u00e1 tambi\u00e9n<\/span><\/p>\n<hr>\n<h3>Colapinto analiza el GP de Austria: puntos fuertes y d\u00e9biles del Alpine<br \/>\n<\/h3>\n<\/p>\n<\/section>\n<\/div>\n<div class=\"sc-a7166897-0 eoLsBE\" readability=\"6.5\">\n<section readability=\"3\"><picture><img alt=\"Checo P\u00e9rez rompi\u00f3 el silencio en medio de los rumores que lo vinculan con Alpine: qu\u00e9 dijo de Colapinto\" loading=\"lazy\" width=\"290\" height=\"290\" decoding=\"async\" data-nimg=\"1\" src=\"http:\/\/cordobadirecto.com\/wp-content\/uploads\/2025\/06\/la-relacion-entre-colapinto-y-gasly-segun-alpine-3.jpg\"><\/picture>\n<p><span>Mir\u00e1 tambi\u00e9n<\/span><\/p>\n<hr>\n<h3>Checo P\u00e9rez rompi\u00f3 el silencio en medio de los rumores que lo vinculan con Alpine: qu\u00e9 dijo de Colapinto<\/h3>\n<\/p>\n<\/section>\n<\/div>\n<div class=\"sc-a7166897-0 eoLsBE\" readability=\"7.5\">\n<section readability=\"5\"><picture><img alt=\"La preocupaci\u00f3n de Gasly, el compa\u00f1ero de Colapinto, tras la renuncia del CEO de Alpine: \u201cNecesito comprender qu\u00e9 significa esto para el equipo&quot;\" loading=\"lazy\" width=\"290\" height=\"290\" decoding=\"async\" data-nimg=\"1\" src=\"http:\/\/cordobadirecto.com\/wp-content\/uploads\/2025\/06\/la-relacion-entre-colapinto-y-gasly-segun-alpine-4.jpg\"><\/picture>\n<p><span>Mir\u00e1 tambi\u00e9n<\/span><\/p>\n<hr>\n<h3>La preocupaci\u00f3n de Gasly, el compa\u00f1ero de Colapinto, tras la renuncia del CEO de Alpine: \u201cNecesito comprender qu\u00e9 significa esto para el equipo&#8221;<\/h3>\n<\/p>\n<\/section>\n<\/div>\n<\/div>\n","protected":false},"excerpt":{"rendered":"<p>20\/06\/2025 16:20hs. Actualizado al 20\/06\/2025 16:21hs. A exactamente una semana del inicio de la 11\u00aa fecha de la temporada de F\u00f3rmula 1, que se disputar\u00e1 del 27 al 29 de junio en el Gran Premio de Austria, Alpine sorprendi\u00f3 con una serie de posteos divertidos sobre la relaci\u00f3n entre Franco Colapinto y Pierre Gasly. En [&hellip;]<\/p>\n","protected":false},"author":1,"featured_media":168943,"comment_status":"closed","ping_status":"closed","sticky":false,"template":"","format":"standard","meta":[],"categories":[21],"tags":[],"_links":{"self":[{"href":"http:\/\/cordobadirecto.com\/index.php\/wp-json\/wp\/v2\/posts\/168942"}],"collection":[{"href":"http:\/\/cordobadirecto.com\/index.php\/wp-json\/wp\/v2\/posts"}],"about":[{"href":"http:\/\/cordobadirecto.com\/index.php\/wp-json\/wp\/v2\/types\/post"}],"author":[{"embeddable":true,"href":"http:\/\/cordobadirecto.com\/index.php\/wp-json\/wp\/v2\/users\/1"}],"replies":[{"embeddable":true,"href":"http:\/\/cordobadirecto.com\/index.php\/wp-json\/wp\/v2\/comments?post=168942"}],"version-history":[{"count":0,"href":"http:\/\/cordobadirecto.com\/index.php\/wp-json\/wp\/v2\/posts\/168942\/revisions"}],"wp:featuredmedia":[{"embeddable":true,"href":"http:\/\/cordobadirecto.com\/index.php\/wp-json\/wp\/v2\/media\/168943"}],"wp:attachment":[{"href":"http:\/\/cordobadirecto.com\/index.php\/wp-json\/wp\/v2\/media?parent=168942"}],"wp:term":[{"taxonomy":"category","embeddable":true,"href":"http:\/\/cordobadirecto.com\/index.php\/wp-json\/wp\/v2\/categories?post=168942"},{"taxonomy":"post_tag","embeddable":true,"href":"http:\/\/cordobadirecto.com\/index.php\/wp-json\/wp\/v2\/tags?post=168942"}],"curies":[{"name":"wp","href":"https:\/\/api.w.org\/{rel}","templated":true}]}}