{"id":168944,"date":"2025-06-20T04:27:00","date_gmt":"2025-06-20T04:27:00","guid":{"rendered":"https:\/\/www.ole.com.ar\/autos\/valentin-perrone-corre-moto3-motogp-gp-mugello-italia_0_nelWuRwVY3.html"},"modified":"2025-06-20T04:27:00","modified_gmt":"2025-06-20T04:27:00","slug":"cuando-y-por-donde-ver-a-valentin-perrone-en-el-gp-de-mugello-de-moto3","status":"publish","type":"post","link":"http:\/\/cordobadirecto.com\/index.php\/2025\/06\/20\/cuando-y-por-donde-ver-a-valentin-perrone-en-el-gp-de-mugello-de-moto3\/","title":{"rendered":"Cu\u00e1ndo y por d\u00f3nde ver a Valent\u00edn Perrone en el GP de Mugello de Moto3"},"content":{"rendered":"<p><span class=\"createDate\">20\/06\/2025 01:27hs.<\/span><time class=\"modificatedDate\" datetime=\"2025-06-20T01:29:42-03:00\"> Actualizado al 20\/06\/2025 01:29hs.<\/time><\/p>\n<div id=\"storyBody\">\n<div class=\"custom-text \" readability=\"39.347826086957\">\n<p>Parece que pasaron meses desde la \u00faltima vez que <strong>Valent\u00edn Perrone corri\u00f3 en <a href=\"https:\/\/www.ole.com.ar\/tema\/moto3.html\" target=\"_self\" title=\"Moto3,\" alt=\"Moto3,\" rel=\"noopener\">Moto3,<\/a><\/strong> en el Gran Premio de Arag\u00f3n\u2026 pero no: fue hace poco menos de dos semanas. En aquella ocasi\u00f3n, el pibe de 17 a\u00f1os hizo una buena carrera, y este fin de semana intentar\u00e1 superarse: volver\u00e1 a competir en el Gran Premio de Mugello, en Italia, por la novena fecha de la temporada.<\/p>\n<\/div>\n<div class=\"custom-text \" readability=\"34.308270676692\">\n<p><strong>Perrone llega al circuito italiano en alza:<\/strong> en la s\u00e9ptima fecha consigui\u00f3 su mejor resultado en el campeonato, con un quinto puesto y <a href=\"https:\/\/www.ole.com.ar\/autos\/valentin-perrone-mejor-carrera-moto3-silverstone-inglaterra_0_Q1zttea9P7.html\" target=\"_self\" title=\"11 puntos en el m\u00edtico circuito de Silverstone;\" alt=\"11 puntos en el m\u00edtico circuito de Silverstone;\" rel=\"noopener\">11 puntos en el m\u00edtico circuito de Silverstone;<\/a> mientras que en la octava, en Arag\u00f3n, finaliz\u00f3 13\u00b0 y sum\u00f3 tres unidades. Y no solo eso:<strong> ya son cinco carreras consecutivas en las que suma,<\/strong> lo que lo ubica 16\u00b0 (de 31) en la tabla de posiciones del campeonato. <\/p>\n<\/div>\n<div class=\"sc-e7b891c4-0 ifHnQL image-embed\"><img alt=\"Valent\u00edn Perrone en Silverstone, su mejor carrera. (@Tech3Racing)\" loading=\"lazy\" width=\"720\" height=\"100\" decoding=\"async\" data-nimg=\"1\" src=\"http:\/\/cordobadirecto.com\/wp-content\/uploads\/2025\/06\/cuando-y-por-donde-ver-a-valentin-perrone-en-el-gp-de-mugello-de-moto3.jpg\"><span class=\"epigraphe\">Valent\u00edn Perrone en Silverstone, su mejor carrera. (@Tech3Racing)<\/span><\/div>\n<p><h2>Cu\u00e1ndo corre y por d\u00f3nde ver a Perrone en Mugello<\/h2>\n<\/p>\n<div class=\"custom-text \" readability=\"45\">\n<p><strong>La actividad para Perrone en el circuito italiano de 5,25 km comenzar\u00e1 este viernes,<\/strong> con una jornada que incluir\u00e1 un entrenamiento libre, a las 4, y una pr\u00e1ctica, a las 8.15. <strong>El s\u00e1bado<\/strong> se disputar\u00e1 el segundo entrenamiento libre, a las 3.40, <strong>y la clasificaci\u00f3n, a las 7.50.<\/strong> Por \u00faltimo, el <strong>domingo<\/strong> se correr\u00e1 <strong>la carrera a 17 vueltas, a las 6.<\/strong> La competencia dominical se podr\u00e1 ver a trav\u00e9s de <strong>Disney + Premium.<\/strong><\/p>\n<\/div>\n<p><h2><strong>La agenda del finde en Mugello<\/strong><\/h2>\n<\/p>\n<div class=\"custom-text \">\n<p><strong>Viernes <\/strong><\/p>\n<ul>\n<li>Entrenamientos libres 1 a partir de las 4.<\/li>\n<li>Pr\u00e1ctica a las 8.15.<\/li>\n<\/ul>\n<p><strong>S\u00e1bado<\/strong><\/p>\n<ul>\n<li>Entrenamientos libres 2 a las 3.40.<\/li>\n<li>Clasificaci\u00f3n, a las 7.50.<\/li>\n<\/ul>\n<p><strong>Domingo<\/strong><\/p>\n<ul>\n<li>Carrera (17 vueltas), a las 6.<\/li>\n<\/ul>\n<\/div>\n<div class=\"sc-e7b891c4-0 ifHnQL image-embed\"><img alt=\"Perrone disputar\u00e1 este fin de semana el GP de Mugello.\n(EFE)\" loading=\"lazy\" width=\"720\" height=\"100\" decoding=\"async\" data-nimg=\"1\" src=\"http:\/\/cordobadirecto.com\/wp-content\/uploads\/2025\/06\/cuando-y-por-donde-ver-a-valentin-perrone-en-el-gp-de-mugello-de-moto3-1.jpg\"><span class=\"epigraphe\">Perrone disputar\u00e1 este fin de semana el GP de Mugello.<br \/>\n(EFE)<\/span><\/div>\n<p><h2>El MotoGP tambi\u00e9n correr\u00e1 en Mugello<\/h2>\n<\/p>\n<div class=\"custom-text \" readability=\"41.35807860262\">\n<p><strong>La categor\u00eda reina del motociclismo, <a href=\"https:\/\/www.ole.com.ar\/tema\/motogp.html\" target=\"_self\" title=\"MotoGP,\" alt=\"MotoGP,\" rel=\"noopener\">MotoGP,<\/a><\/strong> tambi\u00e9n estar\u00e1 presente en el circuito italiano. <strong>Marc M\u00e1rquez (Ducati) lidera la tabla con 233 puntos,<\/strong> seguido por su hermano \u00c1lex (tambi\u00e9n con Ducati), que suma 201. Completa el podio Pecco Bagnaia (Ducati) con 140 unidades. Ellos tres, junto a los otros 23 pilotos, buscar\u00e1n seguir sumando en el campeonato mundial en Mugello. <strong>Como ya es habitual, la M\u00e1xima contar\u00e1 con una carrera sprint a 11 vueltas.<\/strong><\/p>\n<\/div>\n<p><h3><strong>Agenda del finde del MotoGP en Mugello<\/strong><\/h3>\n<\/p>\n<div class=\"custom-text \">\n<p>Viernes <\/p>\n<ul>\n<li>Entrenamientos libres 1 a las 5.45.<\/li>\n<li>Pr\u00e1ctica a las 10.<\/li>\n<\/ul>\n<\/div>\n<div class=\"custom-text \">\n<h3>S\u00e1bado <\/h3>\n<ul>\n<li>Entrenamientos libres 2 a las 5.10.<\/li>\n<li>Clasificaci\u00f3n a las 5.50.<\/li>\n<li>Carrera sprint (11 vueltas) a las 10.<\/li>\n<\/ul>\n<\/div>\n<div class=\"custom-text \">\n<h3>Domingo <\/h3>\n<ul>\n<li>Carrera (23 vueltas) a las 9.<\/li>\n<\/ul>\n<\/div>\n<div class=\"sc-e7b891c4-0 ifHnQL image-embed\"><img alt=\"Marc M\u00e1rquez, puntero en el campeonato del MotoGP. (EFE)\" loading=\"lazy\" width=\"720\" height=\"100\" decoding=\"async\" data-nimg=\"1\" src=\"http:\/\/cordobadirecto.com\/wp-content\/uploads\/2025\/06\/cuando-y-por-donde-ver-a-valentin-perrone-en-el-gp-de-mugello-de-moto3-2.jpg\"><span class=\"epigraphe\">Marc M\u00e1rquez, puntero en el campeonato del MotoGP. (EFE)<\/span><\/div>\n<div class=\"sc-a7166897-0 eoLsBE\" readability=\"6\">\n<section readability=\"2\"><picture><img alt=\"C\u00f3mo le fue a Valent\u00edn Perrone en la carrera del Moto3 en Arag\u00f3n\" loading=\"lazy\" width=\"290\" height=\"290\" decoding=\"async\" data-nimg=\"1\" src=\"http:\/\/cordobadirecto.com\/wp-content\/uploads\/2025\/06\/cuando-y-por-donde-ver-a-valentin-perrone-en-el-gp-de-mugello-de-moto3-3.jpg\"><\/picture>\n<p><span>Mir\u00e1 tambi\u00e9n<\/span><\/p>\n<hr>\n<h3>C\u00f3mo le fue a Valent\u00edn Perrone en la carrera del Moto3 en Arag\u00f3n<\/h3>\n<\/p>\n<\/section>\n<\/div>\n<div class=\"sc-a7166897-0 eoLsBE\" readability=\"6\">\n<section readability=\"2\"><picture><img alt=\"Kevin Benavides anunci\u00f3 su retiro del motociclismo y ya piensa en un nuevo desaf\u00edo\" loading=\"lazy\" width=\"290\" height=\"290\" decoding=\"async\" data-nimg=\"1\" src=\"http:\/\/cordobadirecto.com\/wp-content\/uploads\/2025\/06\/cuando-y-por-donde-ver-a-valentin-perrone-en-el-gp-de-mugello-de-moto3-4.jpg\"><\/picture>\n<p><span>Mir\u00e1 tambi\u00e9n<\/span><\/p>\n<hr>\n<h3>Kevin Benavides anunci\u00f3 su retiro del motociclismo y ya piensa en un nuevo desaf\u00edo<\/h3>\n<\/p>\n<\/section>\n<\/div>\n<div class=\"sc-a7166897-0 eoLsBE\" readability=\"6\">\n<section readability=\"2\"><picture><img alt=\"Colapinto analiza el GP de Austria: puntos fuertes y d\u00e9biles del Alpine \" loading=\"lazy\" width=\"290\" height=\"290\" decoding=\"async\" data-nimg=\"1\" src=\"http:\/\/cordobadirecto.com\/wp-content\/uploads\/2025\/06\/cuando-y-por-donde-ver-a-valentin-perrone-en-el-gp-de-mugello-de-moto3-5.jpg\"><\/picture>\n<p><span>Mir\u00e1 tambi\u00e9n<\/span><\/p>\n<hr>\n<h3>Colapinto analiza el GP de Austria: puntos fuertes y d\u00e9biles del Alpine<br \/>\n<\/h3>\n<\/p>\n<\/section>\n<\/div>\n<\/div>\n","protected":false},"excerpt":{"rendered":"<p>20\/06\/2025 01:27hs. Actualizado al 20\/06\/2025 01:29hs. Parece que pasaron meses desde la \u00faltima vez que Valent\u00edn Perrone corri\u00f3 en Moto3, en el Gran Premio de Arag\u00f3n\u2026 pero no: fue hace poco menos de dos semanas. En aquella ocasi\u00f3n, el pibe de 17 a\u00f1os hizo una buena carrera, y este fin de semana intentar\u00e1 superarse: volver\u00e1 [&hellip;]<\/p>\n","protected":false},"author":1,"featured_media":168945,"comment_status":"closed","ping_status":"closed","sticky":false,"template":"","format":"standard","meta":[],"categories":[21],"tags":[],"_links":{"self":[{"href":"http:\/\/cordobadirecto.com\/index.php\/wp-json\/wp\/v2\/posts\/168944"}],"collection":[{"href":"http:\/\/cordobadirecto.com\/index.php\/wp-json\/wp\/v2\/posts"}],"about":[{"href":"http:\/\/cordobadirecto.com\/index.php\/wp-json\/wp\/v2\/types\/post"}],"author":[{"embeddable":true,"href":"http:\/\/cordobadirecto.com\/index.php\/wp-json\/wp\/v2\/users\/1"}],"replies":[{"embeddable":true,"href":"http:\/\/cordobadirecto.com\/index.php\/wp-json\/wp\/v2\/comments?post=168944"}],"version-history":[{"count":0,"href":"http:\/\/cordobadirecto.com\/index.php\/wp-json\/wp\/v2\/posts\/168944\/revisions"}],"wp:featuredmedia":[{"embeddable":true,"href":"http:\/\/cordobadirecto.com\/index.php\/wp-json\/wp\/v2\/media\/168945"}],"wp:attachment":[{"href":"http:\/\/cordobadirecto.com\/index.php\/wp-json\/wp\/v2\/media?parent=168944"}],"wp:term":[{"taxonomy":"category","embeddable":true,"href":"http:\/\/cordobadirecto.com\/index.php\/wp-json\/wp\/v2\/categories?post=168944"},{"taxonomy":"post_tag","embeddable":true,"href":"http:\/\/cordobadirecto.com\/index.php\/wp-json\/wp\/v2\/tags?post=168944"}],"curies":[{"name":"wp","href":"https:\/\/api.w.org\/{rel}","templated":true}]}}