{"id":168946,"date":"2025-06-20T22:30:55","date_gmt":"2025-06-20T22:30:55","guid":{"rendered":"https:\/\/www.ole.com.ar\/futbol-ascenso\/duscher-quilmes-entrenador-contratado_0_4MY9rHJoKm.html"},"modified":"2025-06-20T22:30:55","modified_gmt":"2025-06-20T22:30:55","slug":"duscher-ya-asumio-en-quilmes","status":"publish","type":"post","link":"http:\/\/cordobadirecto.com\/index.php\/2025\/06\/20\/duscher-ya-asumio-en-quilmes\/","title":{"rendered":"Duscher ya asumi\u00f3 en Quilmes"},"content":{"rendered":"<p><time class=\"createDate\" datetime=\"2025-06-19T23:13:22-03:00\">19\/06\/2025 23:13hs.<\/time><\/p>\n<div id=\"storyBody\">\n<div class=\"custom-text \" readability=\"30.718146718147\">\n<p><strong><a href=\"https:\/\/www.ole.com.ar\/tema\/quilmes.html\" title=\"Quilmes\" alt=\"Quilmes\" class=\"slug\">Quilmes<\/a> <\/strong>ya tiene entrenador confirmado tras la renuncia de Sergio Rondina: <strong><a href=\"https:\/\/www.ole.com.ar\/tema\/aldo-pedro-duscher.html\" title=\"Aldo Pedro Duscher\" alt=\"Aldo Pedro Duscher\" class=\"slug\">Aldo Pedro Duscher<\/a> fue contratado y este viernes firm\u00f3 su v\u00ednculo. <\/strong>Ser\u00e1 la segunda experiencia para el entrenador de 46 a\u00f1os a nivel clubes (en 2014 dirigi\u00f3 a Belgrano de Esquel).<\/p>\n<\/div>\n<div class=\"custom-text \" readability=\"36\">\n<p>Adem\u00e1s, durante este a\u00f1o, dirigi\u00f3 al Sub 20 de Paraguay, y fue despedido en plena disputa del Sudamericano de la categor\u00eda despu\u00e9s de realizar declaraciones que molestaron a la dirigencia.<\/p>\n<\/div>\n<div class=\"custom-text \" readability=\"31.923076923077\">\n<p>Duscher se impuso en la consideraci\u00f3n de la dirigencia cervecera a otros entrenadores: Ariel Broggi, <a href=\"https:\/\/www.ole.com.ar\/tema\/rodrigo-brana.html\" title=\"Rodrigo Bra\u00f1a\" alt=\"Rodrigo Bra\u00f1a\" class=\"slug\">Rodrigo Bra\u00f1a<\/a> y An\u00edbal Biggeri. El debut ser\u00e1 de visitante ante Deportivo Madryn. El presente es bravo: el equipo se encuentra en los \u00faltimos puestos de la <a href=\"https:\/\/www.ole.com.ar\/tema\/b-nacional.html\" title=\"B Nacional\" alt=\"B Nacional\" class=\"slug\">B Nacional<\/a>.<\/p>\n<\/div>\n<div class=\"custom-text \" readability=\"35\">\n<p>El partido de este s\u00e1bado, ante Deportivo Maip\u00fa, tendr\u00e1 como conductores a la dupla t\u00e9cnica interina Ricardo Vendakis &#8211; N\u00e9stor Frediani.<\/p>\n<\/div>\n<div class=\"custom-embedhtml\" readability=\"6.8618181818182\">\n<blockquote class=\"twitter-tweet\" readability=\"8.0727272727273\">\n<p lang=\"es\" dir=\"ltr\">Aldo Duscher, nuevo Director T\u00e9cnico del Quilmes Atl\u00e9tico Club. <\/p>\n<p>\u25aa\ufe0f Esta tarde pas\u00f3 por la sede y firm\u00f3 su contrato con la instituci\u00f3n.<\/p>\n<p>\u00a1Tu \u00e9xito ser\u00e1 el nuestro! \ud83d\udcaa\ud83c\udffc<a href=\"https:\/\/twitter.com\/hashtag\/SomosPrimeros?src=hash&amp;ref_src=twsrc%5Etfw\">#SomosPrimeros<\/a> \ud83c\uddeb\ud83c\uddee <a href=\"https:\/\/t.co\/F0xRxO7Ao1\">pic.twitter.com\/F0xRxO7Ao1<\/a><\/p>\n<p>\u2014 Quilmes A.C. (@qacoficial) <a href=\"https:\/\/twitter.com\/qacoficial\/status\/1935872814935843039?ref_src=twsrc%5Etfw\">June 20, 2025<\/a><\/p><\/blockquote><\/div>\n<div class=\"sc-e7b891c4-0 ifHnQL image-embed\"><img alt=\"Aldo Duscher en Paraguay.\" loading=\"lazy\" width=\"720\" height=\"100\" decoding=\"async\" data-nimg=\"1\" src=\"http:\/\/cordobadirecto.com\/wp-content\/uploads\/2025\/06\/duscher-ya-asumio-en-quilmes.jpg\"><span class=\"epigraphe\">Aldo Duscher en Paraguay.<\/span><\/div>\n<div class=\"sc-a7166897-0 eoLsBE\" readability=\"6\">\n<section readability=\"2\"><picture><img alt=\"Liberaron al jugador de Real Pilar que fue detenido contra Comunicaciones\" loading=\"lazy\" width=\"290\" height=\"290\" decoding=\"async\" data-nimg=\"1\" src=\"http:\/\/cordobadirecto.com\/wp-content\/uploads\/2025\/06\/duscher-ya-asumio-en-quilmes-1.jpg\"><\/picture>\n<p><span>Mir\u00e1 tambi\u00e9n<\/span><\/p>\n<hr>\n<h3>Liberaron al jugador de Real Pilar que fue detenido contra Comunicaciones<\/h3>\n<\/p>\n<\/section>\n<\/div>\n<div class=\"sc-a7166897-0 eoLsBE\" readability=\"6.5\">\n<section readability=\"3\"><picture><img alt=\"Sali\u00f3 de Boca, jug\u00f3 en el exterior y es nuevo refuerzo de Trist\u00e1n Su\u00e1rez\" loading=\"lazy\" width=\"290\" height=\"290\" decoding=\"async\" data-nimg=\"1\" src=\"http:\/\/cordobadirecto.com\/wp-content\/uploads\/2025\/06\/duscher-ya-asumio-en-quilmes-2.jpg\"><\/picture>\n<p><span>Mir\u00e1 tambi\u00e9n<\/span><\/p>\n<hr>\n<h3>Sali\u00f3 de Boca, jug\u00f3 en el exterior y es nuevo refuerzo de Trist\u00e1n Su\u00e1rez<\/h3>\n<\/p>\n<\/section>\n<\/div>\n<\/div>\n","protected":false},"excerpt":{"rendered":"<p>19\/06\/2025 23:13hs. Quilmes ya tiene entrenador confirmado tras la renuncia de Sergio Rondina: Aldo Pedro Duscher fue contratado y este viernes firm\u00f3 su v\u00ednculo. Ser\u00e1 la segunda experiencia para el entrenador de 46 a\u00f1os a nivel clubes (en 2014 dirigi\u00f3 a Belgrano de Esquel). Adem\u00e1s, durante este a\u00f1o, dirigi\u00f3 al Sub 20 de Paraguay, y [&hellip;]<\/p>\n","protected":false},"author":1,"featured_media":168947,"comment_status":"closed","ping_status":"closed","sticky":false,"template":"","format":"standard","meta":[],"categories":[21],"tags":[],"_links":{"self":[{"href":"http:\/\/cordobadirecto.com\/index.php\/wp-json\/wp\/v2\/posts\/168946"}],"collection":[{"href":"http:\/\/cordobadirecto.com\/index.php\/wp-json\/wp\/v2\/posts"}],"about":[{"href":"http:\/\/cordobadirecto.com\/index.php\/wp-json\/wp\/v2\/types\/post"}],"author":[{"embeddable":true,"href":"http:\/\/cordobadirecto.com\/index.php\/wp-json\/wp\/v2\/users\/1"}],"replies":[{"embeddable":true,"href":"http:\/\/cordobadirecto.com\/index.php\/wp-json\/wp\/v2\/comments?post=168946"}],"version-history":[{"count":0,"href":"http:\/\/cordobadirecto.com\/index.php\/wp-json\/wp\/v2\/posts\/168946\/revisions"}],"wp:featuredmedia":[{"embeddable":true,"href":"http:\/\/cordobadirecto.com\/index.php\/wp-json\/wp\/v2\/media\/168947"}],"wp:attachment":[{"href":"http:\/\/cordobadirecto.com\/index.php\/wp-json\/wp\/v2\/media?parent=168946"}],"wp:term":[{"taxonomy":"category","embeddable":true,"href":"http:\/\/cordobadirecto.com\/index.php\/wp-json\/wp\/v2\/categories?post=168946"},{"taxonomy":"post_tag","embeddable":true,"href":"http:\/\/cordobadirecto.com\/index.php\/wp-json\/wp\/v2\/tags?post=168946"}],"curies":[{"name":"wp","href":"https:\/\/api.w.org\/{rel}","templated":true}]}}