{"id":168954,"date":"2025-06-21T00:09:17","date_gmt":"2025-06-21T00:09:17","guid":{"rendered":"http:\/\/cordobadirecto.com\/index.php\/2025\/06\/21\/cristina-menciono-a-cordoba-para-criticar-a-milei-por-el-alto-indice-de-desocupacion\/"},"modified":"2025-06-21T00:09:17","modified_gmt":"2025-06-21T00:09:17","slug":"cristina-menciono-a-cordoba-para-criticar-a-milei-por-el-alto-indice-de-desocupacion","status":"publish","type":"post","link":"http:\/\/cordobadirecto.com\/index.php\/2025\/06\/21\/cristina-menciono-a-cordoba-para-criticar-a-milei-por-el-alto-indice-de-desocupacion\/","title":{"rendered":"Cristina mencion\u00f3 a <b>C\u00f3rdoba<\/b> para criticar a Milei por el alto \u00edndice de desocupaci\u00f3n"},"content":{"rendered":"<p>Banderazo por Cristina Kirchner este 20 de junio, y cr\u00edticas de la expresidenta a Javier Milei por el plan econ\u00f3mico. Con datos de <b>C\u00f3rdoba<\/b> como&nbsp;&#8230; <\/p>\n","protected":false},"excerpt":{"rendered":"<p>Banderazo por Cristina Kirchner este 20 de junio, y cr\u00edticas de la expresidenta a Javier Milei por el plan econ\u00f3mico. Con datos de C\u00f3rdoba como&nbsp;&#8230;<\/p>\n","protected":false},"author":1,"featured_media":0,"comment_status":"closed","ping_status":"closed","sticky":false,"template":"","format":"standard","meta":[],"categories":[40],"tags":[],"_links":{"self":[{"href":"http:\/\/cordobadirecto.com\/index.php\/wp-json\/wp\/v2\/posts\/168954"}],"collection":[{"href":"http:\/\/cordobadirecto.com\/index.php\/wp-json\/wp\/v2\/posts"}],"about":[{"href":"http:\/\/cordobadirecto.com\/index.php\/wp-json\/wp\/v2\/types\/post"}],"author":[{"embeddable":true,"href":"http:\/\/cordobadirecto.com\/index.php\/wp-json\/wp\/v2\/users\/1"}],"replies":[{"embeddable":true,"href":"http:\/\/cordobadirecto.com\/index.php\/wp-json\/wp\/v2\/comments?post=168954"}],"version-history":[{"count":0,"href":"http:\/\/cordobadirecto.com\/index.php\/wp-json\/wp\/v2\/posts\/168954\/revisions"}],"wp:attachment":[{"href":"http:\/\/cordobadirecto.com\/index.php\/wp-json\/wp\/v2\/media?parent=168954"}],"wp:term":[{"taxonomy":"category","embeddable":true,"href":"http:\/\/cordobadirecto.com\/index.php\/wp-json\/wp\/v2\/categories?post=168954"},{"taxonomy":"post_tag","embeddable":true,"href":"http:\/\/cordobadirecto.com\/index.php\/wp-json\/wp\/v2\/tags?post=168954"}],"curies":[{"name":"wp","href":"https:\/\/api.w.org\/{rel}","templated":true}]}}