{"id":168955,"date":"2025-06-21T07:42:26","date_gmt":"2025-06-21T07:42:26","guid":{"rendered":"http:\/\/estaciontrip.com.ar\/?p=10433"},"modified":"2025-06-21T07:42:26","modified_gmt":"2025-06-21T07:42:26","slug":"villa-carlos-paz-lanzo-su-temporada-de-invierno-con-propuestas-culturales-y-deportivas","status":"publish","type":"post","link":"http:\/\/cordobadirecto.com\/index.php\/2025\/06\/21\/villa-carlos-paz-lanzo-su-temporada-de-invierno-con-propuestas-culturales-y-deportivas\/","title":{"rendered":"Villa Carlos Paz lanz\u00f3 su temporada de invierno con propuestas culturales y deportivas"},"content":{"rendered":"<p>Villa Carlos Paz se prepara para recibir a visitantes de todo el pa\u00eds con su esperada temporada de invierno bajo el lema &nbsp;<em>\u201cTomate unos d\u00edas, Villa Carlos Paz te espera\u201d.<\/em><\/p>\n<p>La ciudad tur\u00edstica cordobesa present\u00f3 este jueves 19 una propuesta que promete una experiencia invernal diferenciadora, combinando una variada agenda cultural y deportiva con los tradicionales servicios de alta calidad en hoteler\u00eda, gastronom\u00eda, entretenimiento y su c\u00e1lida hospitalidad que caracterizan a la ciudad.<\/p>\n<p>El intendente Esteban Avil\u00e9s junto al secretario de Turismo, Sebasti\u00e1n Boldrini; y el presidente de la Agencia C\u00f3rdoba Turismo, Dar\u00edo Capitani, encabezaron la presentaci\u00f3n, que cont\u00f3 adem\u00e1s con la presencia de autoridades de Bancor, de instituciones intermedias, de la Asociaci\u00f3n Hotelera, C\u00e1mara de Turismo, empresarios de la ciudad y prestadores tur\u00edsticos de distintos rubros.<\/p>\n<p><strong>Beneficios especiales<\/strong><\/p>\n<p>La ciudad ofrecer\u00e1 promociones de 3\u00d72 en hoteler\u00eda y hasta 15% de descuentos en gastronom\u00eda, cuyos establecimientos adheridos podr\u00e1n consultarse en la web: <\/p>\n<p>Los turistas podr\u00e1n disfrutar de una nutrida agenda cultural que incluir\u00e1 espect\u00e1culos teatrales, conciertos, exposiciones art\u00edsticas y eventos comunitarios.<\/p>\n<p>\u201cCarlos Paz tiene una fortaleza a diferencia de otros destinos: una comunidad que trabaja de manera conjunta. Siempre buscamos fomentar las inversiones en la ciudad a nivel tur\u00edstico. Somos una ciudad vigente que sabe pero que sigue aprendiendo para tener un producto de invierno de un nivel muy importante en el plano nacional. Hoy tenemos la capacidad de gestionar el turismo familiar y eso es lo que estamos haciendo\u201d afirm\u00f3 el Intendente Esteban Avil\u00e9s.<\/p>\n<p><strong><em>Calendario de eventos \u201cInvierno 2025\u201d<\/em><\/strong><\/p>\n<p>Los espect\u00e1culos teatrales, atractivos naturales y culturales, se complementan esta Temporada de Invierno 2025 con un nutrido calendario de eventos para que disfruten turistas y vecinos.<\/p>\n<p>En este sentido, la m\u00fasica, el deporte y la cultura a trav\u00e9s de distintas presentaciones, son los protagonistas de las siguientes actividades programadas para este mes de julio 2025:<\/p>\n<p><strong>Todo el mes:<\/strong><\/p>\n<p>Feria de artesanos. Alem y Las Heras y Costanera y Puente Centenario. 14 a 22 hs.<\/p>\n<p>Mercado de Microemprendedores. Costanera Bernardo D\u00b4 Elia. Desde las 14 hs.<\/p>\n<p><strong>Viernes 4 de julio:<\/strong><\/p>\n<p>Expoarte Tour 2025. Espacio M\u00f3naco.<\/p>\n<p><strong>S\u00e1bado 5 de julio:<\/strong><\/p>\n<p>Olimp\u00edadas Bomberiles. Parque de Asistencia.&nbsp; 8 a 18 hs.<\/p>\n<p>Certamen de Danzas \u201cC\u00f3rdoba Danza 2025\u201d. Teatro Luxor.<\/p>\n<p>1\u00ba Torneo de gimnasia art\u00edstica. Estadio Arena. 10 hs.<\/p>\n<p>Ascenso nocturno a la Cruz. Base del Cerro. 16:45 hs.<\/p>\n<p>Expoarte Tour 2025. Espacio M\u00f3naco.<\/p>\n<p>Ciclo Cultural \u201cSensaciones de invierno\u201d con la Orquesta Sinf\u00f3nica Municipal \u201cRelato Sinf\u00f3nico de invierno\u201d. Auditorio Municipal 20:30 hs.<\/p>\n<p><strong>Domingo 6 de julio:<\/strong><\/p>\n<p>Olimp\u00edadas Bomberiles. Parque de Asistencia.&nbsp; 8 a 18 hs.<\/p>\n<p>Expoarte Tour 2025. Espacio M\u00f3naco.<\/p>\n<p><strong>Jueves 10 de julio:<\/strong><\/p>\n<p>Astroturismo. Jornada de divulgaci\u00f3n y observaci\u00f3n. Aula Ambiental (Los Cerros y Rep\u00fablica Argentina). 20 hs.<\/p>\n<p><strong>Viernes 11 de julio:<\/strong><\/p>\n<p>Senderismo urbano. Salida desde Parque Estancia La Quinta. 10 hs.<\/p>\n<p>Ciclo de artes esc\u00e9nicas \u201cPara el fr\u00edo con amor\u201d (narraci\u00f3n oral, teatro, circo, t\u00edteres, m\u00fasica y poes\u00eda). \u201cLos juegos de pluma, song y monet\u201d. Clown y m\u00fasica de Uduartes Producciones. Hotel Italia (9 de julio 155). 17 hs.<\/p>\n<p><strong>S\u00e1bado 12 de julio:<\/strong><\/p>\n<p>Visita guiada al Aula ambiental (Los Cerros y Rep\u00fablica Argentina).10 hs.<\/p>\n<p>Cafetear en Carlos Paz. Degustaciones y shows en vivo. Mr. Coffee.<\/p>\n<p>Ascenso nocturno a la Cruz. Base del Cerro. 16:45 hs.<\/p>\n<p>Ciclo de artes esc\u00e9nicas \u201cPara el fr\u00edo con amor\u201d (narraci\u00f3n oral, teatro, circo, t\u00edteres, m\u00fasica y poes\u00eda). \u201cFlorecer en canciones\u201d. D\u00fao Aromito en flor. Clown y m\u00fasica. Hotel Italia (9 de julio 155). 17 hs.<\/p>\n<p>Ciclo Cultural \u201cSensaciones de invierno\u201d con Profesores del Centro de educaci\u00f3n Musical y la Orquesta Sinf\u00f3nica Municipal y bailarines del departamento de Arte en Movimiento. \u201cDisco Funk\u201d. Auditorio Municipal. 20:30 hs.<\/p>\n<p>Torneo de acrobacias \u00e1reas \u201cF\u00e9nix y Ggdrasil. La final de los 9 mundos\u201d. Tela, Lyra y trapecio. Espacio M\u00f3naco.<\/p>\n<p><strong>Domingo 13 de julio:<\/strong><\/p>\n<p>Ciclo de artes esc\u00e9nicas \u201cPara el fr\u00edo con amor\u201d (narraci\u00f3n oral, teatro, circo, t\u00edteres, m\u00fasica y poes\u00eda). \u201cCuentos sin prisa para vivir entre risas\u201d. Elenco Jimecuenta, Andrea cuentera y Limara Ukmar. Hotel Italia (9 de julio 155). 17 hs.<\/p>\n<p>Ciclo Cultural \u201cSensaciones de invierno\u201d con Profesores del Centro de Educaci\u00f3n Musical y la Orquesta Sinf\u00f3nica Municipal y pista de baile a cargo del profesor Hugo Arag\u00f3n. \u201cTango Milonga\u201d. Auditorio Municipal. 20:30 hs.<\/p>\n<p>Torneo de acrobacias \u00e1reas \u201cF\u00e9nix y Ggdrasil. La final de los 9 mundos\u201d. Tela, Lyra y trapecio. Espacio M\u00f3naco.<\/p>\n<p><strong>Mi\u00e9rcoles 16 de julio:<\/strong><\/p>\n<p>Fiestas Patronales de Villa Carlos Paz.<\/p>\n<p>Misa en honor a Nuestra Se\u00f1ora del Carmen. Iglesia del Carmen. 15:30 hs.<\/p>\n<p>Procesi\u00f3n por las calles de la ciudad.16:30 hs.<\/p>\n<p>Desfile agrupaciones gauchas y cierre musical. Area c\u00e9ntrica.17:30 hs.<\/p>\n<p>Premiaci\u00f3n e Inauguraci\u00f3n del XXXIII Sal\u00f3n de artes visuales. Sal\u00f3n Rizzuto. 19:30 hs.<\/p>\n<p><strong>Jueves 17 de julio:<\/strong><\/p>\n<p>Ciclo de artes esc\u00e9nicas \u201cPara el fr\u00edo con amor\u201d (narraci\u00f3n oral, teatro, circo, t\u00edteres, m\u00fasica y poes\u00eda). \u201cHasta la sonrisa siempre\u201d. Compa\u00f1\u00eda Juli T\u00edteres. Hotel Italia (9 de julio 155). 17 hs.<\/p>\n<p>Astroturismo. Jornada de divulgaci\u00f3n y observaci\u00f3n. Aula Ambiental (Los Cerros y Rep\u00fablica Argentina). 20 hs.<\/p>\n<p><strong>Viernes 18 de julio:<\/strong><\/p>\n<p>Senderismo urbano. Salida desde Parque Estancia La Quinta. 10 hs.<\/p>\n<p>Ciclo de artes esc\u00e9nicas \u201cPara el fr\u00edo con amor\u201d (narraci\u00f3n oral, teatro, circo, t\u00edteres, m\u00fasica y poes\u00eda). \u201cIsip\u00f3\u201d. M\u00fasica y relatos de M\u00f3nica Sartori y M\u00f3nica Avaca. Hotel Italia (9 de julio 155). 17 hs.<\/p>\n<p><strong>S\u00e1bado 19 de julio:<\/strong><\/p>\n<p>Visita guiada al Aula ambiental (Los Cerros y Rep\u00fablica Argentina).10 hs.<\/p>\n<p>Exhibici\u00f3n de veh\u00edculos \u201cDrift Cba\u201d. Parque de Asistencia. 11 a 17 hs.<\/p>\n<p>Ascenso nocturno a la Cruz. Base del Cerro. 16:45 hs.<\/p>\n<p>Ciclo de artes esc\u00e9nicas \u201cPara el fr\u00edo con amor\u201d (narraci\u00f3n oral, teatro, circo, t\u00edteres, m\u00fasica y poes\u00eda). \u201c\u00bfC\u00f3mo se llama la obra?\u201d. Elenco concertado. Hotel Italia (9 de julio 155). 17 hs.<\/p>\n<p>Ciclo Cultural \u201cSensaciones de invierno\u201d con la Escuela Municipal de Circo. \u201cDivertirisas\u201d. Auditorio Municipal. 19 hs.<\/p>\n<p>Fiestas tem\u00e1ticas D\u00eda del amigo. Zebra disco, Keops disco y Khalama disco.<\/p>\n<p><strong>Jueves 24 de julio:<\/strong><\/p>\n<p>Astroturismo. Jornada de divulgaci\u00f3n y observaci\u00f3n. Aula Ambiental (Los Cerros y Rep\u00fablica Argentina). 20 hs.<\/p>\n<p><strong>Viernes 25 de Julio.<\/strong><\/p>\n<p>Senderismo urbano. Salida desde Parque Estancia La Quinta. 10 hs.<\/p>\n<p>2\u00ba Edici\u00f3n \u201cExpo Encuentro dulce\u201d de Pasteler\u00eda. Espacio M\u00f3naco.<\/p>\n<p><strong>S\u00e1bado 26 de julio:<\/strong><\/p>\n<p>Visita guiada al Aula ambiental (Los Cerros y Rep\u00fablica Argentina).10 hs.<\/p>\n<p>2\u00ba Edici\u00f3n \u201cExpo Encuentro dulce\u201d de Pasteler\u00eda. Espacio M\u00f3naco.<\/p>\n<p>Ascenso nocturno a la Cruz. Base del Cerro. 16:45 hs.<\/p>\n<p>Ciclo Cultural \u201cSensaciones de invierno\u201d con un Concierto Inmersivo 360\u00ba a cargo del Ensamble de vientos y percusi\u00f3n y la Orquesta de Cuerdas, elencos de la Orquesta Sinf\u00f3nica Municipal con un repertorio cl\u00e1sico y de los g\u00e9neros pop y rom\u00e1ntico. Auditorio Municipal. 20:30 hs.<\/p>\n<p>\u201cBestia Fighting Championship\u201d. Torneo de artes marciales mixtas. Keops Disco.<\/p>\n<p><strong>Domingo 27 de julio:<\/strong><\/p>\n<p>2\u00ba Edici\u00f3n \u201cExpo Encuentro dulce\u201d de Pasteler\u00eda. Espacio M\u00f3naco.<\/p>\n<p><strong>Martes 29 de julio:<\/strong><\/p>\n<p>Certamen de danzas \u201cDanza tu danza. Teatro Luxor.<\/p>\n<p><strong>Jueves 31 de julio al domingo 3 de agosto:<\/strong><\/p>\n<p>Fiesta Nacional de los abuelos. Espacio M\u00f3naco.<\/p>\n<p><strong>D<\/strong><strong><em>estacada cartelera teatral en vacaciones de invierno<\/em><\/strong><\/p>\n<p>La villa ofrece para estas vacaciones, una cartelera teatral de primera l\u00ednea, a la cual se siguen incorporando espect\u00e1culos:<\/p>\n<p><strong>Teatro del Lago&nbsp; (Belgrano 81<\/strong>): \u201cEl Bosque Encantado. Historia de Hielo 2\u201d. Espect\u00e1culo Infantil.<\/p>\n<p>Jueves 10 de julio. 17 hs.<\/p>\n<p>\u201cAventuras Mineras\u201d. Espect\u00e1culo infantil.<\/p>\n<p>Jueves 10 de julio. 19 hs.<\/p>\n<p><strong>Teatro Wo (9 de julio 70):<\/strong><strong> <\/strong>\u201cQuerido Diario\u201d. Show de stand up con Malena Guinzburg.<\/p>\n<p>Viernes 18 de julio. 22 hs.<\/p>\n<p><strong>Teatro del Sol (General Paz 250):<\/strong> \u201cFrida. Viva la vida\u201d. Espect\u00e1culo con&nbsp; Laura Azcurra.<\/p>\n<p>S\u00e1bado 9 de agosto. 21 hs.<\/p>\n<p><strong>Teatro Luxor (Av. Libertad 211):<\/strong> \u201cDime como te hablas y te dir\u00e9 cuanto te quieres\u201d. Obra con la conferencista Pilar Sordo.<\/p>\n<p>Jueves 14 de agosto. 20 hs.<\/p>\n<p><strong><em>Feria de Artesan\u00edas Edici\u00f3n Invierno<\/em><\/strong><\/p>\n<p>El tradicional Paseo de los Artesanos de la ciudad, ubicado en Las Heras y Leandro N. Alem y tambi\u00e9n en la costanera Bernardo D`Elia desde el puente peatonal, es otra de las opciones destacadas para turistas y vecinos en estas vacaciones de invierno.<\/p>\n<p>Durante el mes de julio, con la presencia de numerosos y variados stands, se abren las puertas de dicho paseo, en estos dos espacios.<\/p>\n<p>El horario previsto es de 14:30 a 21:30 horas, en la carpa calefaccionada a tal fin, dispuesta en Alem y Las Heras; y de 11 a 19 hs. en la feria dispuesta junto al puente del Centenario en la costanera, con gran variedad de propuestas y entrada libre y gratuita.<\/p>\n<p>La Asociaci\u00f3n de Artesanos Villa Carlos Paz, la Agrupaci\u00f3n Cultural Artesanos Independientes, Artesanos Unidos Carlos Paz y Artesanos Independientes son las agrupaciones que forman parte de dichas exposiciones.<\/p>\n<p><strong><em>Paseos gratuitos en vacaciones invernales<\/em><\/strong><\/p>\n<p><em>Parque Estancia La Quinta: la mejor opci\u00f3n<\/em><\/p>\n<p><em>al aire libre<\/em><\/p>\n<p>Otro atractivo tur\u00edstico que se suma a la oferta que Carlos Paz presenta para la Temporada Invernal 2025, son las visitas guiadas gratuitas al Parque Estancia La Quinta, un predio ubicado en barrio La Quinta (cercano al balneario El Fantasio) abierto de 9 a 19 hs., donde el Gobierno de la Ciudad revaloriz\u00f3 el patrimonio cultural y legado de los jesuitas y donde diariamente el visitante puede recorrer con gu\u00edas especializados parte de la obra realizada por esta congregaci\u00f3n.<\/p>\n<p>Gu\u00edas de turismo acompa\u00f1an a los turistas en un recorrido gratuito que comprende una hora de duraci\u00f3n a las 10, 11:30 y 14:30 hs., con un eje hist\u00f3rico y un eje religioso.<\/p>\n<p>Las visitas incluyen los siguientes lugares:<\/p>\n<p>Zona arqueol\u00f3gica: gliptodonte, morteros y conanas comunales abor\u00edgenes.<br \/>Antigua cantera de minerales.<\/p>\n<p>Balc\u00f3n sobre el r\u00edo San Antonio.<\/p>\n<p>Senderos con flora y fauna aut\u00f3ctona.<\/p>\n<p>Museo Arqueol\u00f3gico Numba Charava con una muestra de m\u00e1s de 1000 piezas.<\/p>\n<p>El predio cuenta con cinco hect\u00e1reas de especies arb\u00f3reas (cedros, cipreses y pinos) plantadas por los jesuitas y otras congregaciones; y vegetaci\u00f3n t\u00edpica del bosque serrano como algarrobos, cha\u00f1ares, talas y espinillos que se pueden reconocer a trav\u00e9s de senderos de interpretaci\u00f3n.<\/p>\n<p><em>Talleres para ni\u00f1os y grandes en el Museo Numba Charava<\/em><em><\/em><\/p>\n<p>En el marco de las actividades que Carlos Paz presenta en estas vacaciones de invierno, el Museo Arqueol\u00f3gico Numba Charava&nbsp; a cargo de la Fundaci\u00f3n Esmeraldo Ledda, ubicado en el Parque Estancia La Quinta, invita a turistas y vecinos a distintos talleres y actividades.<\/p>\n<p>Algunas de las opciones disponibles son: \u201cLeer la tierra\u201d (taller de excavaci\u00f3n arqueol\u00f3gica did\u00e1ctica), \u201ccon la sencillez de la tierra cocida\u201d (proceso de modelado en arcilla), \u201ccon la calidez dela lana en la mano\u201d, \u201ccolores de la tierra\u201d (taller de pintura con guardas nativas y pintura rupestre) y taller de biodiversidad.<\/p>\n<p>Esta propuesta, con entrada libre y gratuita, se desarrolla del lunes 7 al viernes 18 de julio a las 12:30 hs. los talleres pueden variar de acuerdo al tiempo.<\/p>\n<figure class=\"wp-block-image size-large\"><a href=\"http:\/\/cordobadirecto.com\/wp-content\/uploads\/2025\/06\/villa-carlos-paz-lanzo-su-temporada-de-invierno-con-propuestas-culturales-y-deportivas-4.png\"><img loading=\"lazy\" decoding=\"async\" width=\"1024\" height=\"572\" src=\"http:\/\/cordobadirecto.com\/wp-content\/uploads\/2025\/06\/villa-carlos-paz-lanzo-su-temporada-de-invierno-con-propuestas-culturales-y-deportivas.png\" alt class=\"wp-image-10434\" srcset=\"http:\/\/cordobadirecto.com\/wp-content\/uploads\/2025\/06\/villa-carlos-paz-lanzo-su-temporada-de-invierno-con-propuestas-culturales-y-deportivas.png 1024w, http:\/\/cordobadirecto.com\/wp-content\/uploads\/2025\/06\/villa-carlos-paz-lanzo-su-temporada-de-invierno-con-propuestas-culturales-y-deportivas-1.png 300w, http:\/\/cordobadirecto.com\/wp-content\/uploads\/2025\/06\/villa-carlos-paz-lanzo-su-temporada-de-invierno-con-propuestas-culturales-y-deportivas-2.png 768w, http:\/\/cordobadirecto.com\/wp-content\/uploads\/2025\/06\/villa-carlos-paz-lanzo-su-temporada-de-invierno-con-propuestas-culturales-y-deportivas-3.png 1536w, http:\/\/cordobadirecto.com\/wp-content\/uploads\/2025\/06\/villa-carlos-paz-lanzo-su-temporada-de-invierno-con-propuestas-culturales-y-deportivas-4.png 1823w\" sizes=\"(max-width: 1024px) 100vw, 1024px\"><\/a><\/figure>\n","protected":false},"excerpt":{"rendered":"<p>Villa Carlos Paz se prepara para recibir a visitantes de todo el pa\u00eds con su esperada temporada de invierno bajo el lema &nbsp;\u201cTomate unos d\u00edas, Villa Carlos Paz te espera\u201d. La ciudad tur\u00edstica cordobesa present\u00f3 este jueves 19 una propuesta que promete una experiencia invernal diferenciadora, combinando una variada agenda cultural y deportiva con los [&hellip;]<\/p>\n","protected":false},"author":1,"featured_media":168956,"comment_status":"closed","ping_status":"closed","sticky":false,"template":"","format":"standard","meta":[],"categories":[22],"tags":[],"_links":{"self":[{"href":"http:\/\/cordobadirecto.com\/index.php\/wp-json\/wp\/v2\/posts\/168955"}],"collection":[{"href":"http:\/\/cordobadirecto.com\/index.php\/wp-json\/wp\/v2\/posts"}],"about":[{"href":"http:\/\/cordobadirecto.com\/index.php\/wp-json\/wp\/v2\/types\/post"}],"author":[{"embeddable":true,"href":"http:\/\/cordobadirecto.com\/index.php\/wp-json\/wp\/v2\/users\/1"}],"replies":[{"embeddable":true,"href":"http:\/\/cordobadirecto.com\/index.php\/wp-json\/wp\/v2\/comments?post=168955"}],"version-history":[{"count":0,"href":"http:\/\/cordobadirecto.com\/index.php\/wp-json\/wp\/v2\/posts\/168955\/revisions"}],"wp:featuredmedia":[{"embeddable":true,"href":"http:\/\/cordobadirecto.com\/index.php\/wp-json\/wp\/v2\/media\/168956"}],"wp:attachment":[{"href":"http:\/\/cordobadirecto.com\/index.php\/wp-json\/wp\/v2\/media?parent=168955"}],"wp:term":[{"taxonomy":"category","embeddable":true,"href":"http:\/\/cordobadirecto.com\/index.php\/wp-json\/wp\/v2\/categories?post=168955"},{"taxonomy":"post_tag","embeddable":true,"href":"http:\/\/cordobadirecto.com\/index.php\/wp-json\/wp\/v2\/tags?post=168955"}],"curies":[{"name":"wp","href":"https:\/\/api.w.org\/{rel}","templated":true}]}}