{"id":168962,"date":"2025-06-21T14:56:59","date_gmt":"2025-06-21T14:56:59","guid":{"rendered":"http:\/\/cordobadirecto.com\/index.php\/2025\/06\/21\/comenzaron-a-plantarse-los-200-arboles-nativos-de-la-nueva-plaza-del-concejo-deliberante\/"},"modified":"2025-06-21T14:56:59","modified_gmt":"2025-06-21T14:56:59","slug":"comenzaron-a-plantarse-los-200-arboles-nativos-de-la-nueva-plaza-del-concejo-deliberante","status":"publish","type":"post","link":"http:\/\/cordobadirecto.com\/index.php\/2025\/06\/21\/comenzaron-a-plantarse-los-200-arboles-nativos-de-la-nueva-plaza-del-concejo-deliberante\/","title":{"rendered":"Comenzaron a plantarse los 200 \u00e1rboles nativos de la <b>nueva<\/b> plaza del Concejo Deliberante"},"content":{"rendered":"<p>Ciudad Amiga del Ambiente, Secretar\u00eda de Ambiente y <b>Econom\u00eda<\/b> Circular &#8230; Con esta <b>nueva<\/b> plaza <b>C\u00f3rdoba<\/b> Capital suma un pulm\u00f3n verde en una zona&nbsp;&#8230; <\/p>\n","protected":false},"excerpt":{"rendered":"<p>Ciudad Amiga del Ambiente, Secretar\u00eda de Ambiente y Econom\u00eda Circular &#8230; Con esta nueva plaza C\u00f3rdoba Capital suma un pulm\u00f3n verde en una zona&nbsp;&#8230;<\/p>\n","protected":false},"author":1,"featured_media":0,"comment_status":"closed","ping_status":"closed","sticky":false,"template":"","format":"standard","meta":[],"categories":[40],"tags":[],"_links":{"self":[{"href":"http:\/\/cordobadirecto.com\/index.php\/wp-json\/wp\/v2\/posts\/168962"}],"collection":[{"href":"http:\/\/cordobadirecto.com\/index.php\/wp-json\/wp\/v2\/posts"}],"about":[{"href":"http:\/\/cordobadirecto.com\/index.php\/wp-json\/wp\/v2\/types\/post"}],"author":[{"embeddable":true,"href":"http:\/\/cordobadirecto.com\/index.php\/wp-json\/wp\/v2\/users\/1"}],"replies":[{"embeddable":true,"href":"http:\/\/cordobadirecto.com\/index.php\/wp-json\/wp\/v2\/comments?post=168962"}],"version-history":[{"count":0,"href":"http:\/\/cordobadirecto.com\/index.php\/wp-json\/wp\/v2\/posts\/168962\/revisions"}],"wp:attachment":[{"href":"http:\/\/cordobadirecto.com\/index.php\/wp-json\/wp\/v2\/media?parent=168962"}],"wp:term":[{"taxonomy":"category","embeddable":true,"href":"http:\/\/cordobadirecto.com\/index.php\/wp-json\/wp\/v2\/categories?post=168962"},{"taxonomy":"post_tag","embeddable":true,"href":"http:\/\/cordobadirecto.com\/index.php\/wp-json\/wp\/v2\/tags?post=168962"}],"curies":[{"name":"wp","href":"https:\/\/api.w.org\/{rel}","templated":true}]}}