{"id":168999,"date":"2025-06-21T20:40:45","date_gmt":"2025-06-21T20:40:45","guid":{"rendered":"https:\/\/www.ole.com.ar\/autos\/otto-fritzler-clasificacion-tc-turismo-carretera-posadas-hora-carrera-ver_0_Pr3UKsdEfJ.html"},"modified":"2025-06-21T20:40:45","modified_gmt":"2025-06-21T20:40:45","slug":"otto-fritzler-se-quedo-con-la-clasificacion-del-tc-en-posadas-a-que-hora-son-las-carreras-y-donde-se-podran-ver","status":"publish","type":"post","link":"http:\/\/cordobadirecto.com\/index.php\/2025\/06\/21\/otto-fritzler-se-quedo-con-la-clasificacion-del-tc-en-posadas-a-que-hora-son-las-carreras-y-donde-se-podran-ver\/","title":{"rendered":"Otto Fritzler se qued\u00f3 con la clasificaci\u00f3n del TC en Posadas: a qu\u00e9 hora son las carreras y d\u00f3nde se podr\u00e1n ver"},"content":{"rendered":"<p><time class=\"createDate\" datetime=\"2025-06-21T17:40:45-03:00\">21\/06\/2025 17:40hs.<\/time><\/p>\n<div id=\"storyBody\">\n<div class=\"custom-text \" readability=\"40.920552677029\">\n<p>La mirada de Mat\u00edas Rossi al final de la vuelta de <strong>Otto Fritzler<\/strong> lo dec\u00eda todo. Ve\u00eda que su compa\u00f1ero del Pradecon Racing bajaba los tiempos, que se ve\u00eda fuerte y que picaba para arrebatarle la pole position del <strong><a href=\"https:\/\/www.ole.com.ar\/tema\/turismo-carretera.html\" title=\"Turismo Carretera\" alt=\"Turismo Carretera\" class=\"slug\">Turismo Carretera en Posadas<\/a><\/strong>. Una vez cruzada la l\u00ednea de meta, eso se consum\u00f3, pero el Misil no termin\u00f3 amargado. Contento por su coequiper, le dio un abrazo fuerte en el podio,<strong> en tanto que el poleman qued\u00f3 al borde del llanto<\/strong>: dentro del auto, gritos y exabruptos, y una vez abajo, la emoci\u00f3n por su segundo #1 sabatino y por la mochila que pudo sacarse. <\/p>\n<\/div>\n<div class=\"custom-text \" readability=\"43\">\n<p>&#8220;Estoy muy contento, de verdad, fue un desahogo muy grande. Ven\u00eda teniendo un mal a\u00f1o, sobre todo malas clasificaciones, pero viste c\u00f3mo es&#8230;<strong> Ten\u00eda esa espina adentro y quer\u00eda sac\u00e1rmela<\/strong>&#8220;, dijo el pibe de 22 a\u00f1os, quien vol\u00f3 a bordo del Camry, marc\u00f3 un tiempo de 1m30s596 y qued\u00f3 0s122 por encima de Rossi y 0s234 por delante de Agust\u00edn Canapino (Chevrolet), los que liderar\u00e1n las series restantes.<\/p>\n<\/div>\n<div class=\"sc-e7b891c4-0 ifHnQL image-embed\"><img alt=\"Otto Fritzler largar\u00e1 adelante en la primera serie. (@Pradeconracing \/ Germ\u00e1n Alt - Julieta Palma)\" loading=\"lazy\" width=\"720\" height=\"100\" decoding=\"async\" data-nimg=\"1\" src=\"http:\/\/cordobadirecto.com\/wp-content\/uploads\/2025\/06\/otto-fritzler-se-quedo-con-la-clasificacion-del-tc-en-posadas-a-que-hora-son-las-carreras-y-donde-se-podran-ver.jpg\"><span class=\"epigraphe\">Otto Fritzler largar\u00e1 adelante en la primera serie. (@Pradeconracing \/ Germ\u00e1n Alt &#8211; Julieta Palma)<\/span><\/div>\n<div class=\"custom-text \" readability=\"42\">\n<p>Al explicar qu\u00e9 lo apesadumbraba, Fritzler coment\u00f3: &#8220;<strong>Los resultados te hacen dudar de vos mismo.<\/strong> Ven\u00eda del primer a\u00f1o de TC, que ganaba series, hac\u00eda pole, y no se me daba&#8230; A partir de hoy voy a clasificarme y correr m\u00e1s tranquilo, ven\u00eda con una presi\u00f3n muy grande encima. <strong>Eso es lo que m\u00e1s festejo, sacarme esa presi\u00f3n<\/strong>&#8220;. Para hacerla completita, tendr\u00e1 que estar despabilado en la largada de la primera bater\u00eda&#8230;<\/p>\n<\/div>\n<p><h2>A qu\u00e9 hora correr\u00e1 el TC en Posadas y d\u00f3nde se podr\u00e1 ver<\/h2>\n<\/p>\n<div class=\"custom-text \" readability=\"43\">\n<p>Este domingo, en un Aut\u00f3dromo Ciudad de Posadas repleto,<strong> la actividad del TC se inaugurar\u00e1 con las tres series<\/strong>: la primera, a las 10.05hs; la segunda, a las 10.30, y la tercera, a las 10.55. Finalmente, <strong>a partir de las 13.30, se correr\u00e1 la final<\/strong> (a 25 vueltas o 50 minutos). Toda la actividad ser\u00e1 transmitida por <strong>TV P\u00fablica<\/strong>.<\/p>\n<\/div>\n<div class=\"sc-e7b891c4-0 ifHnQL image-embed\"><img alt=\"Otto Fritzler dijo que se sac\u00f3 un peso muy grande. (@Pradeconracing \/ Germ\u00e1n Alt - Julieta Palma)\" loading=\"lazy\" width=\"720\" height=\"100\" decoding=\"async\" data-nimg=\"1\" src=\"http:\/\/cordobadirecto.com\/wp-content\/uploads\/2025\/06\/otto-fritzler-se-quedo-con-la-clasificacion-del-tc-en-posadas-a-que-hora-son-las-carreras-y-donde-se-podran-ver-1.jpg\"><span class=\"epigraphe\">Otto Fritzler dijo que se sac\u00f3 un peso muy grande. (@Pradeconracing \/ Germ\u00e1n Alt &#8211; Julieta Palma)<\/span><\/div>\n<div class=\"sc-a7166897-0 eoLsBE\" readability=\"6\">\n<section readability=\"2\"><picture><img alt=\"Moto3 en Mugello: Perrone fue penalizado y saldr\u00e1 desde el fondo\" loading=\"lazy\" width=\"290\" height=\"290\" decoding=\"async\" data-nimg=\"1\" src=\"http:\/\/cordobadirecto.com\/wp-content\/uploads\/2025\/06\/otto-fritzler-se-quedo-con-la-clasificacion-del-tc-en-posadas-a-que-hora-son-las-carreras-y-donde-se-podran-ver-2.jpg\"><\/picture>\n<p><span>Mir\u00e1 tambi\u00e9n<\/span><\/p>\n<hr>\n<h3>Moto3 en Mugello: Perrone fue penalizado y saldr\u00e1 desde el fondo<\/h3>\n<\/p>\n<\/section>\n<\/div>\n<div class=\"sc-a7166897-0 eoLsBE\" readability=\"6.5\">\n<section readability=\"3\"><picture><img alt=\"De qu\u00e9 se trata la pel\u00edcula de la F1, con Brad Pitt como piloto veterano\" loading=\"lazy\" width=\"290\" height=\"290\" decoding=\"async\" data-nimg=\"1\" src=\"http:\/\/cordobadirecto.com\/wp-content\/uploads\/2025\/06\/otto-fritzler-se-quedo-con-la-clasificacion-del-tc-en-posadas-a-que-hora-son-las-carreras-y-donde-se-podran-ver-3.jpg\"><\/picture>\n<p><span>Mir\u00e1 tambi\u00e9n<\/span><\/p>\n<hr>\n<h3>De qu\u00e9 se trata la pel\u00edcula de la F1, con Brad Pitt como piloto veterano<\/h3>\n<\/p>\n<\/section>\n<\/div>\n<div class=\"sc-a7166897-0 eoLsBE\" readability=\"7\">\n<section readability=\"4\"><picture><img alt=\"Para la F\u00f3rmula 1, Franco Colapinto corri\u00f3 bien y Alpine fue uno de los perdedores del \u00faltimo Gran Premio\" loading=\"lazy\" width=\"290\" height=\"290\" decoding=\"async\" data-nimg=\"1\" src=\"http:\/\/cordobadirecto.com\/wp-content\/uploads\/2025\/06\/otto-fritzler-se-quedo-con-la-clasificacion-del-tc-en-posadas-a-que-hora-son-las-carreras-y-donde-se-podran-ver-4.jpg\"><\/picture>\n<p><span>Mir\u00e1 tambi\u00e9n<\/span><\/p>\n<hr>\n<h3>Para la F\u00f3rmula 1, Franco Colapinto corri\u00f3 bien y Alpine fue uno de los perdedores del \u00faltimo Gran Premio<\/h3>\n<\/p>\n<\/section>\n<\/div>\n<div class=\"sc-a7166897-0 eoLsBE\" readability=\"6\">\n<section readability=\"2\"><picture><img alt=\"Los mejores memes de Franco Colapinto en la premiere de la pel\u00edcula de la F1\" loading=\"lazy\" width=\"290\" height=\"290\" decoding=\"async\" data-nimg=\"1\" src=\"http:\/\/cordobadirecto.com\/wp-content\/uploads\/2025\/06\/otto-fritzler-se-quedo-con-la-clasificacion-del-tc-en-posadas-a-que-hora-son-las-carreras-y-donde-se-podran-ver-5.jpg\"><\/picture>\n<p><span>Mir\u00e1 tambi\u00e9n<\/span><\/p>\n<hr>\n<h3>Los mejores memes de Franco Colapinto en la premiere de la pel\u00edcula de la F1<\/h3>\n<\/p>\n<\/section>\n<\/div>\n<\/div>\n","protected":false},"excerpt":{"rendered":"<p>21\/06\/2025 17:40hs. La mirada de Mat\u00edas Rossi al final de la vuelta de Otto Fritzler lo dec\u00eda todo. Ve\u00eda que su compa\u00f1ero del Pradecon Racing bajaba los tiempos, que se ve\u00eda fuerte y que picaba para arrebatarle la pole position del Turismo Carretera en Posadas. Una vez cruzada la l\u00ednea de meta, eso se consum\u00f3, [&hellip;]<\/p>\n","protected":false},"author":1,"featured_media":169000,"comment_status":"closed","ping_status":"closed","sticky":false,"template":"","format":"standard","meta":[],"categories":[21],"tags":[],"_links":{"self":[{"href":"http:\/\/cordobadirecto.com\/index.php\/wp-json\/wp\/v2\/posts\/168999"}],"collection":[{"href":"http:\/\/cordobadirecto.com\/index.php\/wp-json\/wp\/v2\/posts"}],"about":[{"href":"http:\/\/cordobadirecto.com\/index.php\/wp-json\/wp\/v2\/types\/post"}],"author":[{"embeddable":true,"href":"http:\/\/cordobadirecto.com\/index.php\/wp-json\/wp\/v2\/users\/1"}],"replies":[{"embeddable":true,"href":"http:\/\/cordobadirecto.com\/index.php\/wp-json\/wp\/v2\/comments?post=168999"}],"version-history":[{"count":0,"href":"http:\/\/cordobadirecto.com\/index.php\/wp-json\/wp\/v2\/posts\/168999\/revisions"}],"wp:featuredmedia":[{"embeddable":true,"href":"http:\/\/cordobadirecto.com\/index.php\/wp-json\/wp\/v2\/media\/169000"}],"wp:attachment":[{"href":"http:\/\/cordobadirecto.com\/index.php\/wp-json\/wp\/v2\/media?parent=168999"}],"wp:term":[{"taxonomy":"category","embeddable":true,"href":"http:\/\/cordobadirecto.com\/index.php\/wp-json\/wp\/v2\/categories?post=168999"},{"taxonomy":"post_tag","embeddable":true,"href":"http:\/\/cordobadirecto.com\/index.php\/wp-json\/wp\/v2\/tags?post=168999"}],"curies":[{"name":"wp","href":"https:\/\/api.w.org\/{rel}","templated":true}]}}